{"id":38393,"date":"2025-12-10T15:06:17","date_gmt":"2025-12-10T18:06:17","guid":{"rendered":"https:\/\/www.paudalho.pe.gov.br\/portal\/?p=38393"},"modified":"2025-12-10T15:06:17","modified_gmt":"2025-12-10T18:06:17","slug":"paudalho-inaugura-casa-de-justica-e-cidadania-e-amplia-acesso-da-populacao-a-servicos-juridicos","status":"publish","type":"post","link":"https:\/\/www.paudalho.pe.gov.br\/portal\/paudalho-inaugura-casa-de-justica-e-cidadania-e-amplia-acesso-da-populacao-a-servicos-juridicos\/","title":{"rendered":"Paudalho inaugura Casa de Justi\u00e7a e Cidadania e amplia acesso da popula\u00e7\u00e3o a servi\u00e7os jur\u00eddicos"},"content":{"rendered":"\n<p>Paudalho d\u00e1 mais um importante passo na amplia\u00e7\u00e3o do acesso \u00e0 justi\u00e7a com a inaugura\u00e7\u00e3o da Casa de Justi\u00e7a e Cidadania, realizada nesta quarta-feira (10), no Centro da cidade. O novo equipamento passa a oferecer \u00e0 popula\u00e7\u00e3o servi\u00e7os essenciais de orienta\u00e7\u00e3o jur\u00eddica, concilia\u00e7\u00e3o e media\u00e7\u00e3o de conflitos, fortalecendo a cidadania e garantindo mais dignidade, acolhimento e efici\u00eancia no atendimento.<\/p>\n\n\n\n<p>A iniciativa \u00e9 resultado de uma parceria entre o Tribunal de Justi\u00e7a de Pernambuco (TJPE) e a Prefeitura do Paudalho, que apoiou a implanta\u00e7\u00e3o do espa\u00e7o, reafirmando o compromisso da gest\u00e3o municipal com pol\u00edticas p\u00fablicas voltadas \u00e0 garantia de direitos, \u00e0 inclus\u00e3o social e \u00e0 promo\u00e7\u00e3o da justi\u00e7a para todos.<\/p>\n\n\n\n<p>A Casa de Justi\u00e7a e Cidadania funcionar\u00e1 como um ambiente de escuta, di\u00e1logo e resolu\u00e7\u00e3o pac\u00edfica de conflitos, oferecendo servi\u00e7os como media\u00e7\u00e3o e concilia\u00e7\u00e3o, orienta\u00e7\u00e3o jur\u00eddica \u00e0 popula\u00e7\u00e3o, atendimento do N\u00facleo Permanente de M\u00e9todos Consensuais de Solu\u00e7\u00e3o de Conflitos (NUPEMEC), entre outras a\u00e7\u00f5es que contribuem para a redu\u00e7\u00e3o da judicializa\u00e7\u00e3o e para a constru\u00e7\u00e3o de solu\u00e7\u00f5es mais r\u00e1pidas, eficazes e humanizadas.<\/p>\n\n\n\n<p>Com a inaugura\u00e7\u00e3o da unidade, os moradores de Paudalho passam a contar com um atendimento jur\u00eddico mais pr\u00f3ximo e acess\u00edvel, evitando deslocamentos para outros munic\u00edpios e facilitando o acesso a servi\u00e7os que impactam diretamente a vida das fam\u00edlias. O equipamento tamb\u00e9m fortalece a cultura da paz, do di\u00e1logo e da resolu\u00e7\u00e3o consensual de conflitos.<\/p>\n\n\n\n<p>A Prefeitura do Paudalho ressalta que a implanta\u00e7\u00e3o da Casa de Justi\u00e7a e Cidadania representa mais um avan\u00e7o na constru\u00e7\u00e3o de uma cidade que cuida das pessoas, investe em parcerias institucionais e trabalha de forma cont\u00ednua para assegurar direitos, cidadania e mais qualidade de vida para toda a popula\u00e7\u00e3o.<\/p>\n\n\n\n<figure class=\"wp-block-image size-large\"><img loading=\"lazy\" decoding=\"async\" width=\"800\" height=\"450\" data-attachment-id=\"38401\" data-permalink=\"https:\/\/www.paudalho.pe.gov.br\/portal\/paudalho-inaugura-casa-de-justica-e-cidadania-e-amplia-acesso-da-populacao-a-servicos-juridicos\/img_5804\/\" data-orig-file=\"https:\/\/www.paudalho.pe.gov.br\/portal\/wp-content\/uploads\/2025\/12\/IMG_5804.jpg\" data-orig-size=\"1620,1080\" data-comments-opened=\"1\" data-image-meta=\"{&quot;aperture&quot;:&quot;2.8&quot;,&quot;credit&quot;:&quot;&quot;,&quot;camera&quot;:&quot;Canon EOS RP&quot;,&quot;caption&quot;:&quot;&quot;,&quot;created_timestamp&quot;:&quot;1765365737&quot;,&quot;copyright&quot;:&quot;&quot;,&quot;focal_length&quot;:&quot;35&quot;,&quot;iso&quot;:&quot;125&quot;,&quot;shutter_speed&quot;:&quot;0.008&quot;,&quot;title&quot;:&quot;&quot;,&quot;orientation&quot;:&quot;0&quot;}\" data-image-title=\"IMG_5804\" data-image-description=\"\" data-image-caption=\"\" data-medium-file=\"https:\/\/www.paudalho.pe.gov.br\/portal\/wp-content\/uploads\/2025\/12\/IMG_5804-350x230.jpg\" data-large-file=\"https:\/\/www.paudalho.pe.gov.br\/portal\/wp-content\/uploads\/2025\/12\/IMG_5804-800x450.jpg\" src=\"https:\/\/www.paudalho.pe.gov.br\/portal\/wp-content\/uploads\/2025\/12\/IMG_5804-800x450.jpg\" alt=\"\" class=\"wp-image-38401\"\/><\/figure>\n\n\n\n<figure class=\"wp-block-image size-large\"><img loading=\"lazy\" decoding=\"async\" width=\"800\" height=\"450\" data-attachment-id=\"38400\" data-permalink=\"https:\/\/www.paudalho.pe.gov.br\/portal\/paudalho-inaugura-casa-de-justica-e-cidadania-e-amplia-acesso-da-populacao-a-servicos-juridicos\/img_5847\/\" data-orig-file=\"https:\/\/www.paudalho.pe.gov.br\/portal\/wp-content\/uploads\/2025\/12\/IMG_5847.jpg\" data-orig-size=\"1620,1080\" data-comments-opened=\"1\" data-image-meta=\"{&quot;aperture&quot;:&quot;2.8&quot;,&quot;credit&quot;:&quot;&quot;,&quot;camera&quot;:&quot;Canon EOS RP&quot;,&quot;caption&quot;:&quot;&quot;,&quot;created_timestamp&quot;:&quot;1765366129&quot;,&quot;copyright&quot;:&quot;&quot;,&quot;focal_length&quot;:&quot;35&quot;,&quot;iso&quot;:&quot;640&quot;,&quot;shutter_speed&quot;:&quot;0.001&quot;,&quot;title&quot;:&quot;&quot;,&quot;orientation&quot;:&quot;0&quot;}\" data-image-title=\"IMG_5847\" data-image-description=\"\" data-image-caption=\"\" data-medium-file=\"https:\/\/www.paudalho.pe.gov.br\/portal\/wp-content\/uploads\/2025\/12\/IMG_5847-350x230.jpg\" data-large-file=\"https:\/\/www.paudalho.pe.gov.br\/portal\/wp-content\/uploads\/2025\/12\/IMG_5847-800x450.jpg\" src=\"https:\/\/www.paudalho.pe.gov.br\/portal\/wp-content\/uploads\/2025\/12\/IMG_5847-800x450.jpg\" alt=\"\" class=\"wp-image-38400\"\/><\/figure>\n\n\n\n<figure class=\"wp-block-image size-large\"><img loading=\"lazy\" decoding=\"async\" width=\"800\" height=\"450\" data-attachment-id=\"38398\" data-permalink=\"https:\/\/www.paudalho.pe.gov.br\/portal\/paudalho-inaugura-casa-de-justica-e-cidadania-e-amplia-acesso-da-populacao-a-servicos-juridicos\/img_5870\/\" data-orig-file=\"https:\/\/www.paudalho.pe.gov.br\/portal\/wp-content\/uploads\/2025\/12\/IMG_5870.jpg\" data-orig-size=\"1620,1080\" data-comments-opened=\"1\" data-image-meta=\"{&quot;aperture&quot;:&quot;2.8&quot;,&quot;credit&quot;:&quot;&quot;,&quot;camera&quot;:&quot;Canon EOS RP&quot;,&quot;caption&quot;:&quot;&quot;,&quot;created_timestamp&quot;:&quot;1765366468&quot;,&quot;copyright&quot;:&quot;&quot;,&quot;focal_length&quot;:&quot;35&quot;,&quot;iso&quot;:&quot;200&quot;,&quot;shutter_speed&quot;:&quot;0.002&quot;,&quot;title&quot;:&quot;&quot;,&quot;orientation&quot;:&quot;0&quot;}\" data-image-title=\"IMG_5870\" data-image-description=\"\" data-image-caption=\"\" data-medium-file=\"https:\/\/www.paudalho.pe.gov.br\/portal\/wp-content\/uploads\/2025\/12\/IMG_5870-350x230.jpg\" data-large-file=\"https:\/\/www.paudalho.pe.gov.br\/portal\/wp-content\/uploads\/2025\/12\/IMG_5870-800x450.jpg\" src=\"https:\/\/www.paudalho.pe.gov.br\/portal\/wp-content\/uploads\/2025\/12\/IMG_5870-800x450.jpg\" alt=\"\" class=\"wp-image-38398\"\/><\/figure>\n\n\n\n<figure class=\"wp-block-image size-large\"><img loading=\"lazy\" decoding=\"async\" width=\"800\" height=\"450\" data-attachment-id=\"38397\" data-permalink=\"https:\/\/www.paudalho.pe.gov.br\/portal\/paudalho-inaugura-casa-de-justica-e-cidadania-e-amplia-acesso-da-populacao-a-servicos-juridicos\/img_5872\/\" data-orig-file=\"https:\/\/www.paudalho.pe.gov.br\/portal\/wp-content\/uploads\/2025\/12\/IMG_5872.jpg\" data-orig-size=\"1620,1080\" data-comments-opened=\"1\" data-image-meta=\"{&quot;aperture&quot;:&quot;2.8&quot;,&quot;credit&quot;:&quot;&quot;,&quot;camera&quot;:&quot;Canon EOS RP&quot;,&quot;caption&quot;:&quot;&quot;,&quot;created_timestamp&quot;:&quot;1765366475&quot;,&quot;copyright&quot;:&quot;&quot;,&quot;focal_length&quot;:&quot;35&quot;,&quot;iso&quot;:&quot;200&quot;,&quot;shutter_speed&quot;:&quot;0.002&quot;,&quot;title&quot;:&quot;&quot;,&quot;orientation&quot;:&quot;0&quot;}\" data-image-title=\"IMG_5872\" data-image-description=\"\" data-image-caption=\"\" data-medium-file=\"https:\/\/www.paudalho.pe.gov.br\/portal\/wp-content\/uploads\/2025\/12\/IMG_5872-350x230.jpg\" data-large-file=\"https:\/\/www.paudalho.pe.gov.br\/portal\/wp-content\/uploads\/2025\/12\/IMG_5872-800x450.jpg\" src=\"https:\/\/www.paudalho.pe.gov.br\/portal\/wp-content\/uploads\/2025\/12\/IMG_5872-800x450.jpg\" alt=\"\" class=\"wp-image-38397\"\/><\/figure>\n\n\n\n<figure class=\"wp-block-image size-large\"><img loading=\"lazy\" decoding=\"async\" width=\"800\" height=\"450\" data-attachment-id=\"38396\" data-permalink=\"https:\/\/www.paudalho.pe.gov.br\/portal\/paudalho-inaugura-casa-de-justica-e-cidadania-e-amplia-acesso-da-populacao-a-servicos-juridicos\/img_5877\/\" data-orig-file=\"https:\/\/www.paudalho.pe.gov.br\/portal\/wp-content\/uploads\/2025\/12\/IMG_5877.jpg\" data-orig-size=\"1620,1080\" data-comments-opened=\"1\" data-image-meta=\"{&quot;aperture&quot;:&quot;2.8&quot;,&quot;credit&quot;:&quot;&quot;,&quot;camera&quot;:&quot;Canon EOS RP&quot;,&quot;caption&quot;:&quot;&quot;,&quot;created_timestamp&quot;:&quot;1765366550&quot;,&quot;copyright&quot;:&quot;&quot;,&quot;focal_length&quot;:&quot;35&quot;,&quot;iso&quot;:&quot;800&quot;,&quot;shutter_speed&quot;:&quot;0.005&quot;,&quot;title&quot;:&quot;&quot;,&quot;orientation&quot;:&quot;0&quot;}\" data-image-title=\"IMG_5877\" data-image-description=\"\" data-image-caption=\"\" data-medium-file=\"https:\/\/www.paudalho.pe.gov.br\/portal\/wp-content\/uploads\/2025\/12\/IMG_5877-350x230.jpg\" data-large-file=\"https:\/\/www.paudalho.pe.gov.br\/portal\/wp-content\/uploads\/2025\/12\/IMG_5877-800x450.jpg\" src=\"https:\/\/www.paudalho.pe.gov.br\/portal\/wp-content\/uploads\/2025\/12\/IMG_5877-800x450.jpg\" alt=\"\" class=\"wp-image-38396\"\/><\/figure>\n\n\n\n<figure class=\"wp-block-image size-large\"><img loading=\"lazy\" decoding=\"async\" width=\"800\" height=\"450\" data-attachment-id=\"38395\" data-permalink=\"https:\/\/www.paudalho.pe.gov.br\/portal\/paudalho-inaugura-casa-de-justica-e-cidadania-e-amplia-acesso-da-populacao-a-servicos-juridicos\/img_5875\/\" data-orig-file=\"https:\/\/www.paudalho.pe.gov.br\/portal\/wp-content\/uploads\/2025\/12\/IMG_5875.jpg\" data-orig-size=\"1620,1080\" data-comments-opened=\"1\" data-image-meta=\"{&quot;aperture&quot;:&quot;2.8&quot;,&quot;credit&quot;:&quot;&quot;,&quot;camera&quot;:&quot;Canon EOS RP&quot;,&quot;caption&quot;:&quot;&quot;,&quot;created_timestamp&quot;:&quot;1765366520&quot;,&quot;copyright&quot;:&quot;&quot;,&quot;focal_length&quot;:&quot;35&quot;,&quot;iso&quot;:&quot;800&quot;,&quot;shutter_speed&quot;:&quot;0.01&quot;,&quot;title&quot;:&quot;&quot;,&quot;orientation&quot;:&quot;0&quot;}\" data-image-title=\"IMG_5875\" data-image-description=\"\" data-image-caption=\"\" data-medium-file=\"https:\/\/www.paudalho.pe.gov.br\/portal\/wp-content\/uploads\/2025\/12\/IMG_5875-350x230.jpg\" data-large-file=\"https:\/\/www.paudalho.pe.gov.br\/portal\/wp-content\/uploads\/2025\/12\/IMG_5875-800x450.jpg\" src=\"https:\/\/www.paudalho.pe.gov.br\/portal\/wp-content\/uploads\/2025\/12\/IMG_5875-800x450.jpg\" alt=\"\" class=\"wp-image-38395\"\/><\/figure>\n\n\n\n<figure class=\"wp-block-image size-large\"><img loading=\"lazy\" decoding=\"async\" width=\"800\" height=\"450\" data-attachment-id=\"38394\" data-permalink=\"https:\/\/www.paudalho.pe.gov.br\/portal\/paudalho-inaugura-casa-de-justica-e-cidadania-e-amplia-acesso-da-populacao-a-servicos-juridicos\/img_5874\/\" data-orig-file=\"https:\/\/www.paudalho.pe.gov.br\/portal\/wp-content\/uploads\/2025\/12\/IMG_5874.jpg\" data-orig-size=\"1620,1080\" data-comments-opened=\"1\" data-image-meta=\"{&quot;aperture&quot;:&quot;2.8&quot;,&quot;credit&quot;:&quot;&quot;,&quot;camera&quot;:&quot;Canon EOS RP&quot;,&quot;caption&quot;:&quot;&quot;,&quot;created_timestamp&quot;:&quot;1765366513&quot;,&quot;copyright&quot;:&quot;&quot;,&quot;focal_length&quot;:&quot;35&quot;,&quot;iso&quot;:&quot;800&quot;,&quot;shutter_speed&quot;:&quot;0.01&quot;,&quot;title&quot;:&quot;&quot;,&quot;orientation&quot;:&quot;0&quot;}\" data-image-title=\"IMG_5874\" data-image-description=\"\" data-image-caption=\"\" data-medium-file=\"https:\/\/www.paudalho.pe.gov.br\/portal\/wp-content\/uploads\/2025\/12\/IMG_5874-350x230.jpg\" data-large-file=\"https:\/\/www.paudalho.pe.gov.br\/portal\/wp-content\/uploads\/2025\/12\/IMG_5874-800x450.jpg\" src=\"https:\/\/www.paudalho.pe.gov.br\/portal\/wp-content\/uploads\/2025\/12\/IMG_5874-800x450.jpg\" alt=\"\" class=\"wp-image-38394\"\/><\/figure>\n","protected":false},"excerpt":{"rendered":"<p>Paudalho d\u00e1 mais um importante passo na amplia\u00e7\u00e3o do acesso \u00e0 justi\u00e7a com a inaugura\u00e7\u00e3o da Casa de Justi\u00e7a e Cidadania, realizada nesta quarta-feira (10), no Centro da cidade. O novo equipamento passa a oferecer \u00e0 popula\u00e7\u00e3o servi\u00e7os essenciais de orienta\u00e7\u00e3o jur\u00eddica, concilia\u00e7\u00e3o e media\u00e7\u00e3o de conflitos, fortalecendo a cidadania e garantindo mais dignidade, acolhimento [&hellip;]<\/p>\n","protected":false},"author":20,"featured_media":38399,"comment_status":"open","ping_status":"open","sticky":false,"template":"","format":"standard","meta":{"_jetpack_newsletter_access":"","_jetpack_dont_email_post_to_subs":false,"_jetpack_newsletter_tier_id":0,"_jetpack_memberships_contains_paywalled_content":false,"_jetpack_memberships_contains_paid_content":false,"footnotes":""},"categories":[2,1],"tags":[],"class_list":["post-38393","post","type-post","status-publish","format-standard","has-post-thumbnail","hentry","category-destaque","category-noticias"],"jetpack_featured_media_url":"https:\/\/www.paudalho.pe.gov.br\/portal\/wp-content\/uploads\/2025\/12\/IMG_5860.jpg","jetpack_sharing_enabled":true,"jetpack_shortlink":"https:\/\/wp.me\/p98mS2-9Zf","_links":{"self":[{"href":"https:\/\/www.paudalho.pe.gov.br\/portal\/wp-json\/wp\/v2\/posts\/38393","targetHints":{"allow":["GET"]}}],"collection":[{"href":"https:\/\/www.paudalho.pe.gov.br\/portal\/wp-json\/wp\/v2\/posts"}],"about":[{"href":"https:\/\/www.paudalho.pe.gov.br\/portal\/wp-json\/wp\/v2\/types\/post"}],"author":[{"embeddable":true,"href":"https:\/\/www.paudalho.pe.gov.br\/portal\/wp-json\/wp\/v2\/users\/20"}],"replies":[{"embeddable":true,"href":"https:\/\/www.paudalho.pe.gov.br\/portal\/wp-json\/wp\/v2\/comments?post=38393"}],"version-history":[{"count":1,"href":"https:\/\/www.paudalho.pe.gov.br\/portal\/wp-json\/wp\/v2\/posts\/38393\/revisions"}],"predecessor-version":[{"id":38402,"href":"https:\/\/www.paudalho.pe.gov.br\/portal\/wp-json\/wp\/v2\/posts\/38393\/revisions\/38402"}],"wp:featuredmedia":[{"embeddable":true,"href":"https:\/\/www.paudalho.pe.gov.br\/portal\/wp-json\/wp\/v2\/media\/38399"}],"wp:attachment":[{"href":"https:\/\/www.paudalho.pe.gov.br\/portal\/wp-json\/wp\/v2\/media?parent=38393"}],"wp:term":[{"taxonomy":"category","embeddable":true,"href":"https:\/\/www.paudalho.pe.gov.br\/portal\/wp-json\/wp\/v2\/categories?post=38393"},{"taxonomy":"post_tag","embeddable":true,"href":"https:\/\/www.paudalho.pe.gov.br\/portal\/wp-json\/wp\/v2\/tags?post=38393"}],"curies":[{"name":"wp","href":"https:\/\/api.w.org\/{rel}","templated":true}]}}