{"id":3826,"date":"2018-09-10T13:06:06","date_gmt":"2018-09-10T16:06:06","guid":{"rendered":"https:\/\/www.paudalho.pe.gov.br\/portal\/?p=3826"},"modified":"2018-09-10T14:19:05","modified_gmt":"2018-09-10T17:19:05","slug":"milhares-de-pessoas-participam-de-celebracao-da-independencia-do-brasil-em-paudalho","status":"publish","type":"post","link":"https:\/\/www.paudalho.pe.gov.br\/portal\/milhares-de-pessoas-participam-de-celebracao-da-independencia-do-brasil-em-paudalho\/","title":{"rendered":"Milhares de pessoas participam de celebra\u00e7\u00e3o da Independ\u00eancia do Brasil em Paudalho"},"content":{"rendered":"<p>Uma celebra\u00e7\u00e3o c\u00edvica da fam\u00edlia. Foi assim a solenidade do Desfile C\u00edvico do dia 7 de Setembro realizada pela Prefeitura do Paudalho na \u00faltima sexta-feira (7). Trinta e cinco unidades de ensino participaram do momento com apresenta\u00e7\u00f5es de bandas marciais que percorreram as principais ruas da cidade e tiveram concentra\u00e7\u00e3o no Parque de Eventos Beira-Rio.<\/p>\n<p>O padeiro Jos\u00e9 Isa\u00edas de 28 anos, acompanhou as filhas, as pequenas Julia e Karine de quatro anos que desfilaram. O paudalhense elogiou a programa\u00e7\u00e3o. \u201cEu achei muito bom, organizado, bonito e ainda teve um \u00f4nibus que pegou as crian\u00e7as. A seguran\u00e7a tamb\u00e9m foi muito boa\u201d, comentou.<\/p>\n<div id=\"attachment_3831\" style=\"width: 557px\" class=\"wp-caption alignnone\"><img loading=\"lazy\" decoding=\"async\" aria-describedby=\"caption-attachment-3831\" data-attachment-id=\"3831\" data-permalink=\"https:\/\/www.paudalho.pe.gov.br\/portal\/milhares-de-pessoas-participam-de-celebracao-da-independencia-do-brasil-em-paudalho\/img_9918\/\" data-orig-file=\"https:\/\/www.paudalho.pe.gov.br\/portal\/wp-content\/uploads\/2018\/09\/IMG_9918.jpg\" data-orig-size=\"5472,3072\" data-comments-opened=\"1\" data-image-meta=\"{&quot;aperture&quot;:&quot;3.5&quot;,&quot;credit&quot;:&quot;&quot;,&quot;camera&quot;:&quot;Canon EOS 6D&quot;,&quot;caption&quot;:&quot;&quot;,&quot;created_timestamp&quot;:&quot;1536344301&quot;,&quot;copyright&quot;:&quot;&quot;,&quot;focal_length&quot;:&quot;50&quot;,&quot;iso&quot;:&quot;8000&quot;,&quot;shutter_speed&quot;:&quot;0.0125&quot;,&quot;title&quot;:&quot;&quot;,&quot;orientation&quot;:&quot;1&quot;}\" data-image-title=\"IMG_9918\" data-image-description=\"\" data-image-caption=\"\" data-medium-file=\"https:\/\/www.paudalho.pe.gov.br\/portal\/wp-content\/uploads\/2018\/09\/IMG_9918-350x230.jpg\" data-large-file=\"https:\/\/www.paudalho.pe.gov.br\/portal\/wp-content\/uploads\/2018\/09\/IMG_9918-800x450.jpg\" class=\" wp-image-3831\" src=\"https:\/\/www.paudalho.pe.gov.br\/portal\/wp-content\/uploads\/2018\/09\/IMG_9918-350x230.jpg\" alt=\"\" width=\"547\" height=\"359\" \/><p id=\"caption-attachment-3831\" class=\"wp-caption-text\">Foto: Crist\u00f3v\u00e3o Neto\/PMP<\/p><\/div>\n<p>Ao se encontrar com a nossa reportagem, o pequeno Arthur de cinco anos n\u00e3o escondeu a euforia de participar do evento. \u201cMuito legal (sorriu a crian\u00e7a). Gostei muito das bandas\u201d, disse.<\/p>\n<div id=\"attachment_3832\" style=\"width: 560px\" class=\"wp-caption alignnone\"><img loading=\"lazy\" decoding=\"async\" aria-describedby=\"caption-attachment-3832\" data-attachment-id=\"3832\" data-permalink=\"https:\/\/www.paudalho.pe.gov.br\/portal\/milhares-de-pessoas-participam-de-celebracao-da-independencia-do-brasil-em-paudalho\/img_9939\/\" data-orig-file=\"https:\/\/www.paudalho.pe.gov.br\/portal\/wp-content\/uploads\/2018\/09\/IMG_9939.jpg\" data-orig-size=\"5472,3072\" data-comments-opened=\"1\" data-image-meta=\"{&quot;aperture&quot;:&quot;3.5&quot;,&quot;credit&quot;:&quot;&quot;,&quot;camera&quot;:&quot;Canon EOS 6D&quot;,&quot;caption&quot;:&quot;&quot;,&quot;created_timestamp&quot;:&quot;1536345432&quot;,&quot;copyright&quot;:&quot;&quot;,&quot;focal_length&quot;:&quot;50&quot;,&quot;iso&quot;:&quot;8000&quot;,&quot;shutter_speed&quot;:&quot;0.0125&quot;,&quot;title&quot;:&quot;&quot;,&quot;orientation&quot;:&quot;1&quot;}\" data-image-title=\"IMG_9939\" data-image-description=\"\" data-image-caption=\"&lt;p&gt;Foto: Crist\u00f3v\u00e3o Neto\/PMP&lt;br \/&gt;\nNa imagem, os alunos da Rede Municipal Arthur, Karine e J\u00falia.&lt;\/p&gt;\n\" data-medium-file=\"https:\/\/www.paudalho.pe.gov.br\/portal\/wp-content\/uploads\/2018\/09\/IMG_9939-350x230.jpg\" data-large-file=\"https:\/\/www.paudalho.pe.gov.br\/portal\/wp-content\/uploads\/2018\/09\/IMG_9939-800x450.jpg\" class=\" wp-image-3832\" src=\"https:\/\/www.paudalho.pe.gov.br\/portal\/wp-content\/uploads\/2018\/09\/IMG_9939-350x230.jpg\" alt=\"\" width=\"550\" height=\"361\" \/><p id=\"caption-attachment-3832\" class=\"wp-caption-text\">Foto: Crist\u00f3v\u00e3o Neto\/PMP<br \/>Na imagem, os alunos da Rede Municipal Arthur, Karine e J\u00falia.<\/p><\/div>\n<p>A programa\u00e7\u00e3o foi organizada pela Secretaria de Educa\u00e7\u00e3o em parceria com outras pastas municipais. O secret\u00e1rio de Educa\u00e7\u00e3o, Ednaldo Ernesto, destacou a grandiosidade do evento e a import\u00e2ncia dele para a popula\u00e7\u00e3o. \u201cN\u00f3s estamos muito felizes, primeiro pela grandiosidade do evento, segundo pelo brilhantismo das escolas que desfilaram em nosso Parque de Eventos Beira-Rio e estou muito feliz pelo trabalho realizado pelos t\u00e9cnicos, juntamente com outras secretarias que organizaram esse momento. \u00c9 um evento, acima de tudo, c\u00edvico e atrav\u00e9s do civismo se conhece o hino, a bandeira, as armas e, al\u00e9m do mais, atrav\u00e9s da postura se aprende a viver com democracia e fraternidade\u201d, explicou.<\/p>\n<div id=\"attachment_3833\" style=\"width: 560px\" class=\"wp-caption alignnone\"><img loading=\"lazy\" decoding=\"async\" aria-describedby=\"caption-attachment-3833\" data-attachment-id=\"3833\" data-permalink=\"https:\/\/www.paudalho.pe.gov.br\/portal\/milhares-de-pessoas-participam-de-celebracao-da-independencia-do-brasil-em-paudalho\/img_9912\/\" data-orig-file=\"https:\/\/www.paudalho.pe.gov.br\/portal\/wp-content\/uploads\/2018\/09\/IMG_9912.jpg\" data-orig-size=\"5472,3648\" data-comments-opened=\"1\" data-image-meta=\"{&quot;aperture&quot;:&quot;3.5&quot;,&quot;credit&quot;:&quot;&quot;,&quot;camera&quot;:&quot;Canon EOS 6D&quot;,&quot;caption&quot;:&quot;&quot;,&quot;created_timestamp&quot;:&quot;1536344003&quot;,&quot;copyright&quot;:&quot;&quot;,&quot;focal_length&quot;:&quot;50&quot;,&quot;iso&quot;:&quot;8000&quot;,&quot;shutter_speed&quot;:&quot;0.0125&quot;,&quot;title&quot;:&quot;&quot;,&quot;orientation&quot;:&quot;1&quot;}\" data-image-title=\"IMG_9912\" data-image-description=\"\" data-image-caption=\"&lt;p&gt;\u201c\u00c9 muito prazeroso, porque a gente sabe que a veia musical \u00e9 muito forte. Por isso n\u00f3s chamamos os diretores, conclamamos a popula\u00e7\u00e3o para esse desfile. E sempre \u00e9 certo o resultado, porque o que \u00e9 feito com amor e carinho sempre acontece\u201d, (Paula Marinho \u2013 Secretaria-Executiva de Educa\u00e7\u00e3o)&lt;\/p&gt;\n\" data-medium-file=\"https:\/\/www.paudalho.pe.gov.br\/portal\/wp-content\/uploads\/2018\/09\/IMG_9912-350x230.jpg\" data-large-file=\"https:\/\/www.paudalho.pe.gov.br\/portal\/wp-content\/uploads\/2018\/09\/IMG_9912-800x450.jpg\" class=\" wp-image-3833\" src=\"https:\/\/www.paudalho.pe.gov.br\/portal\/wp-content\/uploads\/2018\/09\/IMG_9912-350x230.jpg\" alt=\"\" width=\"550\" height=\"361\" \/><p id=\"caption-attachment-3833\" class=\"wp-caption-text\"><em>\u201c\u00c9 muito prazeroso, porque a gente sabe que a veia musical \u00e9 muito forte. Por isso n\u00f3s chamamos os diretores, conclamamos a popula\u00e7\u00e3o para esse desfile. E sempre \u00e9 certo o resultado, porque o que \u00e9 feito com amor e carinho sempre acontece\u201d,<\/em> (Paula Marinho \u2013 Secretaria-Executiva de Educa\u00e7\u00e3o)<\/p><\/div>\n<h2><strong>Civismo por todas as partes<\/strong><\/h2>\n<p>Com o objetivo de promover a consci\u00eancia cidad\u00e3 em toda Paudalho, a programa\u00e7\u00e3o tamb\u00e9m foi realizada no \u00faltimo domingo (9) na comunidade de Guadalajara. De acordo com a Secretaria de Educa\u00e7\u00e3o, outras localidades v\u00e3o receber a solenidade.<\/p>\n<p><strong>Confira um trecho no v\u00eddeo:\u00a0<\/strong><\/p>\n<div style=\"width: 640px;\" class=\"wp-video\"><!--[if lt IE 9]><script>document.createElement('video');<\/script><![endif]-->\n<video class=\"wp-video-shortcode\" id=\"video-3826-1\" width=\"640\" height=\"352\" preload=\"metadata\" controls=\"controls\"><source type=\"video\/mp4\" src=\"https:\/\/www.paudalho.pe.gov.br\/portal\/wp-content\/uploads\/2018\/09\/WhatsApp-Video-2018-09-09-at-19.45.35.mp4?_=1\" \/><a href=\"https:\/\/www.paudalho.pe.gov.br\/portal\/wp-content\/uploads\/2018\/09\/WhatsApp-Video-2018-09-09-at-19.45.35.mp4\">https:\/\/www.paudalho.pe.gov.br\/portal\/wp-content\/uploads\/2018\/09\/WhatsApp-Video-2018-09-09-at-19.45.35.mp4<\/a><\/video><\/div>\n<h2><strong>A Independ\u00eancia do Brasil<\/strong><\/h2>\n<p>No dia sete de setembro de 1822, Dom Pedro I proclamou oficialmente a independ\u00eancia do Brasil na regi\u00e3o do Rio Ipiranga e desde l\u00e1, todos os anos os brasileiros comemoram o epis\u00f3dio que ficou conhecido como o \u201cGrito do Ipiranga\u201d. Existem alguns relatos pouco conhecidos sobre esse evento que nessa reportagem vai mostrar a voc\u00ea.<\/p>\n<h2><strong>Papel fundamental de Maria Leopoldina<\/strong><\/h2>\n<p>Muita gente n\u00e3o sabe, mas uma das pessoas mais importantes no processo de independ\u00eancia do Brasil foi a esposa de Dom Pedro, a at\u00e9 ent\u00e3o princesa austr\u00edaca, Carolina Josefa Leopoldina Francisca Fernanda de Habsburgo-Lorena, nascida em Viena no ano de 1797. Leopoldina foi uma princesa de grande estrat\u00e9gia pol\u00edtica e por tr\u00e1s das \u201ccortinas\u201c, instru\u00eda o pr\u00edncipe nas decis\u00f5es do pa\u00eds.<\/p>\n<p>Por ser filha do imperador austr\u00edaco Francisco Primeiro da \u00c1ustria, Leopoldina tinha instru\u00e7\u00e3o pol\u00edtica que Dom Pedro s\u00f3 teve depois de mais velho. Em 1822, Dom Pedro viajou para S\u00e3o Paulo para apaziguar a pol\u00edtica e as revoltas que queriam Portugal dominando o Brasil. Leopoldina ficou como regente do pa\u00eds, e por esta raz\u00e3o, assinou o decreto de independ\u00eancia; coube a Pedro apenas proclamar. Com a proclama\u00e7\u00e3o, o Brasil passou a ser livre de Portugal e Dom Pedro I e Dona Leopoldina se tornaram Imperadores da Na\u00e7\u00e3o.<\/p>\n<h2><strong>Hino da Independ\u00eancia do Brasil<\/strong><\/h2>\n<p>A can\u00e7\u00e3o em homenagem ao evento foi musicalizada por D. Pedro I que segundo relatos tocava v\u00e1rios instrumentos e era compositor.\u00a0<strong>Confira:<\/strong><\/p>\n<p>Letra: Evaristo da Veiga<\/p>\n<p>M\u00fasica: D. Pedro I<\/p>\n<p><em>J\u00e1 podeis, da P\u00e1tria filhos,<br \/>\nVer contente a m\u00e3e gentil;<br \/>\nJ\u00e1 raiou a liberdade<br \/>\nNo horizonte do Brasil.<\/em><\/p>\n<p><em>Brava gente brasileira!<br \/>\nLonge v\u00e1\u2026 temor servil:<br \/>\nOu ficar a p\u00e1tria livre<br \/>\nOu morrer pelo Brasil.<\/em><\/p>\n<p><em>Os grilh\u00f5es que nos forjava<br \/>\nDa perf\u00eddia astuto ardil\u2026<br \/>\nHouve m\u00e3o mais poderosa:<br \/>\nZombou deles o Brasil.<\/em><\/p>\n<p><em>Brava gente brasileira!<br \/>\nLonge v\u00e1\u2026 temor servil:<br \/>\nOu ficar a p\u00e1tria livre<br \/>\nOu morrer pelo Brasil.<\/em><\/p>\n<p><em>N\u00e3o temais \u00edmpias falanges,<br \/>\nQue apresentam face hostil;<br \/>\nVossos peitos, vossos bra\u00e7os<br \/>\nS\u00e3o muralhas do Brasil.<\/em><\/p>\n<p><em>Brava gente brasileira!<br \/>\nLonge v\u00e1\u2026 temor servil:<br \/>\nOu ficar a p\u00e1tria livre<br \/>\nOu morrer pelo Brasil.<\/em><\/p>\n<p><em>Parab\u00e9ns, \u00f3 brasileiro,<br \/>\nJ\u00e1, com garbo varonil,<br \/>\nDo universo entre as na\u00e7\u00f5es<br \/>\nResplandece a do Brasil.<\/em><\/p>\n<p><em>Brava gente brasileira!<br \/>\nLonge v\u00e1\u2026 temor servil:<br \/>\nOu ficar a p\u00e1tria livre<br \/>\nOu morrer pelo Brasil.<\/em><\/p>\n<p>&nbsp;<\/p>\n<p>&nbsp;<\/p>\n<p>&nbsp;<\/p>\n<p>&nbsp;<\/p>\n","protected":false},"excerpt":{"rendered":"<p>Uma celebra\u00e7\u00e3o c\u00edvica da fam\u00edlia. Foi assim a solenidade do Desfile C\u00edvico do dia 7 de Setembro realizada pela Prefeitura do Paudalho na \u00faltima sexta-feira (7). Trinta e cinco unidades de ensino participaram do momento com apresenta\u00e7\u00f5es de bandas marciais que percorreram as principais ruas da cidade e tiveram concentra\u00e7\u00e3o no Parque de Eventos Beira-Rio. [&hellip;]<\/p>\n","protected":false},"author":4,"featured_media":3829,"comment_status":"open","ping_status":"open","sticky":false,"template":"","format":"standard","meta":{"_jetpack_newsletter_access":"","_jetpack_dont_email_post_to_subs":false,"_jetpack_newsletter_tier_id":0,"_jetpack_memberships_contains_paywalled_content":false,"_jetpack_memberships_contains_paid_content":false,"footnotes":""},"categories":[2],"tags":[30,22,109],"class_list":["post-3826","post","type-post","status-publish","format-standard","has-post-thumbnail","hentry","category-destaque","tag-educacao","tag-prefeitura-do-paudalho","tag-sete-de-setembro"],"jetpack_featured_media_url":"https:\/\/www.paudalho.pe.gov.br\/portal\/wp-content\/uploads\/2018\/09\/IMG_9977.jpg","jetpack_sharing_enabled":true,"jetpack_shortlink":"https:\/\/wp.me\/p98mS2-ZI","_links":{"self":[{"href":"https:\/\/www.paudalho.pe.gov.br\/portal\/wp-json\/wp\/v2\/posts\/3826","targetHints":{"allow":["GET"]}}],"collection":[{"href":"https:\/\/www.paudalho.pe.gov.br\/portal\/wp-json\/wp\/v2\/posts"}],"about":[{"href":"https:\/\/www.paudalho.pe.gov.br\/portal\/wp-json\/wp\/v2\/types\/post"}],"author":[{"embeddable":true,"href":"https:\/\/www.paudalho.pe.gov.br\/portal\/wp-json\/wp\/v2\/users\/4"}],"replies":[{"embeddable":true,"href":"https:\/\/www.paudalho.pe.gov.br\/portal\/wp-json\/wp\/v2\/comments?post=3826"}],"version-history":[{"count":6,"href":"https:\/\/www.paudalho.pe.gov.br\/portal\/wp-json\/wp\/v2\/posts\/3826\/revisions"}],"predecessor-version":[{"id":3838,"href":"https:\/\/www.paudalho.pe.gov.br\/portal\/wp-json\/wp\/v2\/posts\/3826\/revisions\/3838"}],"wp:featuredmedia":[{"embeddable":true,"href":"https:\/\/www.paudalho.pe.gov.br\/portal\/wp-json\/wp\/v2\/media\/3829"}],"wp:attachment":[{"href":"https:\/\/www.paudalho.pe.gov.br\/portal\/wp-json\/wp\/v2\/media?parent=3826"}],"wp:term":[{"taxonomy":"category","embeddable":true,"href":"https:\/\/www.paudalho.pe.gov.br\/portal\/wp-json\/wp\/v2\/categories?post=3826"},{"taxonomy":"post_tag","embeddable":true,"href":"https:\/\/www.paudalho.pe.gov.br\/portal\/wp-json\/wp\/v2\/tags?post=3826"}],"curies":[{"name":"wp","href":"https:\/\/api.w.org\/{rel}","templated":true}]}}