{"id":37831,"date":"2025-10-31T18:55:19","date_gmt":"2025-10-31T21:55:19","guid":{"rendered":"https:\/\/www.paudalho.pe.gov.br\/portal\/?p=37831"},"modified":"2025-10-31T18:55:19","modified_gmt":"2025-10-31T21:55:19","slug":"paudalho-assina-ordem-de-servico-para-construcao-do-novo-centro-de-artes-e-esportes-unificados-ceu-da-cultura","status":"publish","type":"post","link":"https:\/\/www.paudalho.pe.gov.br\/portal\/paudalho-assina-ordem-de-servico-para-construcao-do-novo-centro-de-artes-e-esportes-unificados-ceu-da-cultura\/","title":{"rendered":"Paudalho assina ordem de servi\u00e7o para constru\u00e7\u00e3o do novo Centro de Artes e Esportes Unificados (CEU da Cultura)"},"content":{"rendered":"\n<p>A Prefeitura do Paudalho deu mais um passo importante na amplia\u00e7\u00e3o do acesso \u00e0 cultura, ao esporte e \u00e0 educa\u00e7\u00e3o, com a assinatura da ordem de servi\u00e7o para a constru\u00e7\u00e3o do novo Centro de Artes e Esportes Unificados (CEU da Cultura).<\/p>\n\n\n\n<p>A solenidade foi realizada nesta quinta-feira (30), no Pal\u00e1cio do Campo das Princesas, sede do Governo de Pernambuco, e contou com a presen\u00e7a da prefeita Paulinha da Educa\u00e7\u00e3o e do secret\u00e1rio executivo municipal de Cultura, Lucas Barbosa.<\/p>\n\n\n\n<p>O CEU da Cultura ser\u00e1 um espa\u00e7o moderno e multifuncional, projetado para integrar diferentes linguagens art\u00edsticas e atividades comunit\u00e1rias. O local contar\u00e1 com biblioteca, est\u00fadio de grava\u00e7\u00e3o, sala multiuso e outros ambientes voltados \u00e0 forma\u00e7\u00e3o, conviv\u00eancia e incentivo \u00e0 produ\u00e7\u00e3o cultural. <\/p>\n\n\n\n<p>O equipamento tamb\u00e9m se tornar\u00e1 um ponto de encontro e oportunidades para a popula\u00e7\u00e3o, especialmente para as comunidades em situa\u00e7\u00e3o de vulnerabilidade social.<\/p>\n\n\n\n<p>O projeto integra o programa federal Territ\u00f3rios da Cultura, uma iniciativa conjunta entre os governos federal, estadual e municipal, voltada \u00e0 cria\u00e7\u00e3o de centros p\u00fablicos de pequeno e m\u00e9dio porte dedicados \u00e0 arte, cultura, esporte e cidadania.<\/p>\n\n\n\n<p>A implanta\u00e7\u00e3o do CEU da Cultura em Paudalho representa um marco hist\u00f3rico para o munic\u00edpio, reafirmando o compromisso da gest\u00e3o com uma pol\u00edtica cultural inclusiva, participativa e transformadora, que valoriza o acesso da popula\u00e7\u00e3o \u00e0s diversas express\u00f5es art\u00edsticas e sociais.<\/p>\n\n\n\n<figure class=\"wp-block-image size-large\"><img loading=\"lazy\" decoding=\"async\" width=\"800\" height=\"450\" data-attachment-id=\"37833\" data-permalink=\"https:\/\/www.paudalho.pe.gov.br\/portal\/paudalho-assina-ordem-de-servico-para-construcao-do-novo-centro-de-artes-e-esportes-unificados-ceu-da-cultura\/screenshot_20251031_185252_whatsapp\/\" data-orig-file=\"https:\/\/www.paudalho.pe.gov.br\/portal\/wp-content\/uploads\/2025\/10\/Screenshot_20251031_185252_WhatsApp-scaled.jpg\" data-orig-size=\"2560,1572\" data-comments-opened=\"1\" data-image-meta=\"{&quot;aperture&quot;:&quot;0&quot;,&quot;credit&quot;:&quot;&quot;,&quot;camera&quot;:&quot;&quot;,&quot;caption&quot;:&quot;&quot;,&quot;created_timestamp&quot;:&quot;0&quot;,&quot;copyright&quot;:&quot;&quot;,&quot;focal_length&quot;:&quot;0&quot;,&quot;iso&quot;:&quot;0&quot;,&quot;shutter_speed&quot;:&quot;0&quot;,&quot;title&quot;:&quot;&quot;,&quot;orientation&quot;:&quot;1&quot;}\" data-image-title=\"Screenshot_20251031_185252_WhatsApp\" data-image-description=\"\" data-image-caption=\"\" data-medium-file=\"https:\/\/www.paudalho.pe.gov.br\/portal\/wp-content\/uploads\/2025\/10\/Screenshot_20251031_185252_WhatsApp-350x230.jpg\" data-large-file=\"https:\/\/www.paudalho.pe.gov.br\/portal\/wp-content\/uploads\/2025\/10\/Screenshot_20251031_185252_WhatsApp-800x450.jpg\" src=\"https:\/\/www.paudalho.pe.gov.br\/portal\/wp-content\/uploads\/2025\/10\/Screenshot_20251031_185252_WhatsApp-800x450.jpg\" alt=\"\" class=\"wp-image-37833\"\/><\/figure>\n","protected":false},"excerpt":{"rendered":"<p>A Prefeitura do Paudalho deu mais um passo importante na amplia\u00e7\u00e3o do acesso \u00e0 cultura, ao esporte e \u00e0 educa\u00e7\u00e3o, com a assinatura da ordem de servi\u00e7o para a constru\u00e7\u00e3o do novo Centro de Artes e Esportes Unificados (CEU da Cultura). A solenidade foi realizada nesta quinta-feira (30), no Pal\u00e1cio do Campo das Princesas, sede [&hellip;]<\/p>\n","protected":false},"author":20,"featured_media":37832,"comment_status":"open","ping_status":"open","sticky":false,"template":"","format":"standard","meta":{"_jetpack_newsletter_access":"","_jetpack_dont_email_post_to_subs":false,"_jetpack_newsletter_tier_id":0,"_jetpack_memberships_contains_paywalled_content":false,"_jetpack_memberships_contains_paid_content":false,"footnotes":""},"categories":[1184,2,520,7,1],"tags":[],"class_list":["post-37831","post","type-post","status-publish","format-standard","has-post-thumbnail","hentry","category-cultura-2","category-destaque","category-educacao-2","category-esportes","category-noticias"],"jetpack_featured_media_url":"https:\/\/www.paudalho.pe.gov.br\/portal\/wp-content\/uploads\/2025\/10\/Screenshot_20251031_185326_WhatsApp.jpg","jetpack_sharing_enabled":true,"jetpack_shortlink":"https:\/\/wp.me\/p98mS2-9Qb","_links":{"self":[{"href":"https:\/\/www.paudalho.pe.gov.br\/portal\/wp-json\/wp\/v2\/posts\/37831","targetHints":{"allow":["GET"]}}],"collection":[{"href":"https:\/\/www.paudalho.pe.gov.br\/portal\/wp-json\/wp\/v2\/posts"}],"about":[{"href":"https:\/\/www.paudalho.pe.gov.br\/portal\/wp-json\/wp\/v2\/types\/post"}],"author":[{"embeddable":true,"href":"https:\/\/www.paudalho.pe.gov.br\/portal\/wp-json\/wp\/v2\/users\/20"}],"replies":[{"embeddable":true,"href":"https:\/\/www.paudalho.pe.gov.br\/portal\/wp-json\/wp\/v2\/comments?post=37831"}],"version-history":[{"count":1,"href":"https:\/\/www.paudalho.pe.gov.br\/portal\/wp-json\/wp\/v2\/posts\/37831\/revisions"}],"predecessor-version":[{"id":37834,"href":"https:\/\/www.paudalho.pe.gov.br\/portal\/wp-json\/wp\/v2\/posts\/37831\/revisions\/37834"}],"wp:featuredmedia":[{"embeddable":true,"href":"https:\/\/www.paudalho.pe.gov.br\/portal\/wp-json\/wp\/v2\/media\/37832"}],"wp:attachment":[{"href":"https:\/\/www.paudalho.pe.gov.br\/portal\/wp-json\/wp\/v2\/media?parent=37831"}],"wp:term":[{"taxonomy":"category","embeddable":true,"href":"https:\/\/www.paudalho.pe.gov.br\/portal\/wp-json\/wp\/v2\/categories?post=37831"},{"taxonomy":"post_tag","embeddable":true,"href":"https:\/\/www.paudalho.pe.gov.br\/portal\/wp-json\/wp\/v2\/tags?post=37831"}],"curies":[{"name":"wp","href":"https:\/\/api.w.org\/{rel}","templated":true}]}}