{"id":37823,"date":"2025-10-30T15:04:23","date_gmt":"2025-10-30T18:04:23","guid":{"rendered":"https:\/\/www.paudalho.pe.gov.br\/portal\/?p=37823"},"modified":"2025-10-30T15:04:23","modified_gmt":"2025-10-30T18:04:23","slug":"prefeitura-de-paudalho-oferece-curso-de-formacao-profissional-rural-em-parceria-com-o-senar","status":"publish","type":"post","link":"https:\/\/www.paudalho.pe.gov.br\/portal\/prefeitura-de-paudalho-oferece-curso-de-formacao-profissional-rural-em-parceria-com-o-senar\/","title":{"rendered":"Prefeitura de Paudalho oferece curso de Forma\u00e7\u00e3o Profissional Rural em parceria com o SENAR"},"content":{"rendered":"\n<p>A Prefeitura do Paudalho, por meio da Secretaria Municipal de Agricultura, em parceria com o Servi\u00e7o Nacional de Aprendizagem Rural (SENAR), est\u00e1 ofertando cursos de Forma\u00e7\u00e3o Profissional Rural (FPR) e Promo\u00e7\u00e3o Social (PS) para os trabalhadores e trabalhadoras do munic\u00edpio.<\/p>\n\n\n\n<p>As forma\u00e7\u00f5es abrangem capacita\u00e7\u00f5es t\u00e9cnicas e continuadas, com carga hor\u00e1ria de 80 horas-aula e certifica\u00e7\u00e3o reconhecida nacionalmente. Os cursos s\u00e3o oferecidos nos formatos presencial, a dist\u00e2ncia (EaD) e semipresencial, garantindo mais flexibilidade e acesso \u00e0 qualifica\u00e7\u00e3o profissional.<\/p>\n\n\n\n<p>A iniciativa visa estimular o desenvolvimento rural sustent\u00e1vel, fortalecer a produ\u00e7\u00e3o agr\u00edcola local e promover novas oportunidades de gera\u00e7\u00e3o de renda para a popula\u00e7\u00e3o paudalhense.<\/p>\n\n\n\n<p>Com a parceria entre a Prefeitura e o SENAR, os participantes ter\u00e3o acesso a conte\u00fados atualizados, pr\u00e1ticas de campo e acompanhamento t\u00e9cnico especializado, assegurando uma forma\u00e7\u00e3o de qualidade e alinhada \u00e0s demandas do setor produtivo rural.<\/p>\n\n\n\n<figure class=\"wp-block-image size-large\"><img loading=\"lazy\" decoding=\"async\" width=\"800\" height=\"450\" data-attachment-id=\"37826\" data-permalink=\"https:\/\/www.paudalho.pe.gov.br\/portal\/prefeitura-de-paudalho-oferece-curso-de-formacao-profissional-rural-em-parceria-com-o-senar\/img-20251030-wa0020\/\" data-orig-file=\"https:\/\/www.paudalho.pe.gov.br\/portal\/wp-content\/uploads\/2025\/10\/IMG-20251030-WA0020.jpg\" data-orig-size=\"1600,1200\" data-comments-opened=\"1\" data-image-meta=\"{&quot;aperture&quot;:&quot;0&quot;,&quot;credit&quot;:&quot;&quot;,&quot;camera&quot;:&quot;&quot;,&quot;caption&quot;:&quot;&quot;,&quot;created_timestamp&quot;:&quot;0&quot;,&quot;copyright&quot;:&quot;&quot;,&quot;focal_length&quot;:&quot;0&quot;,&quot;iso&quot;:&quot;0&quot;,&quot;shutter_speed&quot;:&quot;0&quot;,&quot;title&quot;:&quot;&quot;,&quot;orientation&quot;:&quot;0&quot;}\" data-image-title=\"IMG-20251030-WA0020\" data-image-description=\"\" data-image-caption=\"\" data-medium-file=\"https:\/\/www.paudalho.pe.gov.br\/portal\/wp-content\/uploads\/2025\/10\/IMG-20251030-WA0020-350x230.jpg\" data-large-file=\"https:\/\/www.paudalho.pe.gov.br\/portal\/wp-content\/uploads\/2025\/10\/IMG-20251030-WA0020-800x450.jpg\" src=\"https:\/\/www.paudalho.pe.gov.br\/portal\/wp-content\/uploads\/2025\/10\/IMG-20251030-WA0020-800x450.jpg\" alt=\"\" class=\"wp-image-37826\"\/><\/figure>\n\n\n\n<figure class=\"wp-block-image size-large\"><img loading=\"lazy\" decoding=\"async\" width=\"800\" height=\"450\" data-attachment-id=\"37825\" data-permalink=\"https:\/\/www.paudalho.pe.gov.br\/portal\/prefeitura-de-paudalho-oferece-curso-de-formacao-profissional-rural-em-parceria-com-o-senar\/img-20251030-wa0021\/\" data-orig-file=\"https:\/\/www.paudalho.pe.gov.br\/portal\/wp-content\/uploads\/2025\/10\/IMG-20251030-WA0021.jpg\" data-orig-size=\"1600,1200\" data-comments-opened=\"1\" data-image-meta=\"{&quot;aperture&quot;:&quot;0&quot;,&quot;credit&quot;:&quot;&quot;,&quot;camera&quot;:&quot;&quot;,&quot;caption&quot;:&quot;&quot;,&quot;created_timestamp&quot;:&quot;0&quot;,&quot;copyright&quot;:&quot;&quot;,&quot;focal_length&quot;:&quot;0&quot;,&quot;iso&quot;:&quot;0&quot;,&quot;shutter_speed&quot;:&quot;0&quot;,&quot;title&quot;:&quot;&quot;,&quot;orientation&quot;:&quot;0&quot;}\" data-image-title=\"IMG-20251030-WA0021\" data-image-description=\"\" data-image-caption=\"\" data-medium-file=\"https:\/\/www.paudalho.pe.gov.br\/portal\/wp-content\/uploads\/2025\/10\/IMG-20251030-WA0021-350x230.jpg\" data-large-file=\"https:\/\/www.paudalho.pe.gov.br\/portal\/wp-content\/uploads\/2025\/10\/IMG-20251030-WA0021-800x450.jpg\" src=\"https:\/\/www.paudalho.pe.gov.br\/portal\/wp-content\/uploads\/2025\/10\/IMG-20251030-WA0021-800x450.jpg\" alt=\"\" class=\"wp-image-37825\"\/><\/figure>\n","protected":false},"excerpt":{"rendered":"<p>A Prefeitura do Paudalho, por meio da Secretaria Municipal de Agricultura, em parceria com o Servi\u00e7o Nacional de Aprendizagem Rural (SENAR), est\u00e1 ofertando cursos de Forma\u00e7\u00e3o Profissional Rural (FPR) e Promo\u00e7\u00e3o Social (PS) para os trabalhadores e trabalhadoras do munic\u00edpio. As forma\u00e7\u00f5es abrangem capacita\u00e7\u00f5es t\u00e9cnicas e continuadas, com carga hor\u00e1ria de 80 horas-aula e certifica\u00e7\u00e3o [&hellip;]<\/p>\n","protected":false},"author":20,"featured_media":37824,"comment_status":"open","ping_status":"open","sticky":false,"template":"","format":"standard","meta":{"_jetpack_newsletter_access":"","_jetpack_dont_email_post_to_subs":false,"_jetpack_newsletter_tier_id":0,"_jetpack_memberships_contains_paywalled_content":false,"_jetpack_memberships_contains_paid_content":false,"footnotes":""},"categories":[1572,2,1,753],"tags":[],"class_list":["post-37823","post","type-post","status-publish","format-standard","has-post-thumbnail","hentry","category-agricultura","category-destaque","category-noticias","category-qualificacao-profissional"],"jetpack_featured_media_url":"https:\/\/www.paudalho.pe.gov.br\/portal\/wp-content\/uploads\/2025\/10\/IMG-20251030-WA0022.jpg","jetpack_sharing_enabled":true,"jetpack_shortlink":"https:\/\/wp.me\/p98mS2-9Q3","_links":{"self":[{"href":"https:\/\/www.paudalho.pe.gov.br\/portal\/wp-json\/wp\/v2\/posts\/37823","targetHints":{"allow":["GET"]}}],"collection":[{"href":"https:\/\/www.paudalho.pe.gov.br\/portal\/wp-json\/wp\/v2\/posts"}],"about":[{"href":"https:\/\/www.paudalho.pe.gov.br\/portal\/wp-json\/wp\/v2\/types\/post"}],"author":[{"embeddable":true,"href":"https:\/\/www.paudalho.pe.gov.br\/portal\/wp-json\/wp\/v2\/users\/20"}],"replies":[{"embeddable":true,"href":"https:\/\/www.paudalho.pe.gov.br\/portal\/wp-json\/wp\/v2\/comments?post=37823"}],"version-history":[{"count":1,"href":"https:\/\/www.paudalho.pe.gov.br\/portal\/wp-json\/wp\/v2\/posts\/37823\/revisions"}],"predecessor-version":[{"id":37827,"href":"https:\/\/www.paudalho.pe.gov.br\/portal\/wp-json\/wp\/v2\/posts\/37823\/revisions\/37827"}],"wp:featuredmedia":[{"embeddable":true,"href":"https:\/\/www.paudalho.pe.gov.br\/portal\/wp-json\/wp\/v2\/media\/37824"}],"wp:attachment":[{"href":"https:\/\/www.paudalho.pe.gov.br\/portal\/wp-json\/wp\/v2\/media?parent=37823"}],"wp:term":[{"taxonomy":"category","embeddable":true,"href":"https:\/\/www.paudalho.pe.gov.br\/portal\/wp-json\/wp\/v2\/categories?post=37823"},{"taxonomy":"post_tag","embeddable":true,"href":"https:\/\/www.paudalho.pe.gov.br\/portal\/wp-json\/wp\/v2\/tags?post=37823"}],"curies":[{"name":"wp","href":"https:\/\/api.w.org\/{rel}","templated":true}]}}