{"id":37773,"date":"2025-10-22T10:02:24","date_gmt":"2025-10-22T13:02:24","guid":{"rendered":"https:\/\/www.paudalho.pe.gov.br\/portal\/?p=37773"},"modified":"2025-10-22T10:02:24","modified_gmt":"2025-10-22T13:02:24","slug":"prefeitura-de-paudalho-publica-ata-da-eleicao-do-conselho-municipal-de-politica-cultural-cmpc-bienio-2025-2027","status":"publish","type":"post","link":"https:\/\/www.paudalho.pe.gov.br\/portal\/prefeitura-de-paudalho-publica-ata-da-eleicao-do-conselho-municipal-de-politica-cultural-cmpc-bienio-2025-2027\/","title":{"rendered":"Prefeitura de Paudalho publica Ata da Elei\u00e7\u00e3o do Conselho Municipal de Pol\u00edtica Cultural (CMPC) \u2013 Bi\u00eanio 2025\u20132027"},"content":{"rendered":"\n<p>A Prefeitura do Paudalho, por meio da Secretaria Municipal de Cultura e Turismo, torna p\u00fablica a Ata da Elei\u00e7\u00e3o do Conselho Municipal de Pol\u00edtica Cultural (CMPC), referente ao bi\u00eanio 2025\u20132027.<\/p>\n\n\n\n<p>O documento oficializa o processo eleitoral e a apura\u00e7\u00e3o dos votos para escolha dos(as) representantes da sociedade civil que ir\u00e3o compor o colegiado, em conformidade com o Edital de Chamamento n\u00ba 007\/2025.<\/p>\n\n\n\n<p>A elei\u00e7\u00e3o foi realizada de forma transparente e participativa, reafirmando o compromisso da gest\u00e3o municipal com a democratiza\u00e7\u00e3o das pol\u00edticas culturais e a amplia\u00e7\u00e3o dos espa\u00e7os de di\u00e1logo e controle social.<\/p>\n\n\n\n<p>A Ata da Elei\u00e7\u00e3o, devidamente assinada, est\u00e1 dispon\u00edvel em formato PDF no site oficial da Prefeitura e pode ser consultada tamb\u00e9m na Secretaria de Cultura e Turismo, localizada no Centro de Paudalho.<\/p>\n\n\n\n<p>Com essa publica\u00e7\u00e3o, a Prefeitura reafirma o compromisso de fortalecer a participa\u00e7\u00e3o social e promover uma gest\u00e3o cultural compartilhada, garantindo representatividade e constru\u00e7\u00e3o coletiva nas pol\u00edticas p\u00fablicas de cultura do munic\u00edpio.<\/p>\n\n\n\n<p>\ud83d\udcc4 Ata da Elei\u00e7\u00e3o dispon\u00edvel em PDF.<\/p>\n\n\n\n<div data-wp-interactive=\"core\/file\" class=\"wp-block-file\"><object data-wp-bind--hidden=\"!state.hasPdfPreview\" hidden class=\"wp-block-file__embed\" data=\"https:\/\/www.paudalho.pe.gov.br\/portal\/wp-content\/uploads\/2025\/10\/Ata-da-eleic\u0327a\u0303o-do-CMPC-assinada.pdf\" type=\"application\/pdf\" style=\"width:100%;height:600px\" aria-label=\"Incorporado de Ata da eleic\u0327a\u0303o do CMPC assinada.\"><\/object><a id=\"wp-block-file--media-865941c0-c086-4140-ae99-b69b476149fa\" href=\"https:\/\/www.paudalho.pe.gov.br\/portal\/wp-content\/uploads\/2025\/10\/Ata-da-eleic\u0327a\u0303o-do-CMPC-assinada.pdf\">Ata da eleic\u0327a\u0303o do CMPC assinada<\/a><a href=\"https:\/\/www.paudalho.pe.gov.br\/portal\/wp-content\/uploads\/2025\/10\/Ata-da-eleic\u0327a\u0303o-do-CMPC-assinada.pdf\" class=\"wp-block-file__button wp-element-button\" download aria-describedby=\"wp-block-file--media-865941c0-c086-4140-ae99-b69b476149fa\">Baixar<\/a><\/div>\n","protected":false},"excerpt":{"rendered":"<p>A Prefeitura do Paudalho, por meio da Secretaria Municipal de Cultura e Turismo, torna p\u00fablica a Ata da Elei\u00e7\u00e3o do Conselho Municipal de Pol\u00edtica Cultural (CMPC), referente ao bi\u00eanio 2025\u20132027. O documento oficializa o processo eleitoral e a apura\u00e7\u00e3o dos votos para escolha dos(as) representantes da sociedade civil que ir\u00e3o compor o colegiado, em conformidade [&hellip;]<\/p>\n","protected":false},"author":20,"featured_media":37775,"comment_status":"open","ping_status":"open","sticky":false,"template":"","format":"standard","meta":{"_jetpack_newsletter_access":"","_jetpack_dont_email_post_to_subs":false,"_jetpack_newsletter_tier_id":0,"_jetpack_memberships_contains_paywalled_content":false,"_jetpack_memberships_contains_paid_content":false,"footnotes":""},"categories":[1184,2,1],"tags":[],"class_list":["post-37773","post","type-post","status-publish","format-standard","has-post-thumbnail","hentry","category-cultura-2","category-destaque","category-noticias"],"jetpack_featured_media_url":"https:\/\/www.paudalho.pe.gov.br\/portal\/wp-content\/uploads\/2025\/10\/Screenshot_20251022_092405_Drive.jpg","jetpack_sharing_enabled":true,"jetpack_shortlink":"https:\/\/wp.me\/p98mS2-9Pf","_links":{"self":[{"href":"https:\/\/www.paudalho.pe.gov.br\/portal\/wp-json\/wp\/v2\/posts\/37773","targetHints":{"allow":["GET"]}}],"collection":[{"href":"https:\/\/www.paudalho.pe.gov.br\/portal\/wp-json\/wp\/v2\/posts"}],"about":[{"href":"https:\/\/www.paudalho.pe.gov.br\/portal\/wp-json\/wp\/v2\/types\/post"}],"author":[{"embeddable":true,"href":"https:\/\/www.paudalho.pe.gov.br\/portal\/wp-json\/wp\/v2\/users\/20"}],"replies":[{"embeddable":true,"href":"https:\/\/www.paudalho.pe.gov.br\/portal\/wp-json\/wp\/v2\/comments?post=37773"}],"version-history":[{"count":1,"href":"https:\/\/www.paudalho.pe.gov.br\/portal\/wp-json\/wp\/v2\/posts\/37773\/revisions"}],"predecessor-version":[{"id":37776,"href":"https:\/\/www.paudalho.pe.gov.br\/portal\/wp-json\/wp\/v2\/posts\/37773\/revisions\/37776"}],"wp:featuredmedia":[{"embeddable":true,"href":"https:\/\/www.paudalho.pe.gov.br\/portal\/wp-json\/wp\/v2\/media\/37775"}],"wp:attachment":[{"href":"https:\/\/www.paudalho.pe.gov.br\/portal\/wp-json\/wp\/v2\/media?parent=37773"}],"wp:term":[{"taxonomy":"category","embeddable":true,"href":"https:\/\/www.paudalho.pe.gov.br\/portal\/wp-json\/wp\/v2\/categories?post=37773"},{"taxonomy":"post_tag","embeddable":true,"href":"https:\/\/www.paudalho.pe.gov.br\/portal\/wp-json\/wp\/v2\/tags?post=37773"}],"curies":[{"name":"wp","href":"https:\/\/api.w.org\/{rel}","templated":true}]}}