{"id":37767,"date":"2025-10-20T23:21:01","date_gmt":"2025-10-21T02:21:01","guid":{"rendered":"https:\/\/www.paudalho.pe.gov.br\/portal\/?p=37767"},"modified":"2025-10-20T23:21:01","modified_gmt":"2025-10-21T02:21:01","slug":"prefeitura-de-paudalho-celebra-a-52a-festa-de-nossa-senhora-do-rosario-com-fe-cultura-e-tradicao","status":"publish","type":"post","link":"https:\/\/www.paudalho.pe.gov.br\/portal\/prefeitura-de-paudalho-celebra-a-52a-festa-de-nossa-senhora-do-rosario-com-fe-cultura-e-tradicao\/","title":{"rendered":"Prefeitura de Paudalho celebra a 52\u00aa Festa de Nossa Senhora do Ros\u00e1rio com f\u00e9, cultura e tradi\u00e7\u00e3o"},"content":{"rendered":"\n<p>\ud83c\udf39\u2728 A tradi\u00e7\u00e3o e a f\u00e9 continuam vivas em Rosarinho!Chegou a 52\u00aa Festa de Nossa Senhora do Ros\u00e1rio, rainha e padroeira do distrito, celebrando entre os dias 16 e 26 de outubro com muita devo\u00e7\u00e3o e alegria.<\/p>\n\n\n\n<p>E pra deixar tudo ainda mais especial, a programa\u00e7\u00e3o cultural promete momentos inesquec\u00edveis!<\/p>\n\n\n\n<p> \ud83d\udc83\ud83c\udfb6\ud83d\udcc5 24 de outubro \u2013 a partir das 20h<\/p>\n\n\n\n<p>\u27a1\ufe0f Banda Ess\u00eancia<\/p>\n\n\n\n<p>\u27a1\ufe0f Forr\u00f3 Caricias<\/p>\n\n\n\n<p>\u27a1\ufe0f Tocha<\/p>\n\n\n\n<p>\ud83d\udcc5 25 de outubro \u2013 a partir das 20h<\/p>\n\n\n\n<p>\u27a1\ufe0f Amanda Ferraz<\/p>\n\n\n\n<p>\u27a1\ufe0f Carina Lins<\/p>\n\n\n\n<p>\u27a1\ufe0f Felipe Farra<\/p>\n\n\n\n<p>Vem viver essa festa de f\u00e9, cultura e tradi\u00e7\u00e3o com a gente! \ud83d\ude4c<\/p>\n\n\n\n<p>Prefeitura do Paudalho \u2014 Construindo o futuro.<\/p>\n\n\n\n<p>Secretaria Municipal de Cultura e Turismo.<\/p>\n","protected":false},"excerpt":{"rendered":"<p>\ud83c\udf39\u2728 A tradi\u00e7\u00e3o e a f\u00e9 continuam vivas em Rosarinho!Chegou a 52\u00aa Festa de Nossa Senhora do Ros\u00e1rio, rainha e padroeira do distrito, celebrando entre os dias 16 e 26 de outubro com muita devo\u00e7\u00e3o e alegria. E pra deixar tudo ainda mais especial, a programa\u00e7\u00e3o cultural promete momentos inesquec\u00edveis! \ud83d\udc83\ud83c\udfb6\ud83d\udcc5 24 de outubro \u2013 [&hellip;]<\/p>\n","protected":false},"author":20,"featured_media":37768,"comment_status":"open","ping_status":"open","sticky":false,"template":"","format":"standard","meta":{"_jetpack_newsletter_access":"","_jetpack_dont_email_post_to_subs":false,"_jetpack_newsletter_tier_id":0,"_jetpack_memberships_contains_paywalled_content":false,"_jetpack_memberships_contains_paid_content":false,"footnotes":""},"categories":[6,2,1],"tags":[],"class_list":["post-37767","post","type-post","status-publish","format-standard","has-post-thumbnail","hentry","category-cultura","category-destaque","category-noticias"],"jetpack_featured_media_url":"https:\/\/www.paudalho.pe.gov.br\/portal\/wp-content\/uploads\/2025\/10\/IMG-20251020-WA0009.jpg","jetpack_sharing_enabled":true,"jetpack_shortlink":"https:\/\/wp.me\/p98mS2-9P9","_links":{"self":[{"href":"https:\/\/www.paudalho.pe.gov.br\/portal\/wp-json\/wp\/v2\/posts\/37767","targetHints":{"allow":["GET"]}}],"collection":[{"href":"https:\/\/www.paudalho.pe.gov.br\/portal\/wp-json\/wp\/v2\/posts"}],"about":[{"href":"https:\/\/www.paudalho.pe.gov.br\/portal\/wp-json\/wp\/v2\/types\/post"}],"author":[{"embeddable":true,"href":"https:\/\/www.paudalho.pe.gov.br\/portal\/wp-json\/wp\/v2\/users\/20"}],"replies":[{"embeddable":true,"href":"https:\/\/www.paudalho.pe.gov.br\/portal\/wp-json\/wp\/v2\/comments?post=37767"}],"version-history":[{"count":2,"href":"https:\/\/www.paudalho.pe.gov.br\/portal\/wp-json\/wp\/v2\/posts\/37767\/revisions"}],"predecessor-version":[{"id":37770,"href":"https:\/\/www.paudalho.pe.gov.br\/portal\/wp-json\/wp\/v2\/posts\/37767\/revisions\/37770"}],"wp:featuredmedia":[{"embeddable":true,"href":"https:\/\/www.paudalho.pe.gov.br\/portal\/wp-json\/wp\/v2\/media\/37768"}],"wp:attachment":[{"href":"https:\/\/www.paudalho.pe.gov.br\/portal\/wp-json\/wp\/v2\/media?parent=37767"}],"wp:term":[{"taxonomy":"category","embeddable":true,"href":"https:\/\/www.paudalho.pe.gov.br\/portal\/wp-json\/wp\/v2\/categories?post=37767"},{"taxonomy":"post_tag","embeddable":true,"href":"https:\/\/www.paudalho.pe.gov.br\/portal\/wp-json\/wp\/v2\/tags?post=37767"}],"curies":[{"name":"wp","href":"https:\/\/api.w.org\/{rel}","templated":true}]}}