{"id":37763,"date":"2025-10-20T15:40:38","date_gmt":"2025-10-20T18:40:38","guid":{"rendered":"https:\/\/www.paudalho.pe.gov.br\/portal\/?p=37763"},"modified":"2025-10-21T10:00:47","modified_gmt":"2025-10-21T13:00:47","slug":"prefeitura-de-paudalho-informa-ponto-facultativo-em-alusao-ao-dia-do-servidor-publico","status":"publish","type":"post","link":"https:\/\/www.paudalho.pe.gov.br\/portal\/prefeitura-de-paudalho-informa-ponto-facultativo-em-alusao-ao-dia-do-servidor-publico\/","title":{"rendered":"Prefeitura de Paudalho informa ponto facultativo em alus\u00e3o ao Dia do Servidor P\u00fablico"},"content":{"rendered":"\n<p>A Prefeitura do Paudalho informa que, em virtude da comemora\u00e7\u00e3o do Dia do Servidor P\u00fablico, ser\u00e1 ponto facultativo nas reparti\u00e7\u00f5es p\u00fablicas municipais na segunda-feira, 27 de outubro de 2025.<\/p>\n\n\n\n<p>A decis\u00e3o est\u00e1 prevista na Nota Informativa emitida pela Administra\u00e7\u00e3o Municipal e tem como objetivo valorizar os servidores p\u00fablicos, reconhecendo o papel essencial que desempenham na presta\u00e7\u00e3o de servi\u00e7os e no desenvolvimento da cidade.<\/p>\n\n\n\n<p>Durante o ponto facultativo, permanecem em funcionamento apenas os servi\u00e7os essenciais, como:<\/p>\n\n\n\n<p>\u2022 Urg\u00eancia e emerg\u00eancia m\u00e9dica;<\/p>\n\n\n\n<p>\u2022 Limpeza p\u00fablica;<\/p>\n\n\n\n<p>\u2022 Guarda Municipal e fiscaliza\u00e7\u00e3o de tr\u00e2nsito.<\/p>\n\n\n\n<p>As demais atividades retornar\u00e3o ao funcionamento normal na ter\u00e7a-feira, 28 de outubro.<\/p>\n\n\n\n<p>A Prefeitura de Paudalho refor\u00e7a o agradecimento e a valoriza\u00e7\u00e3o a todos os servidores, que com dedica\u00e7\u00e3o e compromisso contribuem diariamente para o crescimento e o bem-estar do munic\u00edpio.<\/p>\n\n\n\n<div data-wp-interactive=\"core\/file\" class=\"wp-block-file\"><object data-wp-bind--hidden=\"!state.hasPdfPreview\" hidden class=\"wp-block-file__embed\" data=\"https:\/\/www.paudalho.pe.gov.br\/portal\/wp-content\/uploads\/2025\/10\/Nota-Informativa-Ponto-Facultativo-Servidor-Pu\u0301blico.pdf\" type=\"application\/pdf\" style=\"width:100%;height:600px\" aria-label=\"Incorporado de Nota Informativa - Ponto Facultativo Servidor Pu\u0301blico.\"><\/object><a id=\"wp-block-file--media-33d96a24-ee65-4609-a2f6-71d1a55f4a4c\" href=\"https:\/\/www.paudalho.pe.gov.br\/portal\/wp-content\/uploads\/2025\/10\/Nota-Informativa-Ponto-Facultativo-Servidor-Pu\u0301blico.pdf\">Nota Informativa &#8211; Ponto Facultativo Servidor Pu\u0301blico<\/a><a href=\"https:\/\/www.paudalho.pe.gov.br\/portal\/wp-content\/uploads\/2025\/10\/Nota-Informativa-Ponto-Facultativo-Servidor-Pu\u0301blico.pdf\" class=\"wp-block-file__button wp-element-button\" download aria-describedby=\"wp-block-file--media-33d96a24-ee65-4609-a2f6-71d1a55f4a4c\">Baixar<\/a><\/div>\n","protected":false},"excerpt":{"rendered":"<p>A Prefeitura do Paudalho informa que, em virtude da comemora\u00e7\u00e3o do Dia do Servidor P\u00fablico, ser\u00e1 ponto facultativo nas reparti\u00e7\u00f5es p\u00fablicas municipais na segunda-feira, 27 de outubro de 2025. A decis\u00e3o est\u00e1 prevista na Nota Informativa emitida pela Administra\u00e7\u00e3o Municipal e tem como objetivo valorizar os servidores p\u00fablicos, reconhecendo o papel essencial que desempenham na [&hellip;]<\/p>\n","protected":false},"author":20,"featured_media":37765,"comment_status":"open","ping_status":"open","sticky":false,"template":"","format":"standard","meta":{"_jetpack_newsletter_access":"","_jetpack_dont_email_post_to_subs":false,"_jetpack_newsletter_tier_id":0,"_jetpack_memberships_contains_paywalled_content":false,"_jetpack_memberships_contains_paid_content":false,"footnotes":""},"categories":[2,1],"tags":[],"class_list":["post-37763","post","type-post","status-publish","format-standard","has-post-thumbnail","hentry","category-destaque","category-noticias"],"jetpack_featured_media_url":"https:\/\/www.paudalho.pe.gov.br\/portal\/wp-content\/uploads\/2025\/10\/Screenshot_20251020_153633_Drive.jpg","jetpack_sharing_enabled":true,"jetpack_shortlink":"https:\/\/wp.me\/p98mS2-9P5","_links":{"self":[{"href":"https:\/\/www.paudalho.pe.gov.br\/portal\/wp-json\/wp\/v2\/posts\/37763","targetHints":{"allow":["GET"]}}],"collection":[{"href":"https:\/\/www.paudalho.pe.gov.br\/portal\/wp-json\/wp\/v2\/posts"}],"about":[{"href":"https:\/\/www.paudalho.pe.gov.br\/portal\/wp-json\/wp\/v2\/types\/post"}],"author":[{"embeddable":true,"href":"https:\/\/www.paudalho.pe.gov.br\/portal\/wp-json\/wp\/v2\/users\/20"}],"replies":[{"embeddable":true,"href":"https:\/\/www.paudalho.pe.gov.br\/portal\/wp-json\/wp\/v2\/comments?post=37763"}],"version-history":[{"count":3,"href":"https:\/\/www.paudalho.pe.gov.br\/portal\/wp-json\/wp\/v2\/posts\/37763\/revisions"}],"predecessor-version":[{"id":37772,"href":"https:\/\/www.paudalho.pe.gov.br\/portal\/wp-json\/wp\/v2\/posts\/37763\/revisions\/37772"}],"wp:featuredmedia":[{"embeddable":true,"href":"https:\/\/www.paudalho.pe.gov.br\/portal\/wp-json\/wp\/v2\/media\/37765"}],"wp:attachment":[{"href":"https:\/\/www.paudalho.pe.gov.br\/portal\/wp-json\/wp\/v2\/media?parent=37763"}],"wp:term":[{"taxonomy":"category","embeddable":true,"href":"https:\/\/www.paudalho.pe.gov.br\/portal\/wp-json\/wp\/v2\/categories?post=37763"},{"taxonomy":"post_tag","embeddable":true,"href":"https:\/\/www.paudalho.pe.gov.br\/portal\/wp-json\/wp\/v2\/tags?post=37763"}],"curies":[{"name":"wp","href":"https:\/\/api.w.org\/{rel}","templated":true}]}}