{"id":37759,"date":"2025-10-17T17:18:49","date_gmt":"2025-10-17T20:18:49","guid":{"rendered":"https:\/\/www.paudalho.pe.gov.br\/portal\/?p=37759"},"modified":"2025-10-17T17:18:49","modified_gmt":"2025-10-17T20:18:49","slug":"prefeitura-de-paudalho-abre-inscricoes-para-cursos-gratuitos-em-parceria-com-o-senar","status":"publish","type":"post","link":"https:\/\/www.paudalho.pe.gov.br\/portal\/prefeitura-de-paudalho-abre-inscricoes-para-cursos-gratuitos-em-parceria-com-o-senar\/","title":{"rendered":"Prefeitura de Paudalho abre inscri\u00e7\u00f5es para cursos gratuitos em parceria com o SENAR"},"content":{"rendered":"\n<p>A Prefeitura do Paudalho, por meio da Secretaria Executiva de Desenvolvimento Econ\u00f4mico, Meio Ambiente e Qualifica\u00e7\u00e3o Profissional (SEDEMAQ), em parceria com o Servi\u00e7o Nacional de Aprendizagem Rural (SENAR), est\u00e1 oferecendo novas oportunidades de capacita\u00e7\u00e3o profissional gratuita para os paudalhenses.<\/p>\n\n\n\n<p>Nesta etapa, ser\u00e3o ofertados tr\u00eas cursos voltados ao fortalecimento do setor agr\u00edcola e \u00e0 manuten\u00e7\u00e3o urbana, com aulas te\u00f3ricas e pr\u00e1ticas. <\/p>\n\n\n\n<p>Confira as op\u00e7\u00f5es:<\/p>\n\n\n\n<p>\ud83d\ude9c Opera\u00e7\u00e3o e Manuten\u00e7\u00e3o de Tratores Agr\u00edcolas \u2013 Fundamentos T\u00e9cnicos e Pr\u00e1ticos\ud83d\udcc5 De 27 a 31 de outubro de 2025\u23f1\ufe0f Carga hor\u00e1ria: 40 horas | Dura\u00e7\u00e3o: 5 dias | Vagas: 12<\/p>\n\n\n\n<p>\ud83c\udf3f Jardinagem \u2013 Com \u00eanfase no Manejo de Podas\ud83d\udcc5 De 3 a 5 de novembro de 2025\u23f1\ufe0f Carga hor\u00e1ria: 24 horas | Dura\u00e7\u00e3o: 3 dias | Vagas: 12<\/p>\n\n\n\n<p>\ud83d\ude9c Opera\u00e7\u00e3o e Manuten\u00e7\u00e3o de Tratores Agr\u00edcolas \u2013 T\u00e9cnicas Aplicadas\ud83d\udcc5 De 24 a 28 de novembro de 2025\u23f1\ufe0f Carga hor\u00e1ria: 40 horas | Dura\u00e7\u00e3o: 5 dias | Vagas: 12<\/p>\n\n\n\n<p>\ud83d\udd57 Hor\u00e1rio das aulas: das 8h \u00e0s 17h <\/p>\n\n\n\n<p>As inscri\u00e7\u00f5es est\u00e3o abertas at\u00e9 o dia 21 de outubro, \u00e0s 15h, e devem ser realizadas presencialmente na Secretaria de Desenvolvimento Econ\u00f4mico, localizada no P\u00e1tio da Feira Livre, no Centro da cidade.<\/p>\n\n\n\n<p>Os cursos t\u00eam como objetivo gerar qualifica\u00e7\u00e3o profissional, ampliar oportunidades de emprego e promover o desenvolvimento sustent\u00e1vel do munic\u00edpio, fortalecendo o setor produtivo local e incentivando a profissionaliza\u00e7\u00e3o da popula\u00e7\u00e3o.<\/p>\n\n\n\n<p>\ud83d\udcde Mais informa\u00e7\u00f5es: (81) 99817-0053<\/p>\n","protected":false},"excerpt":{"rendered":"<p>A Prefeitura do Paudalho, por meio da Secretaria Executiva de Desenvolvimento Econ\u00f4mico, Meio Ambiente e Qualifica\u00e7\u00e3o Profissional (SEDEMAQ), em parceria com o Servi\u00e7o Nacional de Aprendizagem Rural (SENAR), est\u00e1 oferecendo novas oportunidades de capacita\u00e7\u00e3o profissional gratuita para os paudalhenses. Nesta etapa, ser\u00e3o ofertados tr\u00eas cursos voltados ao fortalecimento do setor agr\u00edcola e \u00e0 manuten\u00e7\u00e3o urbana, [&hellip;]<\/p>\n","protected":false},"author":20,"featured_media":37760,"comment_status":"open","ping_status":"open","sticky":false,"template":"","format":"standard","meta":{"_jetpack_newsletter_access":"","_jetpack_dont_email_post_to_subs":false,"_jetpack_newsletter_tier_id":0,"_jetpack_memberships_contains_paywalled_content":false,"_jetpack_memberships_contains_paid_content":false,"footnotes":""},"categories":[1572,2,765,1,753],"tags":[],"class_list":["post-37759","post","type-post","status-publish","format-standard","has-post-thumbnail","hentry","category-agricultura","category-destaque","category-meio-ambiente","category-noticias","category-qualificacao-profissional"],"jetpack_featured_media_url":"https:\/\/www.paudalho.pe.gov.br\/portal\/wp-content\/uploads\/2025\/10\/Screenshot_20251017_170531_Drive2.jpg","jetpack_sharing_enabled":true,"jetpack_shortlink":"https:\/\/wp.me\/p98mS2-9P1","_links":{"self":[{"href":"https:\/\/www.paudalho.pe.gov.br\/portal\/wp-json\/wp\/v2\/posts\/37759","targetHints":{"allow":["GET"]}}],"collection":[{"href":"https:\/\/www.paudalho.pe.gov.br\/portal\/wp-json\/wp\/v2\/posts"}],"about":[{"href":"https:\/\/www.paudalho.pe.gov.br\/portal\/wp-json\/wp\/v2\/types\/post"}],"author":[{"embeddable":true,"href":"https:\/\/www.paudalho.pe.gov.br\/portal\/wp-json\/wp\/v2\/users\/20"}],"replies":[{"embeddable":true,"href":"https:\/\/www.paudalho.pe.gov.br\/portal\/wp-json\/wp\/v2\/comments?post=37759"}],"version-history":[{"count":1,"href":"https:\/\/www.paudalho.pe.gov.br\/portal\/wp-json\/wp\/v2\/posts\/37759\/revisions"}],"predecessor-version":[{"id":37761,"href":"https:\/\/www.paudalho.pe.gov.br\/portal\/wp-json\/wp\/v2\/posts\/37759\/revisions\/37761"}],"wp:featuredmedia":[{"embeddable":true,"href":"https:\/\/www.paudalho.pe.gov.br\/portal\/wp-json\/wp\/v2\/media\/37760"}],"wp:attachment":[{"href":"https:\/\/www.paudalho.pe.gov.br\/portal\/wp-json\/wp\/v2\/media?parent=37759"}],"wp:term":[{"taxonomy":"category","embeddable":true,"href":"https:\/\/www.paudalho.pe.gov.br\/portal\/wp-json\/wp\/v2\/categories?post=37759"},{"taxonomy":"post_tag","embeddable":true,"href":"https:\/\/www.paudalho.pe.gov.br\/portal\/wp-json\/wp\/v2\/tags?post=37759"}],"curies":[{"name":"wp","href":"https:\/\/api.w.org\/{rel}","templated":true}]}}