{"id":37670,"date":"2025-10-14T09:37:09","date_gmt":"2025-10-14T12:37:09","guid":{"rendered":"https:\/\/www.paudalho.pe.gov.br\/portal\/?p=37670"},"modified":"2025-10-14T09:37:09","modified_gmt":"2025-10-14T12:37:09","slug":"prefeitura-de-paudalho-divulga-relacao-final-de-habilitados-para-a-eleicao-do-conselho-municipal-de-politica-cultural-cmpc","status":"publish","type":"post","link":"https:\/\/www.paudalho.pe.gov.br\/portal\/prefeitura-de-paudalho-divulga-relacao-final-de-habilitados-para-a-eleicao-do-conselho-municipal-de-politica-cultural-cmpc\/","title":{"rendered":"Prefeitura de Paudalho divulga rela\u00e7\u00e3o final de habilitados para a elei\u00e7\u00e3o do Conselho Municipal de Pol\u00edtica Cultural (CMPC)"},"content":{"rendered":"\n<p>A Prefeitura de Paudalho, por meio da Secretaria Municipal de Cultura e Turismo, tornou p\u00fablica a rela\u00e7\u00e3o final dos candidatos habilitados para a elei\u00e7\u00e3o do <strong>Conselho Municipal de Pol\u00edtica Cultural (CMPC)<\/strong>, referente ao bi\u00eanio <strong>2025\u20132027<\/strong>.<\/p>\n\n\n\n<p>O Conselho \u00e9 um importante espa\u00e7o de di\u00e1logo e participa\u00e7\u00e3o social, respons\u00e1vel por colaborar na formula\u00e7\u00e3o, execu\u00e7\u00e3o e acompanhamento das pol\u00edticas p\u00fablicas de cultura no munic\u00edpio. A elei\u00e7\u00e3o representa uma etapa essencial para garantir a representatividade dos diversos segmentos culturais da cidade.<\/p>\n\n\n\n<p>A lista completa dos habilitados est\u00e1 dispon\u00edvel no site oficial da Prefeitura. A pr\u00f3xima fase do processo ser\u00e1 a realiza\u00e7\u00e3o da elei\u00e7\u00e3o dos representantes da sociedade civil, conforme o cronograma estabelecido no edital.<\/p>\n\n\n\n<p>A gest\u00e3o municipal refor\u00e7a o compromisso com a transpar\u00eancia e a democratiza\u00e7\u00e3o das pol\u00edticas culturais, fortalecendo a participa\u00e7\u00e3o popular e o desenvolvimento das express\u00f5es art\u00edsticas e culturais de Paudalho.<\/p>\n\n\n\n<div data-wp-interactive=\"core\/file\" class=\"wp-block-file\"><object data-wp-bind--hidden=\"!state.hasPdfPreview\" hidden class=\"wp-block-file__embed\" data=\"https:\/\/www.paudalho.pe.gov.br\/portal\/wp-content\/uploads\/2025\/10\/Relac\u0327a\u0303o-final-habilitados-eleic\u0327a\u0303o-CMPC-2.pdf\" type=\"application\/pdf\" style=\"width:100%;height:600px\" aria-label=\"Incorporado de Relac\u0327a\u0303o final habilitados eleic\u0327a\u0303o CMPC 2.\"><\/object><a id=\"wp-block-file--media-8fca2f12-6072-4345-8ac4-daafe5ceec54\" href=\"https:\/\/www.paudalho.pe.gov.br\/portal\/wp-content\/uploads\/2025\/10\/Relac\u0327a\u0303o-final-habilitados-eleic\u0327a\u0303o-CMPC-2.pdf\">Relac\u0327a\u0303o final habilitados eleic\u0327a\u0303o CMPC 2<\/a><a href=\"https:\/\/www.paudalho.pe.gov.br\/portal\/wp-content\/uploads\/2025\/10\/Relac\u0327a\u0303o-final-habilitados-eleic\u0327a\u0303o-CMPC-2.pdf\" class=\"wp-block-file__button wp-element-button\" download aria-describedby=\"wp-block-file--media-8fca2f12-6072-4345-8ac4-daafe5ceec54\">Baixar<\/a><\/div>\n\n\n\n<p><\/p>\n","protected":false},"excerpt":{"rendered":"<p>A Prefeitura de Paudalho, por meio da Secretaria Municipal de Cultura e Turismo, tornou p\u00fablica a rela\u00e7\u00e3o final dos candidatos habilitados para a elei\u00e7\u00e3o do Conselho Municipal de Pol\u00edtica Cultural (CMPC), referente ao bi\u00eanio 2025\u20132027. O Conselho \u00e9 um importante espa\u00e7o de di\u00e1logo e participa\u00e7\u00e3o social, respons\u00e1vel por colaborar na formula\u00e7\u00e3o, execu\u00e7\u00e3o e acompanhamento das [&hellip;]<\/p>\n","protected":false},"author":20,"featured_media":37671,"comment_status":"open","ping_status":"open","sticky":false,"template":"","format":"standard","meta":{"_jetpack_newsletter_access":"","_jetpack_dont_email_post_to_subs":false,"_jetpack_newsletter_tier_id":0,"_jetpack_memberships_contains_paywalled_content":false,"_jetpack_memberships_contains_paid_content":false,"footnotes":""},"categories":[1184,2,1],"tags":[],"class_list":["post-37670","post","type-post","status-publish","format-standard","has-post-thumbnail","hentry","category-cultura-2","category-destaque","category-noticias"],"jetpack_featured_media_url":"https:\/\/www.paudalho.pe.gov.br\/portal\/wp-content\/uploads\/2025\/10\/Captura-de-tela-2025-10-14-092422.png","jetpack_sharing_enabled":true,"jetpack_shortlink":"https:\/\/wp.me\/p98mS2-9NA","_links":{"self":[{"href":"https:\/\/www.paudalho.pe.gov.br\/portal\/wp-json\/wp\/v2\/posts\/37670","targetHints":{"allow":["GET"]}}],"collection":[{"href":"https:\/\/www.paudalho.pe.gov.br\/portal\/wp-json\/wp\/v2\/posts"}],"about":[{"href":"https:\/\/www.paudalho.pe.gov.br\/portal\/wp-json\/wp\/v2\/types\/post"}],"author":[{"embeddable":true,"href":"https:\/\/www.paudalho.pe.gov.br\/portal\/wp-json\/wp\/v2\/users\/20"}],"replies":[{"embeddable":true,"href":"https:\/\/www.paudalho.pe.gov.br\/portal\/wp-json\/wp\/v2\/comments?post=37670"}],"version-history":[{"count":2,"href":"https:\/\/www.paudalho.pe.gov.br\/portal\/wp-json\/wp\/v2\/posts\/37670\/revisions"}],"predecessor-version":[{"id":37674,"href":"https:\/\/www.paudalho.pe.gov.br\/portal\/wp-json\/wp\/v2\/posts\/37670\/revisions\/37674"}],"wp:featuredmedia":[{"embeddable":true,"href":"https:\/\/www.paudalho.pe.gov.br\/portal\/wp-json\/wp\/v2\/media\/37671"}],"wp:attachment":[{"href":"https:\/\/www.paudalho.pe.gov.br\/portal\/wp-json\/wp\/v2\/media?parent=37670"}],"wp:term":[{"taxonomy":"category","embeddable":true,"href":"https:\/\/www.paudalho.pe.gov.br\/portal\/wp-json\/wp\/v2\/categories?post=37670"},{"taxonomy":"post_tag","embeddable":true,"href":"https:\/\/www.paudalho.pe.gov.br\/portal\/wp-json\/wp\/v2\/tags?post=37670"}],"curies":[{"name":"wp","href":"https:\/\/api.w.org\/{rel}","templated":true}]}}