{"id":37667,"date":"2025-10-13T17:46:22","date_gmt":"2025-10-13T20:46:22","guid":{"rendered":"https:\/\/www.paudalho.pe.gov.br\/portal\/?p=37667"},"modified":"2025-10-13T17:46:22","modified_gmt":"2025-10-13T20:46:22","slug":"resolucao-conselho-municipal-dos-direitos-da-crianca-e-do-adolescente-de-paudalho","status":"publish","type":"post","link":"https:\/\/www.paudalho.pe.gov.br\/portal\/resolucao-conselho-municipal-dos-direitos-da-crianca-e-do-adolescente-de-paudalho\/","title":{"rendered":"RESOLU\u00c7\u00c3O \u2013 Conselho Municipal dos Direitos da Crian\u00e7a e do Adolescente de Paudalho"},"content":{"rendered":"\n<p>A Prefeitura do Paudalho, por meio do Conselho Municipal de Defesa dos Direitos da Crian\u00e7a e do Adolescente (COMDICA), informa a altera\u00e7\u00e3o na vice-presid\u00eancia do colegiado, conforme a Resolu\u00e7\u00e3o COMDICA n\u00ba 105\/2025, publicada em 25 de setembro de 2025.<\/p>\n\n\n\n<p>De acordo com a delibera\u00e7\u00e3o do Conselho, houve o desligamento do ent\u00e3o vice-presidente Adriel Jos\u00e9 de Oliveira, representante da Secretaria Municipal de Desenvolvimento e Assist\u00eancia Social.<\/p>\n\n\n\n<p>Em seu lugar, foi nomeada como nova vice-presidente a conselheira Kassia Mayanne dos Santos Silva (titular), conforme o Of\u00edcio n\u00ba 059\/2025, emitido pela mesma Secretaria.<\/p>\n\n\n\n<p>A medida foi aprovada durante reuni\u00e3o ordin\u00e1ria do COMDICA e entra em vigor a partir da data de sua publica\u00e7\u00e3o.<\/p>\n\n\n\n<p>A Prefeitura refor\u00e7a o compromisso de manter a transpar\u00eancia e a comunica\u00e7\u00e3o clara das decis\u00f5es institucionais, assegurando o pleno funcionamento dos conselhos municipais e o fortalecimento das pol\u00edticas p\u00fablicas voltadas \u00e0 inf\u00e2ncia e \u00e0 adolesc\u00eancia em Paudalho.<\/p>\n\n\n\n<p>\ud83d\udcc4 Resolu\u00e7\u00e3o COMDICA n\u00ba 105\/2025 dispon\u00edvel para consulta p\u00fablica.<\/p>\n\n\n\n<div class=\"wp-block-file\"><a id=\"wp-block-file--media-d4a3aa1e-0404-42ef-a34a-64bde335625d\" href=\"https:\/\/www.paudalho.pe.gov.br\/portal\/wp-content\/uploads\/2025\/10\/RESOLUCAO-No-105-NOMEA-VICE-PRESIDENTE-ASSINADA.png\">RESOLU\u00c7\u00c3O N\u00ba 105 &#8211; NOMEA VICE PRESIDENTE &#8211; ASSINADA<\/a><a href=\"https:\/\/www.paudalho.pe.gov.br\/portal\/wp-content\/uploads\/2025\/10\/RESOLUCAO-No-105-NOMEA-VICE-PRESIDENTE-ASSINADA.png\" class=\"wp-block-file__button wp-element-button\" download aria-describedby=\"wp-block-file--media-d4a3aa1e-0404-42ef-a34a-64bde335625d\">Baixar<\/a><\/div>\n","protected":false},"excerpt":{"rendered":"<p>A Prefeitura do Paudalho, por meio do Conselho Municipal de Defesa dos Direitos da Crian\u00e7a e do Adolescente (COMDICA), informa a altera\u00e7\u00e3o na vice-presid\u00eancia do colegiado, conforme a Resolu\u00e7\u00e3o COMDICA n\u00ba 105\/2025, publicada em 25 de setembro de 2025. De acordo com a delibera\u00e7\u00e3o do Conselho, houve o desligamento do ent\u00e3o vice-presidente Adriel Jos\u00e9 de [&hellip;]<\/p>\n","protected":false},"author":20,"featured_media":37657,"comment_status":"open","ping_status":"open","sticky":false,"template":"","format":"standard","meta":{"_jetpack_newsletter_access":"","_jetpack_dont_email_post_to_subs":false,"_jetpack_newsletter_tier_id":0,"_jetpack_memberships_contains_paywalled_content":false,"_jetpack_memberships_contains_paid_content":false,"footnotes":""},"categories":[32,2,1],"tags":[],"class_list":["post-37667","post","type-post","status-publish","format-standard","has-post-thumbnail","hentry","category-comunicado","category-destaque","category-noticias"],"jetpack_featured_media_url":"https:\/\/www.paudalho.pe.gov.br\/portal\/wp-content\/uploads\/2025\/10\/Screenshot_20251013_154749_Gallery2.jpg","jetpack_sharing_enabled":true,"jetpack_shortlink":"https:\/\/wp.me\/p98mS2-9Nx","_links":{"self":[{"href":"https:\/\/www.paudalho.pe.gov.br\/portal\/wp-json\/wp\/v2\/posts\/37667","targetHints":{"allow":["GET"]}}],"collection":[{"href":"https:\/\/www.paudalho.pe.gov.br\/portal\/wp-json\/wp\/v2\/posts"}],"about":[{"href":"https:\/\/www.paudalho.pe.gov.br\/portal\/wp-json\/wp\/v2\/types\/post"}],"author":[{"embeddable":true,"href":"https:\/\/www.paudalho.pe.gov.br\/portal\/wp-json\/wp\/v2\/users\/20"}],"replies":[{"embeddable":true,"href":"https:\/\/www.paudalho.pe.gov.br\/portal\/wp-json\/wp\/v2\/comments?post=37667"}],"version-history":[{"count":1,"href":"https:\/\/www.paudalho.pe.gov.br\/portal\/wp-json\/wp\/v2\/posts\/37667\/revisions"}],"predecessor-version":[{"id":37668,"href":"https:\/\/www.paudalho.pe.gov.br\/portal\/wp-json\/wp\/v2\/posts\/37667\/revisions\/37668"}],"wp:featuredmedia":[{"embeddable":true,"href":"https:\/\/www.paudalho.pe.gov.br\/portal\/wp-json\/wp\/v2\/media\/37657"}],"wp:attachment":[{"href":"https:\/\/www.paudalho.pe.gov.br\/portal\/wp-json\/wp\/v2\/media?parent=37667"}],"wp:term":[{"taxonomy":"category","embeddable":true,"href":"https:\/\/www.paudalho.pe.gov.br\/portal\/wp-json\/wp\/v2\/categories?post=37667"},{"taxonomy":"post_tag","embeddable":true,"href":"https:\/\/www.paudalho.pe.gov.br\/portal\/wp-json\/wp\/v2\/tags?post=37667"}],"curies":[{"name":"wp","href":"https:\/\/api.w.org\/{rel}","templated":true}]}}