{"id":37537,"date":"2025-10-03T13:48:52","date_gmt":"2025-10-03T16:48:52","guid":{"rendered":"https:\/\/www.paudalho.pe.gov.br\/portal\/?p=37537"},"modified":"2025-10-03T13:48:52","modified_gmt":"2025-10-03T16:48:52","slug":"comite-de-cultura-realiza-mobilizacao-e-formacao-em-paudalho","status":"publish","type":"post","link":"https:\/\/www.paudalho.pe.gov.br\/portal\/comite-de-cultura-realiza-mobilizacao-e-formacao-em-paudalho\/","title":{"rendered":"Comit\u00ea de Cultura realiza mobiliza\u00e7\u00e3o e forma\u00e7\u00e3o em Paudalho"},"content":{"rendered":"\n<p>A Prefeitura de Paudalho, por meio da Secretaria de Cultura, Turismo e Juventude, apoia a realiza\u00e7\u00e3o do evento \u201cO Comit\u00ea t\u00e1 Chegando!\u201d, que acontecer\u00e1 nos dias 7 e 8 de outubro, na Sociedade de Cultura Art\u00edstica 22 de Novembro, localizada na Rua Dr. Jos\u00e9 Mariano, n\u00ba 36 \u2013 Centro, Paudalho-PE.A programa\u00e7\u00e3o ser\u00e1 voltada para a classe art\u00edstica do munic\u00edpio e contar\u00e1 com dois momentos especiais:<\/p>\n\n\n\n<p>\ud83d\udcc5 07 de outubro, \u00e0s 14h\ud83d\udc49 Mobiliza\u00e7\u00e3o: \u201cComo captar recursos pra classe art\u00edstica\u201d<\/p>\n\n\n\n<p>\ud83d\udcc5 08 de outubro, das 8h \u00e0s 17h\ud83d\udc49 Forma\u00e7\u00e3o: \u201cCaminhos para a PNAB \u2013 Projetos e Portf\u00f3lios\u201d<\/p>\n\n\n\n<p>\ud83d\udc69\ud83c\udffd\u200d\ud83c\udfeb Facilitadora: Hevelyne Figueir\u00eado<\/p>\n\n\n\n<p>O objetivo \u00e9 fortalecer a cena cultural local, oferecendo forma\u00e7\u00e3o e orienta\u00e7\u00f5es pr\u00e1ticas que auxiliem artistas e fazedores de cultura no acesso a editais, projetos e oportunidades de fomento.<\/p>\n","protected":false},"excerpt":{"rendered":"<p>A Prefeitura de Paudalho, por meio da Secretaria de Cultura, Turismo e Juventude, apoia a realiza\u00e7\u00e3o do evento \u201cO Comit\u00ea t\u00e1 Chegando!\u201d, que acontecer\u00e1 nos dias 7 e 8 de outubro, na Sociedade de Cultura Art\u00edstica 22 de Novembro, localizada na Rua Dr. Jos\u00e9 Mariano, n\u00ba 36 \u2013 Centro, Paudalho-PE.A programa\u00e7\u00e3o ser\u00e1 voltada para a [&hellip;]<\/p>\n","protected":false},"author":20,"featured_media":37538,"comment_status":"open","ping_status":"open","sticky":false,"template":"","format":"standard","meta":{"_jetpack_newsletter_access":"","_jetpack_dont_email_post_to_subs":false,"_jetpack_newsletter_tier_id":0,"_jetpack_memberships_contains_paywalled_content":false,"_jetpack_memberships_contains_paid_content":false,"footnotes":""},"categories":[6,2,1],"tags":[],"class_list":["post-37537","post","type-post","status-publish","format-standard","has-post-thumbnail","hentry","category-cultura","category-destaque","category-noticias"],"jetpack_featured_media_url":"https:\/\/www.paudalho.pe.gov.br\/portal\/wp-content\/uploads\/2025\/10\/IMG-20251003-WA0005.jpg","jetpack_sharing_enabled":true,"jetpack_shortlink":"https:\/\/wp.me\/p98mS2-9Lr","_links":{"self":[{"href":"https:\/\/www.paudalho.pe.gov.br\/portal\/wp-json\/wp\/v2\/posts\/37537","targetHints":{"allow":["GET"]}}],"collection":[{"href":"https:\/\/www.paudalho.pe.gov.br\/portal\/wp-json\/wp\/v2\/posts"}],"about":[{"href":"https:\/\/www.paudalho.pe.gov.br\/portal\/wp-json\/wp\/v2\/types\/post"}],"author":[{"embeddable":true,"href":"https:\/\/www.paudalho.pe.gov.br\/portal\/wp-json\/wp\/v2\/users\/20"}],"replies":[{"embeddable":true,"href":"https:\/\/www.paudalho.pe.gov.br\/portal\/wp-json\/wp\/v2\/comments?post=37537"}],"version-history":[{"count":1,"href":"https:\/\/www.paudalho.pe.gov.br\/portal\/wp-json\/wp\/v2\/posts\/37537\/revisions"}],"predecessor-version":[{"id":37539,"href":"https:\/\/www.paudalho.pe.gov.br\/portal\/wp-json\/wp\/v2\/posts\/37537\/revisions\/37539"}],"wp:featuredmedia":[{"embeddable":true,"href":"https:\/\/www.paudalho.pe.gov.br\/portal\/wp-json\/wp\/v2\/media\/37538"}],"wp:attachment":[{"href":"https:\/\/www.paudalho.pe.gov.br\/portal\/wp-json\/wp\/v2\/media?parent=37537"}],"wp:term":[{"taxonomy":"category","embeddable":true,"href":"https:\/\/www.paudalho.pe.gov.br\/portal\/wp-json\/wp\/v2\/categories?post=37537"},{"taxonomy":"post_tag","embeddable":true,"href":"https:\/\/www.paudalho.pe.gov.br\/portal\/wp-json\/wp\/v2\/tags?post=37537"}],"curies":[{"name":"wp","href":"https:\/\/api.w.org\/{rel}","templated":true}]}}