{"id":37431,"date":"2025-09-08T15:08:00","date_gmt":"2025-09-08T18:08:00","guid":{"rendered":"https:\/\/www.paudalho.pe.gov.br\/portal\/?p=37431"},"modified":"2025-09-18T15:11:37","modified_gmt":"2025-09-18T18:11:37","slug":"paudalho-realiza-um-dos-maiores-e-mais-emocionantes-desfiles-civicos-de-sua-historia-no-7-de-setembro","status":"publish","type":"post","link":"https:\/\/www.paudalho.pe.gov.br\/portal\/paudalho-realiza-um-dos-maiores-e-mais-emocionantes-desfiles-civicos-de-sua-historia-no-7-de-setembro\/","title":{"rendered":"Paudalho realiza um dos maiores e mais emocionantes Desfiles C\u00edvicos de sua hist\u00f3ria no 7 de Setembro"},"content":{"rendered":"\n<p><\/p>\n\n\n\n<p>O munic\u00edpio de Paudalho viveu, neste domingo (7), um momento hist\u00f3rico com a realiza\u00e7\u00e3o do Desfile C\u00edvico de 7 de Setembro 2025, que encantou o p\u00fablico pela beleza, organiza\u00e7\u00e3o e simbolismo.<\/p>\n\n\n\n<p>O evento contou com a participa\u00e7\u00e3o do Ex\u00e9rcito Brasileiro, ao lado da Guarda Civil Municipal, da Pol\u00edcia Militar, do Corpo de Bombeiros, de representantes da Assembleia de Deus, do CIMINIC, al\u00e9m de escolas da Rede Municipal, Estadual e de munic\u00edpios vizinhos, que abrilhantaram ainda mais a programa\u00e7\u00e3o. No total, foram cerca de 50 apresenta\u00e7\u00f5es, reunindo bandas marciais, grupos culturais e institui\u00e7\u00f5es que celebraram a Independ\u00eancia do Brasil.<\/p>\n\n\n\n<p>Entre as lideran\u00e7as presentes, estiveram o Cel. Deacir Alves de Almeida J\u00fanior, representando o Ex\u00e9rcito, o professor Natanael, da Secretaria de Articula\u00e7\u00e3o Municipal, o presidente da Amupe Marcelo Gouveia, o deputado estadual Gustavo Gouveia, a prefeita de Carpina Eduarda Gouveia, o padre Roberto, al\u00e9m de secret\u00e1rios municipais e diversas outras autoridades.<\/p>\n\n\n\n<p>O Desfile C\u00edvico de 2025 marcou a hist\u00f3ria de Paudalho n\u00e3o apenas pelo n\u00famero de participa\u00e7\u00f5es, mas tamb\u00e9m pelo resgate de valores c\u00edvicos e pela integra\u00e7\u00e3o entre educa\u00e7\u00e3o, cultura e tradi\u00e7\u00e3o. Um evento que ficar\u00e1 na mem\u00f3ria da cidade como um s\u00edmbolo de uni\u00e3o, f\u00e9 e orgulho para todos os paudalhenses.<\/p>\n","protected":false},"excerpt":{"rendered":"<p>O munic\u00edpio de Paudalho viveu, neste domingo (7), um momento hist\u00f3rico com a realiza\u00e7\u00e3o do Desfile C\u00edvico de 7 de Setembro 2025, que encantou o p\u00fablico pela beleza, organiza\u00e7\u00e3o e simbolismo. O evento contou com a participa\u00e7\u00e3o do Ex\u00e9rcito Brasileiro, ao lado da Guarda Civil Municipal, da Pol\u00edcia Militar, do Corpo de Bombeiros, de representantes [&hellip;]<\/p>\n","protected":false},"author":20,"featured_media":37432,"comment_status":"open","ping_status":"open","sticky":false,"template":"","format":"standard","meta":{"_jetpack_newsletter_access":"","_jetpack_dont_email_post_to_subs":false,"_jetpack_newsletter_tier_id":0,"_jetpack_memberships_contains_paywalled_content":false,"_jetpack_memberships_contains_paid_content":false,"footnotes":""},"categories":[2,520,1],"tags":[],"class_list":["post-37431","post","type-post","status-publish","format-standard","has-post-thumbnail","hentry","category-destaque","category-educacao-2","category-noticias"],"jetpack_featured_media_url":"https:\/\/www.paudalho.pe.gov.br\/portal\/wp-content\/uploads\/2025\/09\/1b01e6ce-eb30-4c96-b7fe-1de0c1dc533e.jpg","jetpack_sharing_enabled":true,"jetpack_shortlink":"https:\/\/wp.me\/p98mS2-9JJ","_links":{"self":[{"href":"https:\/\/www.paudalho.pe.gov.br\/portal\/wp-json\/wp\/v2\/posts\/37431","targetHints":{"allow":["GET"]}}],"collection":[{"href":"https:\/\/www.paudalho.pe.gov.br\/portal\/wp-json\/wp\/v2\/posts"}],"about":[{"href":"https:\/\/www.paudalho.pe.gov.br\/portal\/wp-json\/wp\/v2\/types\/post"}],"author":[{"embeddable":true,"href":"https:\/\/www.paudalho.pe.gov.br\/portal\/wp-json\/wp\/v2\/users\/20"}],"replies":[{"embeddable":true,"href":"https:\/\/www.paudalho.pe.gov.br\/portal\/wp-json\/wp\/v2\/comments?post=37431"}],"version-history":[{"count":1,"href":"https:\/\/www.paudalho.pe.gov.br\/portal\/wp-json\/wp\/v2\/posts\/37431\/revisions"}],"predecessor-version":[{"id":37433,"href":"https:\/\/www.paudalho.pe.gov.br\/portal\/wp-json\/wp\/v2\/posts\/37431\/revisions\/37433"}],"wp:featuredmedia":[{"embeddable":true,"href":"https:\/\/www.paudalho.pe.gov.br\/portal\/wp-json\/wp\/v2\/media\/37432"}],"wp:attachment":[{"href":"https:\/\/www.paudalho.pe.gov.br\/portal\/wp-json\/wp\/v2\/media?parent=37431"}],"wp:term":[{"taxonomy":"category","embeddable":true,"href":"https:\/\/www.paudalho.pe.gov.br\/portal\/wp-json\/wp\/v2\/categories?post=37431"},{"taxonomy":"post_tag","embeddable":true,"href":"https:\/\/www.paudalho.pe.gov.br\/portal\/wp-json\/wp\/v2\/tags?post=37431"}],"curies":[{"name":"wp","href":"https:\/\/api.w.org\/{rel}","templated":true}]}}