{"id":37427,"date":"2025-09-18T14:52:04","date_gmt":"2025-09-18T17:52:04","guid":{"rendered":"https:\/\/www.paudalho.pe.gov.br\/portal\/?p=37427"},"modified":"2025-09-18T14:52:04","modified_gmt":"2025-09-18T17:52:04","slug":"agora-o-cartao-sus-pode-ser-identificado-pelo-cpf","status":"publish","type":"post","link":"https:\/\/www.paudalho.pe.gov.br\/portal\/agora-o-cartao-sus-pode-ser-identificado-pelo-cpf\/","title":{"rendered":"Agora o Cart\u00e3o SUS pode ser identificado pelo CPF"},"content":{"rendered":"\n<p><\/p>\n\n\n\n<p>A Prefeitura do Paudalho, por meio da Secretaria Municipal de Sa\u00fade, informa que o Cart\u00e3o SUS agora pode ser identificado pelo n\u00famero do CPF. A medida tem como objetivo simplificar o acesso da popula\u00e7\u00e3o aos servi\u00e7os de sa\u00fade e facilitar o uso do sistema em atendimentos e cadastros.<\/p>\n\n\n\n<p><strong>O que mudou:<\/strong><\/p>\n\n\n\n<ul class=\"wp-block-list\">\n<li>Para ser atendido, basta informar o CPF, que passa a ser o mesmo n\u00famero do Cart\u00e3o SUS;<\/li>\n\n\n\n<li>O acesso ao aplicativo <em>Meu SUS Digital<\/em> tamb\u00e9m ser\u00e1 feito com CPF e senha do portal <em>gov.br<\/em>;<\/li>\n\n\n\n<li>Quem j\u00e1 possui o Cart\u00e3o SUS n\u00e3o precisa realizar a troca;<\/li>\n\n\n\n<li>No caso de crian\u00e7as sem CPF, ser\u00e1 necess\u00e1rio apresentar a certid\u00e3o de nascimento. Se j\u00e1 houver CPF, o n\u00famero deve ser inclu\u00eddo.<\/li>\n<\/ul>\n\n\n\n<p>Com essa atualiza\u00e7\u00e3o, os cidad\u00e3os ganham mais praticidade, j\u00e1 que poder\u00e3o utilizar um \u00fanico n\u00famero (CPF) em diferentes servi\u00e7os de sa\u00fade. A iniciativa tamb\u00e9m contribui para a moderniza\u00e7\u00e3o do sistema, tornando o processo de identifica\u00e7\u00e3o mais \u00e1gil e seguro.<\/p>\n\n\n\n<p>A Secretaria Municipal de Sa\u00fade refor\u00e7a que a mudan\u00e7a n\u00e3o substitui o Cart\u00e3o SUS f\u00edsico j\u00e1 emitido, apenas amplia as formas de identifica\u00e7\u00e3o do usu\u00e1rio no Sistema \u00danico de Sa\u00fade.<\/p>\n","protected":false},"excerpt":{"rendered":"<p>A Prefeitura do Paudalho, por meio da Secretaria Municipal de Sa\u00fade, informa que o Cart\u00e3o SUS agora pode ser identificado pelo n\u00famero do CPF. A medida tem como objetivo simplificar o acesso da popula\u00e7\u00e3o aos servi\u00e7os de sa\u00fade e facilitar o uso do sistema em atendimentos e cadastros. O que mudou: Com essa atualiza\u00e7\u00e3o, os [&hellip;]<\/p>\n","protected":false},"author":20,"featured_media":37428,"comment_status":"open","ping_status":"open","sticky":false,"template":"","format":"standard","meta":{"_jetpack_newsletter_access":"","_jetpack_dont_email_post_to_subs":false,"_jetpack_newsletter_tier_id":0,"_jetpack_memberships_contains_paywalled_content":false,"_jetpack_memberships_contains_paid_content":false,"footnotes":""},"categories":[2,1,3],"tags":[],"class_list":["post-37427","post","type-post","status-publish","format-standard","has-post-thumbnail","hentry","category-destaque","category-noticias","category-saude"],"jetpack_featured_media_url":"https:\/\/www.paudalho.pe.gov.br\/portal\/wp-content\/uploads\/2025\/09\/IMG_3295.png","jetpack_sharing_enabled":true,"jetpack_shortlink":"https:\/\/wp.me\/p98mS2-9JF","_links":{"self":[{"href":"https:\/\/www.paudalho.pe.gov.br\/portal\/wp-json\/wp\/v2\/posts\/37427","targetHints":{"allow":["GET"]}}],"collection":[{"href":"https:\/\/www.paudalho.pe.gov.br\/portal\/wp-json\/wp\/v2\/posts"}],"about":[{"href":"https:\/\/www.paudalho.pe.gov.br\/portal\/wp-json\/wp\/v2\/types\/post"}],"author":[{"embeddable":true,"href":"https:\/\/www.paudalho.pe.gov.br\/portal\/wp-json\/wp\/v2\/users\/20"}],"replies":[{"embeddable":true,"href":"https:\/\/www.paudalho.pe.gov.br\/portal\/wp-json\/wp\/v2\/comments?post=37427"}],"version-history":[{"count":1,"href":"https:\/\/www.paudalho.pe.gov.br\/portal\/wp-json\/wp\/v2\/posts\/37427\/revisions"}],"predecessor-version":[{"id":37429,"href":"https:\/\/www.paudalho.pe.gov.br\/portal\/wp-json\/wp\/v2\/posts\/37427\/revisions\/37429"}],"wp:featuredmedia":[{"embeddable":true,"href":"https:\/\/www.paudalho.pe.gov.br\/portal\/wp-json\/wp\/v2\/media\/37428"}],"wp:attachment":[{"href":"https:\/\/www.paudalho.pe.gov.br\/portal\/wp-json\/wp\/v2\/media?parent=37427"}],"wp:term":[{"taxonomy":"category","embeddable":true,"href":"https:\/\/www.paudalho.pe.gov.br\/portal\/wp-json\/wp\/v2\/categories?post=37427"},{"taxonomy":"post_tag","embeddable":true,"href":"https:\/\/www.paudalho.pe.gov.br\/portal\/wp-json\/wp\/v2\/tags?post=37427"}],"curies":[{"name":"wp","href":"https:\/\/api.w.org\/{rel}","templated":true}]}}