{"id":37416,"date":"2025-09-18T14:40:47","date_gmt":"2025-09-18T17:40:47","guid":{"rendered":"https:\/\/www.paudalho.pe.gov.br\/portal\/?p=37416"},"modified":"2025-09-18T14:42:42","modified_gmt":"2025-09-18T17:42:42","slug":"prefeitura-de-paudalho-se-prepara-para-implantacao-do-pav-da-receita-federal","status":"publish","type":"post","link":"https:\/\/www.paudalho.pe.gov.br\/portal\/prefeitura-de-paudalho-se-prepara-para-implantacao-do-pav-da-receita-federal\/","title":{"rendered":"Prefeitura de Paudalho se prepara para implanta\u00e7\u00e3o do PAV da Receita Federal"},"content":{"rendered":"\n<p>A equipe da Sala do Empreendedor da Prefeitura de Paudalho participou, nos dias 16 e 17 de setembro, de um treinamento realizado na 1\u00aa Delegacia da Receita Federal, no Marco Zero, em Recife (PE).<\/p>\n\n\n\n<p>A capacita\u00e7\u00e3o teve como objetivo preparar os servidores para a implanta\u00e7\u00e3o do PAV \u2013 Ponto de Atendimento Virtual da Receita Federal no munic\u00edpio.<\/p>\n\n\n\n<p>O PAV ser\u00e1 um espa\u00e7o onde os cidad\u00e3os poder\u00e3o acessar diversos servi\u00e7os da Receita Federal sem precisar sair de Paudalho, como:<\/p>\n\n\n\n<ul class=\"wp-block-list\">\n<li>Inscri\u00e7\u00e3o no CPF;<\/li>\n\n\n\n<li>Emiss\u00e3o de certid\u00f5es;<\/li>\n\n\n\n<li>Solicita\u00e7\u00e3o de c\u00f3pias de declara\u00e7\u00f5es do Imposto de Renda;<\/li>\n\n\n\n<li>Entre outros.<\/li>\n<\/ul>\n\n\n\n<p>O funcionamento ser\u00e1 simples: os servidores municipais digitalizar\u00e3o a documenta\u00e7\u00e3o necess\u00e1ria e a encaminhar\u00e3o \u00e0 Receita Federal, que dar\u00e1 o retorno de forma online. A iniciativa \u00e9 fruto de um acordo de coopera\u00e7\u00e3o firmado entre a Prefeitura e o \u00f3rg\u00e3o federal.<\/p>\n\n\n\n<p>De acordo com a Secretaria de Desenvolvimento Econ\u00f4mico, os principais objetivos do PAV s\u00e3o promover a inclus\u00e3o digital, facilitar o acesso aos servi\u00e7os p\u00fablicos e reduzir custos e deslocamentos para a popula\u00e7\u00e3o \u2014 especialmente para cidad\u00e3os com dificuldades de acesso ou de alfabetiza\u00e7\u00e3o digital.<\/p>\n\n\n\n<p>Em breve, o PAV entrar\u00e1 em funcionamento, oferecendo mais comodidade e efici\u00eancia no atendimento \u00e0 popula\u00e7\u00e3o de Paudalho.<\/p>\n","protected":false},"excerpt":{"rendered":"<p>A equipe da Sala do Empreendedor da Prefeitura de Paudalho participou, nos dias 16 e 17 de setembro, de um treinamento realizado na 1\u00aa Delegacia da Receita Federal, no Marco Zero, em Recife (PE). A capacita\u00e7\u00e3o teve como objetivo preparar os servidores para a implanta\u00e7\u00e3o do PAV \u2013 Ponto de Atendimento Virtual da Receita Federal [&hellip;]<\/p>\n","protected":false},"author":20,"featured_media":37419,"comment_status":"open","ping_status":"open","sticky":false,"template":"","format":"standard","meta":{"_jetpack_newsletter_access":"","_jetpack_dont_email_post_to_subs":false,"_jetpack_newsletter_tier_id":0,"_jetpack_memberships_contains_paywalled_content":false,"_jetpack_memberships_contains_paid_content":false,"footnotes":""},"categories":[2,1],"tags":[],"class_list":["post-37416","post","type-post","status-publish","format-standard","has-post-thumbnail","hentry","category-destaque","category-noticias"],"jetpack_featured_media_url":"https:\/\/www.paudalho.pe.gov.br\/portal\/wp-content\/uploads\/2025\/09\/IMG_7123-1-scaled.jpg","jetpack_sharing_enabled":true,"jetpack_shortlink":"https:\/\/wp.me\/p98mS2-9Ju","_links":{"self":[{"href":"https:\/\/www.paudalho.pe.gov.br\/portal\/wp-json\/wp\/v2\/posts\/37416","targetHints":{"allow":["GET"]}}],"collection":[{"href":"https:\/\/www.paudalho.pe.gov.br\/portal\/wp-json\/wp\/v2\/posts"}],"about":[{"href":"https:\/\/www.paudalho.pe.gov.br\/portal\/wp-json\/wp\/v2\/types\/post"}],"author":[{"embeddable":true,"href":"https:\/\/www.paudalho.pe.gov.br\/portal\/wp-json\/wp\/v2\/users\/20"}],"replies":[{"embeddable":true,"href":"https:\/\/www.paudalho.pe.gov.br\/portal\/wp-json\/wp\/v2\/comments?post=37416"}],"version-history":[{"count":2,"href":"https:\/\/www.paudalho.pe.gov.br\/portal\/wp-json\/wp\/v2\/posts\/37416\/revisions"}],"predecessor-version":[{"id":37425,"href":"https:\/\/www.paudalho.pe.gov.br\/portal\/wp-json\/wp\/v2\/posts\/37416\/revisions\/37425"}],"wp:featuredmedia":[{"embeddable":true,"href":"https:\/\/www.paudalho.pe.gov.br\/portal\/wp-json\/wp\/v2\/media\/37419"}],"wp:attachment":[{"href":"https:\/\/www.paudalho.pe.gov.br\/portal\/wp-json\/wp\/v2\/media?parent=37416"}],"wp:term":[{"taxonomy":"category","embeddable":true,"href":"https:\/\/www.paudalho.pe.gov.br\/portal\/wp-json\/wp\/v2\/categories?post=37416"},{"taxonomy":"post_tag","embeddable":true,"href":"https:\/\/www.paudalho.pe.gov.br\/portal\/wp-json\/wp\/v2\/tags?post=37416"}],"curies":[{"name":"wp","href":"https:\/\/api.w.org\/{rel}","templated":true}]}}