{"id":37397,"date":"2025-09-15T13:12:00","date_gmt":"2025-09-15T16:12:00","guid":{"rendered":"https:\/\/www.paudalho.pe.gov.br\/portal\/?p=37397"},"modified":"2025-09-15T13:12:00","modified_gmt":"2025-09-15T16:12:00","slug":"%f0%9f%93%a2-prefeitura-do-paudalho-torna-publico-o-edital-de-convocacao-e-chamamento-publico-no-001-2025","status":"publish","type":"post","link":"https:\/\/www.paudalho.pe.gov.br\/portal\/%f0%9f%93%a2-prefeitura-do-paudalho-torna-publico-o-edital-de-convocacao-e-chamamento-publico-no-001-2025\/","title":{"rendered":"\ud83d\udce2 Prefeitura do Paudalho torna p\u00fablico o Edital de Convoca\u00e7\u00e3o e Chamamento P\u00fablico N\u00ba 001\/2025"},"content":{"rendered":"\n<h1 class=\"wp-block-heading\"><\/h1>\n\n\n\n<p>A Prefeitura do Paudalho torna p\u00fablico o <strong>Edital de Convoca\u00e7\u00e3o e Chamamento P\u00fablico N\u00ba 001\/2025<\/strong>, que convoca profissionais do magist\u00e9rio para o recebimento dos valores do <strong>precat\u00f3rio do FUNDEF<\/strong>, referentes ao per\u00edodo de 2001 a 2006.<\/p>\n\n\n\n<p>A convoca\u00e7\u00e3o \u00e9 destinada a <strong>profissionais da educa\u00e7\u00e3o b\u00e1sica<\/strong> que atuaram na rede p\u00fablica municipal nesse per\u00edodo, incluindo <strong>servidores ativos, aposentados e herdeiros de profissionais falecidos<\/strong>.<\/p>\n\n\n\n<div class=\"wp-block-file\"><a id=\"wp-block-file--media-170b7c3f-0f9e-4014-9e1c-3f05d9b0294a\" href=\"https:\/\/www.paudalho.pe.gov.br\/portal\/wp-content\/uploads\/2025\/09\/RELACAO-DE-CONTRATOS.pdf\">RELA\u00c7\u00c3O DE CONTRATOS<\/a><a href=\"https:\/\/www.paudalho.pe.gov.br\/portal\/wp-content\/uploads\/2025\/09\/RELACAO-DE-CONTRATOS.pdf\" class=\"wp-block-file__button wp-element-button\" download aria-describedby=\"wp-block-file--media-170b7c3f-0f9e-4014-9e1c-3f05d9b0294a\">Baixar<\/a><\/div>\n\n\n\n<div class=\"wp-block-file\"><a id=\"wp-block-file--media-00c7423c-ec67-4166-924e-665155129bd1\" href=\"https:\/\/www.paudalho.pe.gov.br\/portal\/wp-content\/uploads\/2025\/09\/RELACAO-DE-DIRETORES-EFETIVOS.pdf\">RELA\u00c7\u00c3O DE DIRETORES EFETIVOS<\/a><a href=\"https:\/\/www.paudalho.pe.gov.br\/portal\/wp-content\/uploads\/2025\/09\/RELACAO-DE-DIRETORES-EFETIVOS.pdf\" class=\"wp-block-file__button wp-element-button\" download aria-describedby=\"wp-block-file--media-00c7423c-ec67-4166-924e-665155129bd1\">Baixar<\/a><\/div>\n\n\n\n<div class=\"wp-block-file\"><a id=\"wp-block-file--media-f7b59c08-184f-463e-ba35-148c0b4e8bf9\" href=\"https:\/\/www.paudalho.pe.gov.br\/portal\/wp-content\/uploads\/2025\/09\/RELACAO-DE-EFETIVOS.pdf\">RELA\u00c7\u00c3O DE EFETIVOS<\/a><a href=\"https:\/\/www.paudalho.pe.gov.br\/portal\/wp-content\/uploads\/2025\/09\/RELACAO-DE-EFETIVOS.pdf\" class=\"wp-block-file__button wp-element-button\" download aria-describedby=\"wp-block-file--media-f7b59c08-184f-463e-ba35-148c0b4e8bf9\">Baixar<\/a><\/div>\n\n\n\n<div class=\"wp-block-file\"><a id=\"wp-block-file--media-dd1650db-3e0e-4a4d-9cc9-9e55dfaedd85\" href=\"https:\/\/www.paudalho.pe.gov.br\/portal\/wp-content\/uploads\/2025\/09\/RELACAO-DE-ESTATUTARIOS.pdf\">RELA\u00c7\u00c3O DE ESTATUTARIOS<\/a><a href=\"https:\/\/www.paudalho.pe.gov.br\/portal\/wp-content\/uploads\/2025\/09\/RELACAO-DE-ESTATUTARIOS.pdf\" class=\"wp-block-file__button wp-element-button\" download aria-describedby=\"wp-block-file--media-dd1650db-3e0e-4a4d-9cc9-9e55dfaedd85\">Baixar<\/a><\/div>\n\n\n\n<div class=\"wp-block-file\"><a id=\"wp-block-file--media-47157971-19b7-4ad9-a1cd-bf2030b87534\" href=\"https:\/\/www.paudalho.pe.gov.br\/portal\/wp-content\/uploads\/2025\/09\/RELACAO-DE-READAPTADOS-2001.pdf\">RELA\u00c7\u00c3O DE READAPTADOS 2001<\/a><a href=\"https:\/\/www.paudalho.pe.gov.br\/portal\/wp-content\/uploads\/2025\/09\/RELACAO-DE-READAPTADOS-2001.pdf\" class=\"wp-block-file__button wp-element-button\" download aria-describedby=\"wp-block-file--media-47157971-19b7-4ad9-a1cd-bf2030b87534\">Baixar<\/a><\/div>\n\n\n\n<p>De acordo com a Comiss\u00e3o de Recebimento e An\u00e1lise de Elegibilidade, s\u00e3o considerados profissionais do magist\u00e9rio aqueles que exerceram atividades de <strong>doc\u00eancia<\/strong> ou fun\u00e7\u00f5es de <strong>suporte pedag\u00f3gico<\/strong>, como dire\u00e7\u00e3o, inspe\u00e7\u00e3o, supervis\u00e3o, orienta\u00e7\u00e3o ou coordena\u00e7\u00e3o educacional. O valor a ser recebido ser\u00e1 proporcional \u00e0 carga hor\u00e1ria e ao tempo de atua\u00e7\u00e3o de cada profissional. Aqueles que possu\u00edam dois v\u00ednculos eleg\u00edveis no per\u00edodo poder\u00e3o receber valores referentes a ambos.<\/p>\n\n\n\n<h3 class=\"wp-block-heading\">\ud83d\udcc4 Habilita\u00e7\u00e3o e entrega de documentos<\/h3>\n\n\n\n<p>Os interessados devem preencher o formul\u00e1rio de habilita\u00e7\u00e3o, dispon\u00edvel no edital, e apresentar a documenta\u00e7\u00e3o exigida de forma <strong>online<\/strong> ou <strong>presencial<\/strong>, na Sala da Comiss\u00e3o de Precat\u00f3rio, localizada na sede da Prefeitura, das 9h \u00e0s 15h.<br><br><strong>Confira o Edital completo com ficha de inscri\u00e7\u00e3o do benefici\u00e1rio abaixo:<\/strong><\/p>\n\n\n\n<div data-wp-interactive=\"core\/file\" class=\"wp-block-file\"><object data-wp-bind--hidden=\"!state.hasPdfPreview\" hidden class=\"wp-block-file__embed\" data=\"https:\/\/www.paudalho.pe.gov.br\/portal\/wp-content\/uploads\/2025\/09\/EDITAL-DE-CHAMAMENTO.pdf\" type=\"application\/pdf\" style=\"width:100%;height:600px\" aria-label=\"Incorporado de EDITAL DE CHAMAMENTO.\"><\/object><a id=\"wp-block-file--media-cf5407fa-cd31-4266-a149-76a34c3b6fa2\" href=\"https:\/\/www.paudalho.pe.gov.br\/portal\/wp-content\/uploads\/2025\/09\/EDITAL-DE-CHAMAMENTO.pdf\">EDITAL DE CHAMAMENTO<\/a><a href=\"https:\/\/www.paudalho.pe.gov.br\/portal\/wp-content\/uploads\/2025\/09\/EDITAL-DE-CHAMAMENTO.pdf\" class=\"wp-block-file__button wp-element-button\" download aria-describedby=\"wp-block-file--media-cf5407fa-cd31-4266-a149-76a34c3b6fa2\">Baixar<\/a><\/div>\n\n\n\n<p>A documenta\u00e7\u00e3o necess\u00e1ria inclui:<\/p>\n\n\n\n<ul class=\"wp-block-list\">\n<li>Documento de identidade (RG, CNH ou CPF);<\/li>\n\n\n\n<li>Carteira de Trabalho (f\u00edsica ou digital);<\/li>\n\n\n\n<li>Contracheques;<\/li>\n\n\n\n<li>Extrato do CNIS;<\/li>\n\n\n\n<li>Relat\u00f3rio de dados do servidor;<\/li>\n\n\n\n<li>Ficha funcional de cada v\u00ednculo, caso haja mais de um.<\/li>\n<\/ul>\n\n\n\n<p>\ud83d\udc49 No caso de herdeiros, \u00e9 necess\u00e1rio apresentar <strong>alvar\u00e1 judicial<\/strong> e os documentos comprobat\u00f3rios do ente falecido.<\/p>\n\n\n\n<h3 class=\"wp-block-heading\">\ud83d\udcc6 Cronograma<\/h3>\n\n\n\n<ul class=\"wp-block-list\">\n<li>Publica\u00e7\u00e3o do edital: <strong>15\/09\/2025<\/strong><\/li>\n\n\n\n<li>Recebimento de documentos: <strong>16 a 19\/09\/2025<\/strong><\/li>\n\n\n\n<li>Resultados preliminares: <strong>24\/09\/2025<\/strong><\/li>\n\n\n\n<li>Prazo e an\u00e1lise de recursos: <strong>26\/09\/2025<\/strong><\/li>\n\n\n\n<li>Divulga\u00e7\u00e3o da lista definitiva: <strong>30\/09\/2025<\/strong><\/li>\n\n\n\n<li>Pagamento aos benefici\u00e1rios: <strong>06 a 10\/10\/2025<\/strong><\/li>\n<\/ul>\n\n\n\n<p>A Prefeitura do Paudalho refor\u00e7a que o resultado da an\u00e1lise ser\u00e1 divulgado em seu site oficial. Para d\u00favidas e informa\u00e7\u00f5es, est\u00e1 dispon\u00edvel o e-mail: <strong><a>precatorio@paudalho.pe.gov.br<\/a><\/strong>.<\/p>\n\n\n\n<p>Com esta iniciativa, a gest\u00e3o municipal reafirma seu compromisso com a <strong>valoriza\u00e7\u00e3o dos profissionais da educa\u00e7\u00e3o<\/strong> e com a correta destina\u00e7\u00e3o dos recursos do FUNDEF, fortalecendo a <strong>transpar\u00eancia e a responsabilidade<\/strong> na administra\u00e7\u00e3o p\u00fablica.<\/p>\n\n\n\n<p><\/p>\n","protected":false},"excerpt":{"rendered":"<p>A Prefeitura do Paudalho torna p\u00fablico o Edital de Convoca\u00e7\u00e3o e Chamamento P\u00fablico N\u00ba 001\/2025, que convoca profissionais do magist\u00e9rio para o recebimento dos valores do precat\u00f3rio do FUNDEF, referentes ao per\u00edodo de 2001 a 2006. A convoca\u00e7\u00e3o \u00e9 destinada a profissionais da educa\u00e7\u00e3o b\u00e1sica que atuaram na rede p\u00fablica municipal nesse per\u00edodo, incluindo servidores [&hellip;]<\/p>\n","protected":false},"author":15,"featured_media":37398,"comment_status":"open","ping_status":"open","sticky":false,"template":"","format":"standard","meta":{"_jetpack_newsletter_access":"","_jetpack_dont_email_post_to_subs":false,"_jetpack_newsletter_tier_id":0,"_jetpack_memberships_contains_paywalled_content":false,"_jetpack_memberships_contains_paid_content":false,"footnotes":""},"categories":[2,520,1],"tags":[],"class_list":["post-37397","post","type-post","status-publish","format-standard","has-post-thumbnail","hentry","category-destaque","category-educacao-2","category-noticias"],"jetpack_featured_media_url":"https:\/\/www.paudalho.pe.gov.br\/portal\/wp-content\/uploads\/2025\/09\/unnamed.png","jetpack_sharing_enabled":true,"jetpack_shortlink":"https:\/\/wp.me\/p98mS2-9Jb","_links":{"self":[{"href":"https:\/\/www.paudalho.pe.gov.br\/portal\/wp-json\/wp\/v2\/posts\/37397","targetHints":{"allow":["GET"]}}],"collection":[{"href":"https:\/\/www.paudalho.pe.gov.br\/portal\/wp-json\/wp\/v2\/posts"}],"about":[{"href":"https:\/\/www.paudalho.pe.gov.br\/portal\/wp-json\/wp\/v2\/types\/post"}],"author":[{"embeddable":true,"href":"https:\/\/www.paudalho.pe.gov.br\/portal\/wp-json\/wp\/v2\/users\/15"}],"replies":[{"embeddable":true,"href":"https:\/\/www.paudalho.pe.gov.br\/portal\/wp-json\/wp\/v2\/comments?post=37397"}],"version-history":[{"count":1,"href":"https:\/\/www.paudalho.pe.gov.br\/portal\/wp-json\/wp\/v2\/posts\/37397\/revisions"}],"predecessor-version":[{"id":37405,"href":"https:\/\/www.paudalho.pe.gov.br\/portal\/wp-json\/wp\/v2\/posts\/37397\/revisions\/37405"}],"wp:featuredmedia":[{"embeddable":true,"href":"https:\/\/www.paudalho.pe.gov.br\/portal\/wp-json\/wp\/v2\/media\/37398"}],"wp:attachment":[{"href":"https:\/\/www.paudalho.pe.gov.br\/portal\/wp-json\/wp\/v2\/media?parent=37397"}],"wp:term":[{"taxonomy":"category","embeddable":true,"href":"https:\/\/www.paudalho.pe.gov.br\/portal\/wp-json\/wp\/v2\/categories?post=37397"},{"taxonomy":"post_tag","embeddable":true,"href":"https:\/\/www.paudalho.pe.gov.br\/portal\/wp-json\/wp\/v2\/tags?post=37397"}],"curies":[{"name":"wp","href":"https:\/\/api.w.org\/{rel}","templated":true}]}}