{"id":37387,"date":"2025-09-12T20:16:06","date_gmt":"2025-09-12T23:16:06","guid":{"rendered":"https:\/\/www.paudalho.pe.gov.br\/portal\/?p=37387"},"modified":"2025-09-12T20:20:43","modified_gmt":"2025-09-12T23:20:43","slug":"prefeitura-de-paudalho-decreta-luto-oficial-de-tres-dias-pelo-falecimento-de-sebastiao-belarmino-do-nascimento","status":"publish","type":"post","link":"https:\/\/www.paudalho.pe.gov.br\/portal\/prefeitura-de-paudalho-decreta-luto-oficial-de-tres-dias-pelo-falecimento-de-sebastiao-belarmino-do-nascimento\/","title":{"rendered":"Prefeitura de Paudalho decreta luto oficial de tr\u00eas dias pelo falecimento de Sebasti\u00e3o Belarmino do Nascimento"},"content":{"rendered":"\n<p>A Prefeitura do Paudalho decretou luto oficial de tr\u00eas dias em virtude do falecimento de Sebasti\u00e3o Belarmino do Nascimento, ocorrido nesta sexta-feira (12).<\/p>\n\n\n\n<p>A decis\u00e3o foi formalizada por meio do Decreto Municipal n\u00ba 431\/2025, assinado pela prefeita Paula Frassinette Wanderley Marinho. O documento reconhece os relevantes servi\u00e7os prestados por Sebasti\u00e3o ao munic\u00edpio, destacando sua dedica\u00e7\u00e3o ao servi\u00e7o p\u00fablico e sua trajet\u00f3ria marcada por conduta \u00edntegra e respeit\u00e1vel \ufffc.<\/p>\n\n\n\n<p>Durante o per\u00edodo de luto, a bandeira municipal ser\u00e1 hasteada a meio mastro em todos os \u00f3rg\u00e3os p\u00fablicos de Paudalho, em sinal de respeito e pesar.<\/p>\n\n\n\n<p>A Prefeitura expressa profundo sentimento de solidariedade \u00e0 fam\u00edlia enlutada, amigos e toda a comunidade, reconhecendo a import\u00e2ncia do legado deixado por Sebasti\u00e3o Belarmino do Nascimento para o desenvolvimento e a hist\u00f3ria do munic\u00edpio.<\/p>\n\n\n\n<div data-wp-interactive=\"core\/file\" class=\"wp-block-file\"><object data-wp-bind--hidden=\"!state.hasPdfPreview\" hidden class=\"wp-block-file__embed\" data=\"https:\/\/www.paudalho.pe.gov.br\/portal\/wp-content\/uploads\/2025\/09\/Decreto-431-2025-Luto-oficial-Severino-Belarmino.pdf\" type=\"application\/pdf\" style=\"width:100%;height:600px\" aria-label=\"Incorporado de Decreto 431-2025 - Luto oficial Severino Belarmino.\"><\/object><a id=\"wp-block-file--media-1b71a8f6-35ce-4250-8c9c-a155ce61523c\" href=\"https:\/\/www.paudalho.pe.gov.br\/portal\/wp-content\/uploads\/2025\/09\/Decreto-431-2025-Luto-oficial-Severino-Belarmino.pdf\">Decreto 431-2025 &#8211; Luto oficial Severino Belarmino<\/a><a href=\"https:\/\/www.paudalho.pe.gov.br\/portal\/wp-content\/uploads\/2025\/09\/Decreto-431-2025-Luto-oficial-Severino-Belarmino.pdf\" class=\"wp-block-file__button wp-element-button\" download aria-describedby=\"wp-block-file--media-1b71a8f6-35ce-4250-8c9c-a155ce61523c\">Baixar<\/a><\/div>\n\n\n\n<p><\/p>\n","protected":false},"excerpt":{"rendered":"<p>A Prefeitura do Paudalho decretou luto oficial de tr\u00eas dias em virtude do falecimento de Sebasti\u00e3o Belarmino do Nascimento, ocorrido nesta sexta-feira (12). A decis\u00e3o foi formalizada por meio do Decreto Municipal n\u00ba 431\/2025, assinado pela prefeita Paula Frassinette Wanderley Marinho. O documento reconhece os relevantes servi\u00e7os prestados por Sebasti\u00e3o ao munic\u00edpio, destacando sua dedica\u00e7\u00e3o [&hellip;]<\/p>\n","protected":false},"author":17,"featured_media":37390,"comment_status":"open","ping_status":"open","sticky":false,"template":"","format":"standard","meta":{"_jetpack_newsletter_access":"","_jetpack_dont_email_post_to_subs":false,"_jetpack_newsletter_tier_id":0,"_jetpack_memberships_contains_paywalled_content":false,"_jetpack_memberships_contains_paid_content":false,"footnotes":""},"categories":[1],"tags":[],"class_list":["post-37387","post","type-post","status-publish","format-standard","has-post-thumbnail","hentry","category-noticias"],"jetpack_featured_media_url":"https:\/\/www.paudalho.pe.gov.br\/portal\/wp-content\/uploads\/2025\/09\/d2e170e8-cd29-4af2-84d9-6e50c83502a4.jpeg","jetpack_sharing_enabled":true,"jetpack_shortlink":"https:\/\/wp.me\/p98mS2-9J1","_links":{"self":[{"href":"https:\/\/www.paudalho.pe.gov.br\/portal\/wp-json\/wp\/v2\/posts\/37387","targetHints":{"allow":["GET"]}}],"collection":[{"href":"https:\/\/www.paudalho.pe.gov.br\/portal\/wp-json\/wp\/v2\/posts"}],"about":[{"href":"https:\/\/www.paudalho.pe.gov.br\/portal\/wp-json\/wp\/v2\/types\/post"}],"author":[{"embeddable":true,"href":"https:\/\/www.paudalho.pe.gov.br\/portal\/wp-json\/wp\/v2\/users\/17"}],"replies":[{"embeddable":true,"href":"https:\/\/www.paudalho.pe.gov.br\/portal\/wp-json\/wp\/v2\/comments?post=37387"}],"version-history":[{"count":2,"href":"https:\/\/www.paudalho.pe.gov.br\/portal\/wp-json\/wp\/v2\/posts\/37387\/revisions"}],"predecessor-version":[{"id":37391,"href":"https:\/\/www.paudalho.pe.gov.br\/portal\/wp-json\/wp\/v2\/posts\/37387\/revisions\/37391"}],"wp:featuredmedia":[{"embeddable":true,"href":"https:\/\/www.paudalho.pe.gov.br\/portal\/wp-json\/wp\/v2\/media\/37390"}],"wp:attachment":[{"href":"https:\/\/www.paudalho.pe.gov.br\/portal\/wp-json\/wp\/v2\/media?parent=37387"}],"wp:term":[{"taxonomy":"category","embeddable":true,"href":"https:\/\/www.paudalho.pe.gov.br\/portal\/wp-json\/wp\/v2\/categories?post=37387"},{"taxonomy":"post_tag","embeddable":true,"href":"https:\/\/www.paudalho.pe.gov.br\/portal\/wp-json\/wp\/v2\/tags?post=37387"}],"curies":[{"name":"wp","href":"https:\/\/api.w.org\/{rel}","templated":true}]}}