{"id":37326,"date":"2025-09-03T15:37:00","date_gmt":"2025-09-03T18:37:00","guid":{"rendered":"https:\/\/www.paudalho.pe.gov.br\/portal\/?p=37326"},"modified":"2025-09-10T11:33:30","modified_gmt":"2025-09-10T14:33:30","slug":"paudalho-divulga-programacao-da-semana-da-patria-e-do-desfile-civico-2025","status":"publish","type":"post","link":"https:\/\/www.paudalho.pe.gov.br\/portal\/paudalho-divulga-programacao-da-semana-da-patria-e-do-desfile-civico-2025\/","title":{"rendered":"Paudalho divulga programa\u00e7\u00e3o da Semana da P\u00e1tria e do Desfile C\u00edvico 2025"},"content":{"rendered":"\n<p>O munic\u00edpio de Paudalho se prepara para um dos momentos mais tradicionais de seu calend\u00e1rio c\u00edvico-cultural: o Desfile C\u00edvico de 7 de Setembro, que este ano reunir\u00e1 mais de 30 institui\u00e7\u00f5es, entre for\u00e7as de seguran\u00e7a, escolas municipais, estaduais e particulares, al\u00e9m de bandas independentes. O evento ser\u00e1 realizado no domingo (7), a partir das 15h, em frente \u00e0 Prefeitura Municipal.<\/p>\n\n\n\n<p>Como parte da Semana da P\u00e1tria 2025, as comemora\u00e7\u00f5es come\u00e7aram no dia 1\u00ba de setembro com o hasteamento e arriamento das bandeiras, atividade conduzida por diferentes escolas e institui\u00e7\u00f5es, e seguem at\u00e9 o dia 5. A programa\u00e7\u00e3o tem como objetivo valorizar o civismo, a cidadania e a identidade nacional, envolvendo toda a comunidade escolar e a popula\u00e7\u00e3o paudalhense.<\/p>\n\n\n\n<p>A Secretaria de Educa\u00e7\u00e3o e Juventudes, junto \u00e0 Prefeitura, organizou a programa\u00e7\u00e3o que culmina no desfile, considerado o ponto alto das celebra\u00e7\u00f5es. Este ano, al\u00e9m das apresenta\u00e7\u00f5es escolares, o evento contar\u00e1 com a participa\u00e7\u00e3o de Pol\u00edcia Militar, Corpo de Bombeiros, Guarda Civil Municipal, Autarquia de Tr\u00e2nsito do Paudalho e as tradicionais bandas independentes que animam o p\u00fablico a cada edi\u00e7\u00e3o.<\/p>\n\n\n\n<p>O Desfile C\u00edvico celebra a Independ\u00eancia do Brasil e refor\u00e7a o compromisso do munic\u00edpio em preservar valores hist\u00f3ricos, culturais e educativos que fortalecem o sentimento de pertencimento e a mem\u00f3ria coletiva da popula\u00e7\u00e3o.<\/p>\n\n\n\n<p>Participa\u00e7\u00f5es \u2013 Desfile C\u00edvico 2025<\/p>\n\n\n\n<pre class=\"wp-block-code\"><code>1.  Pol\u00edcia Militar\n2.  Corpo de Bombeiros\n3.  Tiro de Guerra 07\/015 \u2013 Paudalho\n4.  Guarda Civil Municipal\n5.  Autarquia de Tr\u00e2nsito do Paudalho\n6.  Banda Independente 31 de Julho\n7.  Escola Municipal Santa Tereza\n8.  Escola Municipal Jo\u00e3o Francisco Bezerra\n9.  Escola Municipal Tancredo Neves\n10. Escola Municipal Manoel Alves\n11. Escola Municipal Joaquim Vitalino da Silva\n12. Escola Municipal Escola Nova do Desterro\n13. Escola Municipal Confedera\u00e7\u00e3o do Equador\n14. Escola Municipal S\u00e3o Bernardo\n15. Escola Municipal Irm\u00e3 Mary Donzelline\n16. Escola Municipal Guadalajara\n17. Escola Municipal Severino Jos\u00e9 Valentim\n18. Escola Municipal Herculano Bandeira\n19. Escola Municipal Sinh\u00f4 Bandeira\n20. Escola Municipal Eufr\u00e1sio Campos Gouveia\n21. Escola Municipal Jos\u00e9 Bonif\u00e1cio\n22. Col\u00e9gio Municipal de Guadalajara (CMG)\n23. Escola Estadual Confedera\u00e7\u00e3o do Equador (EREM)\n24. Escola Estadual Alfredo Freyre\n25. Escola Estadual Joaquim Virgolino\n26. Escola Estadual Isaura Barbosa de Castro\n27. Col\u00e9gio Exponencial\n28. Col\u00e9gio Recanto do Saber\n29. Col\u00e9gio Paudalhense\n30. Escola de Refer\u00eancia Erem Dr. Alu\u00edsio de Souza Cabral\n31. Banda Musical Independente Novo Horizonte\n32. Banda Musical Independente Musical Show\n33. Banda Marcial Independente Le\u00f5es do Norte<\/code><\/pre>\n\n\n\n<figure class=\"wp-block-gallery has-nested-images columns-default is-cropped wp-block-gallery-1 is-layout-flex wp-block-gallery-is-layout-flex\">\n<figure class=\"wp-block-image size-large\"><img loading=\"lazy\" decoding=\"async\" width=\"800\" height=\"450\" data-attachment-id=\"37327\" data-permalink=\"https:\/\/www.paudalho.pe.gov.br\/portal\/paudalho-divulga-programacao-da-semana-da-patria-e-do-desfile-civico-2025\/img-20250910-wa0025\/\" data-orig-file=\"https:\/\/www.paudalho.pe.gov.br\/portal\/wp-content\/uploads\/2025\/09\/IMG-20250910-WA0025.jpg\" data-orig-size=\"1290,694\" data-comments-opened=\"1\" data-image-meta=\"{&quot;aperture&quot;:&quot;0&quot;,&quot;credit&quot;:&quot;&quot;,&quot;camera&quot;:&quot;&quot;,&quot;caption&quot;:&quot;&quot;,&quot;created_timestamp&quot;:&quot;0&quot;,&quot;copyright&quot;:&quot;&quot;,&quot;focal_length&quot;:&quot;0&quot;,&quot;iso&quot;:&quot;0&quot;,&quot;shutter_speed&quot;:&quot;0&quot;,&quot;title&quot;:&quot;&quot;,&quot;orientation&quot;:&quot;0&quot;}\" data-image-title=\"IMG-20250910-WA0025\" data-image-description=\"\" data-image-caption=\"\" data-medium-file=\"https:\/\/www.paudalho.pe.gov.br\/portal\/wp-content\/uploads\/2025\/09\/IMG-20250910-WA0025-350x230.jpg\" data-large-file=\"https:\/\/www.paudalho.pe.gov.br\/portal\/wp-content\/uploads\/2025\/09\/IMG-20250910-WA0025-800x450.jpg\" data-id=\"37327\" src=\"https:\/\/www.paudalho.pe.gov.br\/portal\/wp-content\/uploads\/2025\/09\/IMG-20250910-WA0025-800x450.jpg\" alt=\"\" class=\"wp-image-37327\"\/><\/figure>\n\n\n\n<figure class=\"wp-block-image size-large\"><img loading=\"lazy\" decoding=\"async\" width=\"800\" height=\"450\" data-attachment-id=\"37328\" data-permalink=\"https:\/\/www.paudalho.pe.gov.br\/portal\/paudalho-divulga-programacao-da-semana-da-patria-e-do-desfile-civico-2025\/img-20250910-wa0026\/\" data-orig-file=\"https:\/\/www.paudalho.pe.gov.br\/portal\/wp-content\/uploads\/2025\/09\/IMG-20250910-WA0026.jpg\" data-orig-size=\"1290,723\" data-comments-opened=\"1\" data-image-meta=\"{&quot;aperture&quot;:&quot;0&quot;,&quot;credit&quot;:&quot;&quot;,&quot;camera&quot;:&quot;&quot;,&quot;caption&quot;:&quot;&quot;,&quot;created_timestamp&quot;:&quot;0&quot;,&quot;copyright&quot;:&quot;&quot;,&quot;focal_length&quot;:&quot;0&quot;,&quot;iso&quot;:&quot;0&quot;,&quot;shutter_speed&quot;:&quot;0&quot;,&quot;title&quot;:&quot;&quot;,&quot;orientation&quot;:&quot;0&quot;}\" data-image-title=\"IMG-20250910-WA0026\" data-image-description=\"\" data-image-caption=\"\" data-medium-file=\"https:\/\/www.paudalho.pe.gov.br\/portal\/wp-content\/uploads\/2025\/09\/IMG-20250910-WA0026-350x230.jpg\" data-large-file=\"https:\/\/www.paudalho.pe.gov.br\/portal\/wp-content\/uploads\/2025\/09\/IMG-20250910-WA0026-800x450.jpg\" data-id=\"37328\" src=\"https:\/\/www.paudalho.pe.gov.br\/portal\/wp-content\/uploads\/2025\/09\/IMG-20250910-WA0026-800x450.jpg\" alt=\"\" class=\"wp-image-37328\"\/><\/figure>\n\n\n\n<figure class=\"wp-block-image size-large\"><img loading=\"lazy\" decoding=\"async\" width=\"800\" height=\"450\" data-attachment-id=\"37332\" data-permalink=\"https:\/\/www.paudalho.pe.gov.br\/portal\/paudalho-divulga-programacao-da-semana-da-patria-e-do-desfile-civico-2025\/img-20250910-wa0023\/\" data-orig-file=\"https:\/\/www.paudalho.pe.gov.br\/portal\/wp-content\/uploads\/2025\/09\/IMG-20250910-WA0023.jpg\" data-orig-size=\"1290,732\" data-comments-opened=\"1\" data-image-meta=\"{&quot;aperture&quot;:&quot;0&quot;,&quot;credit&quot;:&quot;&quot;,&quot;camera&quot;:&quot;&quot;,&quot;caption&quot;:&quot;&quot;,&quot;created_timestamp&quot;:&quot;0&quot;,&quot;copyright&quot;:&quot;&quot;,&quot;focal_length&quot;:&quot;0&quot;,&quot;iso&quot;:&quot;0&quot;,&quot;shutter_speed&quot;:&quot;0&quot;,&quot;title&quot;:&quot;&quot;,&quot;orientation&quot;:&quot;0&quot;}\" data-image-title=\"IMG-20250910-WA0023\" data-image-description=\"\" data-image-caption=\"\" data-medium-file=\"https:\/\/www.paudalho.pe.gov.br\/portal\/wp-content\/uploads\/2025\/09\/IMG-20250910-WA0023-350x230.jpg\" data-large-file=\"https:\/\/www.paudalho.pe.gov.br\/portal\/wp-content\/uploads\/2025\/09\/IMG-20250910-WA0023-800x450.jpg\" data-id=\"37332\" src=\"https:\/\/www.paudalho.pe.gov.br\/portal\/wp-content\/uploads\/2025\/09\/IMG-20250910-WA0023-800x450.jpg\" alt=\"\" class=\"wp-image-37332\"\/><\/figure>\n\n\n\n<figure class=\"wp-block-image size-large\"><img loading=\"lazy\" decoding=\"async\" width=\"800\" height=\"450\" data-attachment-id=\"37331\" data-permalink=\"https:\/\/www.paudalho.pe.gov.br\/portal\/paudalho-divulga-programacao-da-semana-da-patria-e-do-desfile-civico-2025\/img-20250910-wa0024\/\" data-orig-file=\"https:\/\/www.paudalho.pe.gov.br\/portal\/wp-content\/uploads\/2025\/09\/IMG-20250910-WA0024.jpg\" data-orig-size=\"1290,747\" data-comments-opened=\"1\" data-image-meta=\"{&quot;aperture&quot;:&quot;0&quot;,&quot;credit&quot;:&quot;&quot;,&quot;camera&quot;:&quot;&quot;,&quot;caption&quot;:&quot;&quot;,&quot;created_timestamp&quot;:&quot;0&quot;,&quot;copyright&quot;:&quot;&quot;,&quot;focal_length&quot;:&quot;0&quot;,&quot;iso&quot;:&quot;0&quot;,&quot;shutter_speed&quot;:&quot;0&quot;,&quot;title&quot;:&quot;&quot;,&quot;orientation&quot;:&quot;0&quot;}\" data-image-title=\"IMG-20250910-WA0024\" data-image-description=\"\" data-image-caption=\"\" data-medium-file=\"https:\/\/www.paudalho.pe.gov.br\/portal\/wp-content\/uploads\/2025\/09\/IMG-20250910-WA0024-350x230.jpg\" data-large-file=\"https:\/\/www.paudalho.pe.gov.br\/portal\/wp-content\/uploads\/2025\/09\/IMG-20250910-WA0024-800x450.jpg\" data-id=\"37331\" src=\"https:\/\/www.paudalho.pe.gov.br\/portal\/wp-content\/uploads\/2025\/09\/IMG-20250910-WA0024-800x450.jpg\" alt=\"\" class=\"wp-image-37331\"\/><\/figure>\n\n\n\n<figure class=\"wp-block-image size-large\"><img loading=\"lazy\" decoding=\"async\" width=\"800\" height=\"450\" data-attachment-id=\"37330\" data-permalink=\"https:\/\/www.paudalho.pe.gov.br\/portal\/paudalho-divulga-programacao-da-semana-da-patria-e-do-desfile-civico-2025\/img-20250910-wa0027\/\" data-orig-file=\"https:\/\/www.paudalho.pe.gov.br\/portal\/wp-content\/uploads\/2025\/09\/IMG-20250910-WA0027.jpg\" data-orig-size=\"1290,747\" data-comments-opened=\"1\" data-image-meta=\"{&quot;aperture&quot;:&quot;0&quot;,&quot;credit&quot;:&quot;&quot;,&quot;camera&quot;:&quot;&quot;,&quot;caption&quot;:&quot;&quot;,&quot;created_timestamp&quot;:&quot;0&quot;,&quot;copyright&quot;:&quot;&quot;,&quot;focal_length&quot;:&quot;0&quot;,&quot;iso&quot;:&quot;0&quot;,&quot;shutter_speed&quot;:&quot;0&quot;,&quot;title&quot;:&quot;&quot;,&quot;orientation&quot;:&quot;0&quot;}\" data-image-title=\"IMG-20250910-WA0027\" data-image-description=\"\" data-image-caption=\"\" data-medium-file=\"https:\/\/www.paudalho.pe.gov.br\/portal\/wp-content\/uploads\/2025\/09\/IMG-20250910-WA0027-350x230.jpg\" data-large-file=\"https:\/\/www.paudalho.pe.gov.br\/portal\/wp-content\/uploads\/2025\/09\/IMG-20250910-WA0027-800x450.jpg\" data-id=\"37330\" src=\"https:\/\/www.paudalho.pe.gov.br\/portal\/wp-content\/uploads\/2025\/09\/IMG-20250910-WA0027-800x450.jpg\" alt=\"\" class=\"wp-image-37330\"\/><\/figure>\n\n\n\n<figure class=\"wp-block-image size-large\"><img loading=\"lazy\" decoding=\"async\" width=\"800\" height=\"450\" data-attachment-id=\"37329\" data-permalink=\"https:\/\/www.paudalho.pe.gov.br\/portal\/paudalho-divulga-programacao-da-semana-da-patria-e-do-desfile-civico-2025\/img-20250910-wa0021\/\" data-orig-file=\"https:\/\/www.paudalho.pe.gov.br\/portal\/wp-content\/uploads\/2025\/09\/IMG-20250910-WA0021.jpg\" data-orig-size=\"1290,714\" data-comments-opened=\"1\" data-image-meta=\"{&quot;aperture&quot;:&quot;0&quot;,&quot;credit&quot;:&quot;&quot;,&quot;camera&quot;:&quot;&quot;,&quot;caption&quot;:&quot;&quot;,&quot;created_timestamp&quot;:&quot;0&quot;,&quot;copyright&quot;:&quot;&quot;,&quot;focal_length&quot;:&quot;0&quot;,&quot;iso&quot;:&quot;0&quot;,&quot;shutter_speed&quot;:&quot;0&quot;,&quot;title&quot;:&quot;&quot;,&quot;orientation&quot;:&quot;0&quot;}\" data-image-title=\"IMG-20250910-WA0021\" data-image-description=\"\" data-image-caption=\"\" data-medium-file=\"https:\/\/www.paudalho.pe.gov.br\/portal\/wp-content\/uploads\/2025\/09\/IMG-20250910-WA0021-350x230.jpg\" data-large-file=\"https:\/\/www.paudalho.pe.gov.br\/portal\/wp-content\/uploads\/2025\/09\/IMG-20250910-WA0021-800x450.jpg\" data-id=\"37329\" src=\"https:\/\/www.paudalho.pe.gov.br\/portal\/wp-content\/uploads\/2025\/09\/IMG-20250910-WA0021-800x450.jpg\" alt=\"\" class=\"wp-image-37329\"\/><\/figure>\n\n\n\n<figure class=\"wp-block-image size-large\"><img loading=\"lazy\" decoding=\"async\" width=\"800\" height=\"450\" data-attachment-id=\"37333\" data-permalink=\"https:\/\/www.paudalho.pe.gov.br\/portal\/paudalho-divulga-programacao-da-semana-da-patria-e-do-desfile-civico-2025\/img-20250910-wa0022\/\" data-orig-file=\"https:\/\/www.paudalho.pe.gov.br\/portal\/wp-content\/uploads\/2025\/09\/IMG-20250910-WA0022.jpg\" data-orig-size=\"1289,685\" data-comments-opened=\"1\" data-image-meta=\"{&quot;aperture&quot;:&quot;0&quot;,&quot;credit&quot;:&quot;&quot;,&quot;camera&quot;:&quot;&quot;,&quot;caption&quot;:&quot;&quot;,&quot;created_timestamp&quot;:&quot;0&quot;,&quot;copyright&quot;:&quot;&quot;,&quot;focal_length&quot;:&quot;0&quot;,&quot;iso&quot;:&quot;0&quot;,&quot;shutter_speed&quot;:&quot;0&quot;,&quot;title&quot;:&quot;&quot;,&quot;orientation&quot;:&quot;0&quot;}\" data-image-title=\"IMG-20250910-WA0022\" data-image-description=\"\" data-image-caption=\"\" data-medium-file=\"https:\/\/www.paudalho.pe.gov.br\/portal\/wp-content\/uploads\/2025\/09\/IMG-20250910-WA0022-350x230.jpg\" data-large-file=\"https:\/\/www.paudalho.pe.gov.br\/portal\/wp-content\/uploads\/2025\/09\/IMG-20250910-WA0022-800x450.jpg\" data-id=\"37333\" src=\"https:\/\/www.paudalho.pe.gov.br\/portal\/wp-content\/uploads\/2025\/09\/IMG-20250910-WA0022-800x450.jpg\" alt=\"\" class=\"wp-image-37333\"\/><\/figure>\n\n\n\n<figure class=\"wp-block-image size-large\"><img loading=\"lazy\" decoding=\"async\" width=\"800\" height=\"450\" data-attachment-id=\"37334\" data-permalink=\"https:\/\/www.paudalho.pe.gov.br\/portal\/paudalho-divulga-programacao-da-semana-da-patria-e-do-desfile-civico-2025\/img-20250910-wa0018\/\" data-orig-file=\"https:\/\/www.paudalho.pe.gov.br\/portal\/wp-content\/uploads\/2025\/09\/IMG-20250910-WA0018.jpg\" data-orig-size=\"1290,706\" data-comments-opened=\"1\" data-image-meta=\"{&quot;aperture&quot;:&quot;0&quot;,&quot;credit&quot;:&quot;&quot;,&quot;camera&quot;:&quot;&quot;,&quot;caption&quot;:&quot;&quot;,&quot;created_timestamp&quot;:&quot;0&quot;,&quot;copyright&quot;:&quot;&quot;,&quot;focal_length&quot;:&quot;0&quot;,&quot;iso&quot;:&quot;0&quot;,&quot;shutter_speed&quot;:&quot;0&quot;,&quot;title&quot;:&quot;&quot;,&quot;orientation&quot;:&quot;0&quot;}\" data-image-title=\"IMG-20250910-WA0018\" data-image-description=\"\" data-image-caption=\"\" data-medium-file=\"https:\/\/www.paudalho.pe.gov.br\/portal\/wp-content\/uploads\/2025\/09\/IMG-20250910-WA0018-350x230.jpg\" data-large-file=\"https:\/\/www.paudalho.pe.gov.br\/portal\/wp-content\/uploads\/2025\/09\/IMG-20250910-WA0018-800x450.jpg\" data-id=\"37334\" src=\"https:\/\/www.paudalho.pe.gov.br\/portal\/wp-content\/uploads\/2025\/09\/IMG-20250910-WA0018-800x450.jpg\" alt=\"\" class=\"wp-image-37334\"\/><\/figure>\n\n\n\n<figure class=\"wp-block-image size-large\"><img loading=\"lazy\" decoding=\"async\" width=\"800\" height=\"450\" data-attachment-id=\"37335\" data-permalink=\"https:\/\/www.paudalho.pe.gov.br\/portal\/paudalho-divulga-programacao-da-semana-da-patria-e-do-desfile-civico-2025\/img-20250910-wa0019\/\" data-orig-file=\"https:\/\/www.paudalho.pe.gov.br\/portal\/wp-content\/uploads\/2025\/09\/IMG-20250910-WA0019.jpg\" data-orig-size=\"1289,731\" data-comments-opened=\"1\" data-image-meta=\"{&quot;aperture&quot;:&quot;0&quot;,&quot;credit&quot;:&quot;&quot;,&quot;camera&quot;:&quot;&quot;,&quot;caption&quot;:&quot;&quot;,&quot;created_timestamp&quot;:&quot;0&quot;,&quot;copyright&quot;:&quot;&quot;,&quot;focal_length&quot;:&quot;0&quot;,&quot;iso&quot;:&quot;0&quot;,&quot;shutter_speed&quot;:&quot;0&quot;,&quot;title&quot;:&quot;&quot;,&quot;orientation&quot;:&quot;0&quot;}\" data-image-title=\"IMG-20250910-WA0019\" data-image-description=\"\" data-image-caption=\"\" data-medium-file=\"https:\/\/www.paudalho.pe.gov.br\/portal\/wp-content\/uploads\/2025\/09\/IMG-20250910-WA0019-350x230.jpg\" data-large-file=\"https:\/\/www.paudalho.pe.gov.br\/portal\/wp-content\/uploads\/2025\/09\/IMG-20250910-WA0019-800x450.jpg\" data-id=\"37335\" src=\"https:\/\/www.paudalho.pe.gov.br\/portal\/wp-content\/uploads\/2025\/09\/IMG-20250910-WA0019-800x450.jpg\" alt=\"\" class=\"wp-image-37335\"\/><\/figure>\n<\/figure>\n","protected":false},"excerpt":{"rendered":"<p>O munic\u00edpio de Paudalho se prepara para um dos momentos mais tradicionais de seu calend\u00e1rio c\u00edvico-cultural: o Desfile C\u00edvico de 7 de Setembro, que este ano reunir\u00e1 mais de 30 institui\u00e7\u00f5es, entre for\u00e7as de seguran\u00e7a, escolas municipais, estaduais e particulares, al\u00e9m de bandas independentes. O evento ser\u00e1 realizado no domingo (7), a partir das 15h, [&hellip;]<\/p>\n","protected":false},"author":17,"featured_media":37330,"comment_status":"open","ping_status":"open","sticky":false,"template":"","format":"standard","meta":{"_jetpack_newsletter_access":"","_jetpack_dont_email_post_to_subs":false,"_jetpack_newsletter_tier_id":0,"_jetpack_memberships_contains_paywalled_content":false,"_jetpack_memberships_contains_paid_content":false,"footnotes":""},"categories":[2,520,1],"tags":[],"class_list":["post-37326","post","type-post","status-publish","format-standard","has-post-thumbnail","hentry","category-destaque","category-educacao-2","category-noticias"],"jetpack_featured_media_url":"https:\/\/www.paudalho.pe.gov.br\/portal\/wp-content\/uploads\/2025\/09\/IMG-20250910-WA0027.jpg","jetpack_sharing_enabled":true,"jetpack_shortlink":"https:\/\/wp.me\/p98mS2-9I2","_links":{"self":[{"href":"https:\/\/www.paudalho.pe.gov.br\/portal\/wp-json\/wp\/v2\/posts\/37326","targetHints":{"allow":["GET"]}}],"collection":[{"href":"https:\/\/www.paudalho.pe.gov.br\/portal\/wp-json\/wp\/v2\/posts"}],"about":[{"href":"https:\/\/www.paudalho.pe.gov.br\/portal\/wp-json\/wp\/v2\/types\/post"}],"author":[{"embeddable":true,"href":"https:\/\/www.paudalho.pe.gov.br\/portal\/wp-json\/wp\/v2\/users\/17"}],"replies":[{"embeddable":true,"href":"https:\/\/www.paudalho.pe.gov.br\/portal\/wp-json\/wp\/v2\/comments?post=37326"}],"version-history":[{"count":1,"href":"https:\/\/www.paudalho.pe.gov.br\/portal\/wp-json\/wp\/v2\/posts\/37326\/revisions"}],"predecessor-version":[{"id":37336,"href":"https:\/\/www.paudalho.pe.gov.br\/portal\/wp-json\/wp\/v2\/posts\/37326\/revisions\/37336"}],"wp:featuredmedia":[{"embeddable":true,"href":"https:\/\/www.paudalho.pe.gov.br\/portal\/wp-json\/wp\/v2\/media\/37330"}],"wp:attachment":[{"href":"https:\/\/www.paudalho.pe.gov.br\/portal\/wp-json\/wp\/v2\/media?parent=37326"}],"wp:term":[{"taxonomy":"category","embeddable":true,"href":"https:\/\/www.paudalho.pe.gov.br\/portal\/wp-json\/wp\/v2\/categories?post=37326"},{"taxonomy":"post_tag","embeddable":true,"href":"https:\/\/www.paudalho.pe.gov.br\/portal\/wp-json\/wp\/v2\/tags?post=37326"}],"curies":[{"name":"wp","href":"https:\/\/api.w.org\/{rel}","templated":true}]}}