{"id":37227,"date":"2025-08-25T10:15:00","date_gmt":"2025-08-25T13:15:00","guid":{"rendered":"https:\/\/www.paudalho.pe.gov.br\/portal\/?p=37227"},"modified":"2025-09-10T10:23:51","modified_gmt":"2025-09-10T13:23:51","slug":"vi-jornada-do-patrimonio-cultural-de-paudalho-encerra-programacao-com-acoes-em-diversas-comunidades","status":"publish","type":"post","link":"https:\/\/www.paudalho.pe.gov.br\/portal\/vi-jornada-do-patrimonio-cultural-de-paudalho-encerra-programacao-com-acoes-em-diversas-comunidades\/","title":{"rendered":"VI Jornada do Patrim\u00f4nio Cultural de Paudalho encerra programa\u00e7\u00e3o com a\u00e7\u00f5es em diversas comunidades"},"content":{"rendered":"\n<p>O \u00faltimo dia da VI Jornada do Patrim\u00f4nio Cultural de Paudalho, realizado nesta sexta-feira (22), uniu hist\u00f3ria, identidade e a valoriza\u00e7\u00e3o das tradi\u00e7\u00f5es locais em diferentes comunidades do munic\u00edpio.<\/p>\n\n\n\n<p>No Alto Dois Irm\u00e3os, a Escola Municipal Manoel da Rosa apresentou o tema \u201cRa\u00edzes vivas: valorizando os artistas de Paudalho\u201d. J\u00e1 na comunidade da Primavera, a Creche Municipal Carmem Pinheiro Campos Gouveia desenvolveu o projeto \u201cViv\u00eancias no Campo Novo: movimento e cultura na primeira inf\u00e2ncia\u201d.<\/p>\n\n\n\n<p>Em Ch\u00e3 do Outro, a Escola Municipal Severino Jos\u00e9 Valentim destacou a import\u00e2ncia da preserva\u00e7\u00e3o ambiental com o tema \u201cA Barragem Cursa\u00ed: origens e belezas naturais\u201d.<\/p>\n\n\n\n<p>Assim, a VI Jornada do Patrim\u00f4nio Cultural de Paudalho encerrou duas semanas de intensa programa\u00e7\u00e3o, que movimentou escolas de todas as regi\u00f5es do munic\u00edpio e aproximou os estudantes de suas pr\u00f3prias ra\u00edzes. O evento foi uma oportunidade de valorizar saberes, reconhecer a for\u00e7a das tradi\u00e7\u00f5es, preservar a mem\u00f3ria coletiva e despertar nos jovens o sentimento de pertencimento \u00e0 sua hist\u00f3ria e comunidade. A Jornada reafirma o compromisso da Prefeitura em promover a educa\u00e7\u00e3o aliada \u00e0 cultura, fortalecendo a identidade local e garantindo que o patrim\u00f4nio de Paudalho continue vivo e transmitido \u00e0s futuras gera\u00e7\u00f5es.<\/p>\n\n\n\n<figure class=\"wp-block-gallery has-nested-images columns-default is-cropped wp-block-gallery-1 is-layout-flex wp-block-gallery-is-layout-flex\">\n<figure class=\"wp-block-image size-large\"><img loading=\"lazy\" decoding=\"async\" width=\"800\" height=\"450\" data-attachment-id=\"37228\" data-permalink=\"https:\/\/www.paudalho.pe.gov.br\/portal\/vi-jornada-do-patrimonio-cultural-de-paudalho-encerra-programacao-com-acoes-em-diversas-comunidades\/img-20250910-wa0060\/\" data-orig-file=\"https:\/\/www.paudalho.pe.gov.br\/portal\/wp-content\/uploads\/2025\/09\/IMG-20250910-WA0060.jpg\" data-orig-size=\"1200,1600\" data-comments-opened=\"1\" data-image-meta=\"{&quot;aperture&quot;:&quot;0&quot;,&quot;credit&quot;:&quot;&quot;,&quot;camera&quot;:&quot;&quot;,&quot;caption&quot;:&quot;&quot;,&quot;created_timestamp&quot;:&quot;0&quot;,&quot;copyright&quot;:&quot;&quot;,&quot;focal_length&quot;:&quot;0&quot;,&quot;iso&quot;:&quot;0&quot;,&quot;shutter_speed&quot;:&quot;0&quot;,&quot;title&quot;:&quot;&quot;,&quot;orientation&quot;:&quot;0&quot;}\" data-image-title=\"IMG-20250910-WA0060\" data-image-description=\"\" data-image-caption=\"\" data-medium-file=\"https:\/\/www.paudalho.pe.gov.br\/portal\/wp-content\/uploads\/2025\/09\/IMG-20250910-WA0060-350x230.jpg\" data-large-file=\"https:\/\/www.paudalho.pe.gov.br\/portal\/wp-content\/uploads\/2025\/09\/IMG-20250910-WA0060-800x450.jpg\" data-id=\"37228\" src=\"https:\/\/www.paudalho.pe.gov.br\/portal\/wp-content\/uploads\/2025\/09\/IMG-20250910-WA0060-800x450.jpg\" alt=\"\" class=\"wp-image-37228\"\/><\/figure>\n\n\n\n<figure class=\"wp-block-image size-large\"><img loading=\"lazy\" decoding=\"async\" width=\"800\" height=\"450\" data-attachment-id=\"37230\" data-permalink=\"https:\/\/www.paudalho.pe.gov.br\/portal\/vi-jornada-do-patrimonio-cultural-de-paudalho-encerra-programacao-com-acoes-em-diversas-comunidades\/img-20250910-wa0053\/\" data-orig-file=\"https:\/\/www.paudalho.pe.gov.br\/portal\/wp-content\/uploads\/2025\/09\/IMG-20250910-WA0053.jpg\" data-orig-size=\"1280,960\" data-comments-opened=\"1\" data-image-meta=\"{&quot;aperture&quot;:&quot;0&quot;,&quot;credit&quot;:&quot;&quot;,&quot;camera&quot;:&quot;&quot;,&quot;caption&quot;:&quot;&quot;,&quot;created_timestamp&quot;:&quot;0&quot;,&quot;copyright&quot;:&quot;&quot;,&quot;focal_length&quot;:&quot;0&quot;,&quot;iso&quot;:&quot;0&quot;,&quot;shutter_speed&quot;:&quot;0&quot;,&quot;title&quot;:&quot;&quot;,&quot;orientation&quot;:&quot;0&quot;}\" data-image-title=\"IMG-20250910-WA0053\" data-image-description=\"\" data-image-caption=\"\" data-medium-file=\"https:\/\/www.paudalho.pe.gov.br\/portal\/wp-content\/uploads\/2025\/09\/IMG-20250910-WA0053-350x230.jpg\" data-large-file=\"https:\/\/www.paudalho.pe.gov.br\/portal\/wp-content\/uploads\/2025\/09\/IMG-20250910-WA0053-800x450.jpg\" data-id=\"37230\" src=\"https:\/\/www.paudalho.pe.gov.br\/portal\/wp-content\/uploads\/2025\/09\/IMG-20250910-WA0053-800x450.jpg\" alt=\"\" class=\"wp-image-37230\"\/><\/figure>\n\n\n\n<figure class=\"wp-block-image size-large\"><img loading=\"lazy\" decoding=\"async\" width=\"800\" height=\"450\" data-attachment-id=\"37232\" data-permalink=\"https:\/\/www.paudalho.pe.gov.br\/portal\/vi-jornada-do-patrimonio-cultural-de-paudalho-encerra-programacao-com-acoes-em-diversas-comunidades\/img-20250910-wa0054\/\" data-orig-file=\"https:\/\/www.paudalho.pe.gov.br\/portal\/wp-content\/uploads\/2025\/09\/IMG-20250910-WA0054.jpg\" data-orig-size=\"1280,960\" data-comments-opened=\"1\" data-image-meta=\"{&quot;aperture&quot;:&quot;0&quot;,&quot;credit&quot;:&quot;&quot;,&quot;camera&quot;:&quot;&quot;,&quot;caption&quot;:&quot;&quot;,&quot;created_timestamp&quot;:&quot;0&quot;,&quot;copyright&quot;:&quot;&quot;,&quot;focal_length&quot;:&quot;0&quot;,&quot;iso&quot;:&quot;0&quot;,&quot;shutter_speed&quot;:&quot;0&quot;,&quot;title&quot;:&quot;&quot;,&quot;orientation&quot;:&quot;0&quot;}\" data-image-title=\"IMG-20250910-WA0054\" data-image-description=\"\" data-image-caption=\"\" data-medium-file=\"https:\/\/www.paudalho.pe.gov.br\/portal\/wp-content\/uploads\/2025\/09\/IMG-20250910-WA0054-350x230.jpg\" data-large-file=\"https:\/\/www.paudalho.pe.gov.br\/portal\/wp-content\/uploads\/2025\/09\/IMG-20250910-WA0054-800x450.jpg\" data-id=\"37232\" src=\"https:\/\/www.paudalho.pe.gov.br\/portal\/wp-content\/uploads\/2025\/09\/IMG-20250910-WA0054-800x450.jpg\" alt=\"\" class=\"wp-image-37232\"\/><\/figure>\n\n\n\n<figure class=\"wp-block-image size-large\"><img loading=\"lazy\" decoding=\"async\" width=\"800\" height=\"450\" data-attachment-id=\"37231\" data-permalink=\"https:\/\/www.paudalho.pe.gov.br\/portal\/vi-jornada-do-patrimonio-cultural-de-paudalho-encerra-programacao-com-acoes-em-diversas-comunidades\/img-20250910-wa0055\/\" data-orig-file=\"https:\/\/www.paudalho.pe.gov.br\/portal\/wp-content\/uploads\/2025\/09\/IMG-20250910-WA0055.jpg\" data-orig-size=\"1600,1200\" data-comments-opened=\"1\" data-image-meta=\"{&quot;aperture&quot;:&quot;0&quot;,&quot;credit&quot;:&quot;&quot;,&quot;camera&quot;:&quot;&quot;,&quot;caption&quot;:&quot;&quot;,&quot;created_timestamp&quot;:&quot;0&quot;,&quot;copyright&quot;:&quot;&quot;,&quot;focal_length&quot;:&quot;0&quot;,&quot;iso&quot;:&quot;0&quot;,&quot;shutter_speed&quot;:&quot;0&quot;,&quot;title&quot;:&quot;&quot;,&quot;orientation&quot;:&quot;0&quot;}\" data-image-title=\"IMG-20250910-WA0055\" data-image-description=\"\" data-image-caption=\"\" data-medium-file=\"https:\/\/www.paudalho.pe.gov.br\/portal\/wp-content\/uploads\/2025\/09\/IMG-20250910-WA0055-350x230.jpg\" data-large-file=\"https:\/\/www.paudalho.pe.gov.br\/portal\/wp-content\/uploads\/2025\/09\/IMG-20250910-WA0055-800x450.jpg\" data-id=\"37231\" src=\"https:\/\/www.paudalho.pe.gov.br\/portal\/wp-content\/uploads\/2025\/09\/IMG-20250910-WA0055-800x450.jpg\" alt=\"\" class=\"wp-image-37231\"\/><\/figure>\n\n\n\n<figure class=\"wp-block-image size-large\"><img loading=\"lazy\" decoding=\"async\" width=\"800\" height=\"450\" data-attachment-id=\"37233\" data-permalink=\"https:\/\/www.paudalho.pe.gov.br\/portal\/vi-jornada-do-patrimonio-cultural-de-paudalho-encerra-programacao-com-acoes-em-diversas-comunidades\/img-20250910-wa0056\/\" data-orig-file=\"https:\/\/www.paudalho.pe.gov.br\/portal\/wp-content\/uploads\/2025\/09\/IMG-20250910-WA0056.jpg\" data-orig-size=\"1280,960\" data-comments-opened=\"1\" data-image-meta=\"{&quot;aperture&quot;:&quot;0&quot;,&quot;credit&quot;:&quot;&quot;,&quot;camera&quot;:&quot;&quot;,&quot;caption&quot;:&quot;&quot;,&quot;created_timestamp&quot;:&quot;0&quot;,&quot;copyright&quot;:&quot;&quot;,&quot;focal_length&quot;:&quot;0&quot;,&quot;iso&quot;:&quot;0&quot;,&quot;shutter_speed&quot;:&quot;0&quot;,&quot;title&quot;:&quot;&quot;,&quot;orientation&quot;:&quot;0&quot;}\" data-image-title=\"IMG-20250910-WA0056\" data-image-description=\"\" data-image-caption=\"\" data-medium-file=\"https:\/\/www.paudalho.pe.gov.br\/portal\/wp-content\/uploads\/2025\/09\/IMG-20250910-WA0056-350x230.jpg\" data-large-file=\"https:\/\/www.paudalho.pe.gov.br\/portal\/wp-content\/uploads\/2025\/09\/IMG-20250910-WA0056-800x450.jpg\" data-id=\"37233\" src=\"https:\/\/www.paudalho.pe.gov.br\/portal\/wp-content\/uploads\/2025\/09\/IMG-20250910-WA0056-800x450.jpg\" alt=\"\" class=\"wp-image-37233\"\/><\/figure>\n\n\n\n<figure class=\"wp-block-image size-large\"><img loading=\"lazy\" decoding=\"async\" width=\"800\" height=\"450\" data-attachment-id=\"37229\" data-permalink=\"https:\/\/www.paudalho.pe.gov.br\/portal\/vi-jornada-do-patrimonio-cultural-de-paudalho-encerra-programacao-com-acoes-em-diversas-comunidades\/img-20250910-wa0057\/\" data-orig-file=\"https:\/\/www.paudalho.pe.gov.br\/portal\/wp-content\/uploads\/2025\/09\/IMG-20250910-WA0057.jpg\" data-orig-size=\"960,1280\" data-comments-opened=\"1\" data-image-meta=\"{&quot;aperture&quot;:&quot;0&quot;,&quot;credit&quot;:&quot;&quot;,&quot;camera&quot;:&quot;&quot;,&quot;caption&quot;:&quot;&quot;,&quot;created_timestamp&quot;:&quot;0&quot;,&quot;copyright&quot;:&quot;&quot;,&quot;focal_length&quot;:&quot;0&quot;,&quot;iso&quot;:&quot;0&quot;,&quot;shutter_speed&quot;:&quot;0&quot;,&quot;title&quot;:&quot;&quot;,&quot;orientation&quot;:&quot;0&quot;}\" data-image-title=\"IMG-20250910-WA0057\" data-image-description=\"\" data-image-caption=\"\" data-medium-file=\"https:\/\/www.paudalho.pe.gov.br\/portal\/wp-content\/uploads\/2025\/09\/IMG-20250910-WA0057-350x230.jpg\" data-large-file=\"https:\/\/www.paudalho.pe.gov.br\/portal\/wp-content\/uploads\/2025\/09\/IMG-20250910-WA0057-800x450.jpg\" data-id=\"37229\" src=\"https:\/\/www.paudalho.pe.gov.br\/portal\/wp-content\/uploads\/2025\/09\/IMG-20250910-WA0057-800x450.jpg\" alt=\"\" class=\"wp-image-37229\"\/><\/figure>\n\n\n\n<figure class=\"wp-block-image size-large\"><img loading=\"lazy\" decoding=\"async\" width=\"800\" height=\"450\" data-attachment-id=\"37237\" data-permalink=\"https:\/\/www.paudalho.pe.gov.br\/portal\/vi-jornada-do-patrimonio-cultural-de-paudalho-encerra-programacao-com-acoes-em-diversas-comunidades\/img-20250910-wa0058\/\" data-orig-file=\"https:\/\/www.paudalho.pe.gov.br\/portal\/wp-content\/uploads\/2025\/09\/IMG-20250910-WA0058.jpg\" data-orig-size=\"1280,960\" data-comments-opened=\"1\" data-image-meta=\"{&quot;aperture&quot;:&quot;0&quot;,&quot;credit&quot;:&quot;&quot;,&quot;camera&quot;:&quot;&quot;,&quot;caption&quot;:&quot;&quot;,&quot;created_timestamp&quot;:&quot;0&quot;,&quot;copyright&quot;:&quot;&quot;,&quot;focal_length&quot;:&quot;0&quot;,&quot;iso&quot;:&quot;0&quot;,&quot;shutter_speed&quot;:&quot;0&quot;,&quot;title&quot;:&quot;&quot;,&quot;orientation&quot;:&quot;0&quot;}\" data-image-title=\"IMG-20250910-WA0058\" data-image-description=\"\" data-image-caption=\"\" data-medium-file=\"https:\/\/www.paudalho.pe.gov.br\/portal\/wp-content\/uploads\/2025\/09\/IMG-20250910-WA0058-350x230.jpg\" data-large-file=\"https:\/\/www.paudalho.pe.gov.br\/portal\/wp-content\/uploads\/2025\/09\/IMG-20250910-WA0058-800x450.jpg\" data-id=\"37237\" src=\"https:\/\/www.paudalho.pe.gov.br\/portal\/wp-content\/uploads\/2025\/09\/IMG-20250910-WA0058-800x450.jpg\" alt=\"\" class=\"wp-image-37237\"\/><\/figure>\n\n\n\n<figure class=\"wp-block-image size-large\"><img loading=\"lazy\" decoding=\"async\" width=\"800\" height=\"450\" data-attachment-id=\"37234\" data-permalink=\"https:\/\/www.paudalho.pe.gov.br\/portal\/vi-jornada-do-patrimonio-cultural-de-paudalho-encerra-programacao-com-acoes-em-diversas-comunidades\/img-20250910-wa0048\/\" data-orig-file=\"https:\/\/www.paudalho.pe.gov.br\/portal\/wp-content\/uploads\/2025\/09\/IMG-20250910-WA0048.jpg\" data-orig-size=\"1280,960\" data-comments-opened=\"1\" data-image-meta=\"{&quot;aperture&quot;:&quot;0&quot;,&quot;credit&quot;:&quot;&quot;,&quot;camera&quot;:&quot;&quot;,&quot;caption&quot;:&quot;&quot;,&quot;created_timestamp&quot;:&quot;0&quot;,&quot;copyright&quot;:&quot;&quot;,&quot;focal_length&quot;:&quot;0&quot;,&quot;iso&quot;:&quot;0&quot;,&quot;shutter_speed&quot;:&quot;0&quot;,&quot;title&quot;:&quot;&quot;,&quot;orientation&quot;:&quot;0&quot;}\" data-image-title=\"IMG-20250910-WA0048\" data-image-description=\"\" data-image-caption=\"\" data-medium-file=\"https:\/\/www.paudalho.pe.gov.br\/portal\/wp-content\/uploads\/2025\/09\/IMG-20250910-WA0048-350x230.jpg\" data-large-file=\"https:\/\/www.paudalho.pe.gov.br\/portal\/wp-content\/uploads\/2025\/09\/IMG-20250910-WA0048-800x450.jpg\" data-id=\"37234\" src=\"https:\/\/www.paudalho.pe.gov.br\/portal\/wp-content\/uploads\/2025\/09\/IMG-20250910-WA0048-800x450.jpg\" alt=\"\" class=\"wp-image-37234\"\/><\/figure>\n\n\n\n<figure class=\"wp-block-image size-large\"><img loading=\"lazy\" decoding=\"async\" width=\"800\" height=\"450\" data-attachment-id=\"37235\" data-permalink=\"https:\/\/www.paudalho.pe.gov.br\/portal\/vi-jornada-do-patrimonio-cultural-de-paudalho-encerra-programacao-com-acoes-em-diversas-comunidades\/img-20250910-wa0049\/\" data-orig-file=\"https:\/\/www.paudalho.pe.gov.br\/portal\/wp-content\/uploads\/2025\/09\/IMG-20250910-WA0049.jpg\" data-orig-size=\"1600,1200\" data-comments-opened=\"1\" data-image-meta=\"{&quot;aperture&quot;:&quot;0&quot;,&quot;credit&quot;:&quot;&quot;,&quot;camera&quot;:&quot;&quot;,&quot;caption&quot;:&quot;&quot;,&quot;created_timestamp&quot;:&quot;0&quot;,&quot;copyright&quot;:&quot;&quot;,&quot;focal_length&quot;:&quot;0&quot;,&quot;iso&quot;:&quot;0&quot;,&quot;shutter_speed&quot;:&quot;0&quot;,&quot;title&quot;:&quot;&quot;,&quot;orientation&quot;:&quot;0&quot;}\" data-image-title=\"IMG-20250910-WA0049\" data-image-description=\"\" data-image-caption=\"\" data-medium-file=\"https:\/\/www.paudalho.pe.gov.br\/portal\/wp-content\/uploads\/2025\/09\/IMG-20250910-WA0049-350x230.jpg\" data-large-file=\"https:\/\/www.paudalho.pe.gov.br\/portal\/wp-content\/uploads\/2025\/09\/IMG-20250910-WA0049-800x450.jpg\" data-id=\"37235\" src=\"https:\/\/www.paudalho.pe.gov.br\/portal\/wp-content\/uploads\/2025\/09\/IMG-20250910-WA0049-800x450.jpg\" alt=\"\" class=\"wp-image-37235\"\/><\/figure>\n\n\n\n<figure class=\"wp-block-image size-large\"><img loading=\"lazy\" decoding=\"async\" width=\"800\" height=\"450\" data-attachment-id=\"37236\" data-permalink=\"https:\/\/www.paudalho.pe.gov.br\/portal\/vi-jornada-do-patrimonio-cultural-de-paudalho-encerra-programacao-com-acoes-em-diversas-comunidades\/img-20250910-wa0050\/\" data-orig-file=\"https:\/\/www.paudalho.pe.gov.br\/portal\/wp-content\/uploads\/2025\/09\/IMG-20250910-WA0050.jpg\" data-orig-size=\"1600,900\" data-comments-opened=\"1\" data-image-meta=\"{&quot;aperture&quot;:&quot;0&quot;,&quot;credit&quot;:&quot;&quot;,&quot;camera&quot;:&quot;&quot;,&quot;caption&quot;:&quot;&quot;,&quot;created_timestamp&quot;:&quot;0&quot;,&quot;copyright&quot;:&quot;&quot;,&quot;focal_length&quot;:&quot;0&quot;,&quot;iso&quot;:&quot;0&quot;,&quot;shutter_speed&quot;:&quot;0&quot;,&quot;title&quot;:&quot;&quot;,&quot;orientation&quot;:&quot;0&quot;}\" data-image-title=\"IMG-20250910-WA0050\" data-image-description=\"\" data-image-caption=\"\" data-medium-file=\"https:\/\/www.paudalho.pe.gov.br\/portal\/wp-content\/uploads\/2025\/09\/IMG-20250910-WA0050-350x230.jpg\" data-large-file=\"https:\/\/www.paudalho.pe.gov.br\/portal\/wp-content\/uploads\/2025\/09\/IMG-20250910-WA0050-800x450.jpg\" data-id=\"37236\" src=\"https:\/\/www.paudalho.pe.gov.br\/portal\/wp-content\/uploads\/2025\/09\/IMG-20250910-WA0050-800x450.jpg\" alt=\"\" class=\"wp-image-37236\" srcset=\"https:\/\/www.paudalho.pe.gov.br\/portal\/wp-content\/uploads\/2025\/09\/IMG-20250910-WA0050-800x450.jpg 800w, https:\/\/www.paudalho.pe.gov.br\/portal\/wp-content\/uploads\/2025\/09\/IMG-20250910-WA0050-768x432.jpg 768w, https:\/\/www.paudalho.pe.gov.br\/portal\/wp-content\/uploads\/2025\/09\/IMG-20250910-WA0050-1536x864.jpg 1536w, https:\/\/www.paudalho.pe.gov.br\/portal\/wp-content\/uploads\/2025\/09\/IMG-20250910-WA0050.jpg 1600w\" sizes=\"auto, (max-width: 800px) 100vw, 800px\" \/><\/figure>\n\n\n\n<figure class=\"wp-block-image size-large\"><img loading=\"lazy\" decoding=\"async\" width=\"800\" height=\"450\" data-attachment-id=\"37239\" data-permalink=\"https:\/\/www.paudalho.pe.gov.br\/portal\/vi-jornada-do-patrimonio-cultural-de-paudalho-encerra-programacao-com-acoes-em-diversas-comunidades\/img-20250910-wa0051\/\" data-orig-file=\"https:\/\/www.paudalho.pe.gov.br\/portal\/wp-content\/uploads\/2025\/09\/IMG-20250910-WA0051.jpg\" data-orig-size=\"1280,960\" data-comments-opened=\"1\" data-image-meta=\"{&quot;aperture&quot;:&quot;0&quot;,&quot;credit&quot;:&quot;&quot;,&quot;camera&quot;:&quot;&quot;,&quot;caption&quot;:&quot;&quot;,&quot;created_timestamp&quot;:&quot;0&quot;,&quot;copyright&quot;:&quot;&quot;,&quot;focal_length&quot;:&quot;0&quot;,&quot;iso&quot;:&quot;0&quot;,&quot;shutter_speed&quot;:&quot;0&quot;,&quot;title&quot;:&quot;&quot;,&quot;orientation&quot;:&quot;0&quot;}\" data-image-title=\"IMG-20250910-WA0051\" data-image-description=\"\" data-image-caption=\"\" data-medium-file=\"https:\/\/www.paudalho.pe.gov.br\/portal\/wp-content\/uploads\/2025\/09\/IMG-20250910-WA0051-350x230.jpg\" data-large-file=\"https:\/\/www.paudalho.pe.gov.br\/portal\/wp-content\/uploads\/2025\/09\/IMG-20250910-WA0051-800x450.jpg\" data-id=\"37239\" src=\"https:\/\/www.paudalho.pe.gov.br\/portal\/wp-content\/uploads\/2025\/09\/IMG-20250910-WA0051-800x450.jpg\" alt=\"\" class=\"wp-image-37239\"\/><\/figure>\n\n\n\n<figure class=\"wp-block-image size-large\"><img loading=\"lazy\" decoding=\"async\" width=\"800\" height=\"450\" data-attachment-id=\"37238\" data-permalink=\"https:\/\/www.paudalho.pe.gov.br\/portal\/vi-jornada-do-patrimonio-cultural-de-paudalho-encerra-programacao-com-acoes-em-diversas-comunidades\/img-20250910-wa0052\/\" data-orig-file=\"https:\/\/www.paudalho.pe.gov.br\/portal\/wp-content\/uploads\/2025\/09\/IMG-20250910-WA0052.jpg\" data-orig-size=\"1280,960\" data-comments-opened=\"1\" data-image-meta=\"{&quot;aperture&quot;:&quot;0&quot;,&quot;credit&quot;:&quot;&quot;,&quot;camera&quot;:&quot;&quot;,&quot;caption&quot;:&quot;&quot;,&quot;created_timestamp&quot;:&quot;0&quot;,&quot;copyright&quot;:&quot;&quot;,&quot;focal_length&quot;:&quot;0&quot;,&quot;iso&quot;:&quot;0&quot;,&quot;shutter_speed&quot;:&quot;0&quot;,&quot;title&quot;:&quot;&quot;,&quot;orientation&quot;:&quot;0&quot;}\" data-image-title=\"IMG-20250910-WA0052\" data-image-description=\"\" data-image-caption=\"\" data-medium-file=\"https:\/\/www.paudalho.pe.gov.br\/portal\/wp-content\/uploads\/2025\/09\/IMG-20250910-WA0052-350x230.jpg\" data-large-file=\"https:\/\/www.paudalho.pe.gov.br\/portal\/wp-content\/uploads\/2025\/09\/IMG-20250910-WA0052-800x450.jpg\" data-id=\"37238\" src=\"https:\/\/www.paudalho.pe.gov.br\/portal\/wp-content\/uploads\/2025\/09\/IMG-20250910-WA0052-800x450.jpg\" alt=\"\" class=\"wp-image-37238\"\/><\/figure>\n\n\n\n<figure class=\"wp-block-image size-large\"><img loading=\"lazy\" decoding=\"async\" width=\"800\" height=\"450\" data-attachment-id=\"37240\" data-permalink=\"https:\/\/www.paudalho.pe.gov.br\/portal\/vi-jornada-do-patrimonio-cultural-de-paudalho-encerra-programacao-com-acoes-em-diversas-comunidades\/img-20250910-wa0045\/\" data-orig-file=\"https:\/\/www.paudalho.pe.gov.br\/portal\/wp-content\/uploads\/2025\/09\/IMG-20250910-WA0045.jpg\" data-orig-size=\"900,1600\" data-comments-opened=\"1\" data-image-meta=\"{&quot;aperture&quot;:&quot;0&quot;,&quot;credit&quot;:&quot;&quot;,&quot;camera&quot;:&quot;&quot;,&quot;caption&quot;:&quot;&quot;,&quot;created_timestamp&quot;:&quot;0&quot;,&quot;copyright&quot;:&quot;&quot;,&quot;focal_length&quot;:&quot;0&quot;,&quot;iso&quot;:&quot;0&quot;,&quot;shutter_speed&quot;:&quot;0&quot;,&quot;title&quot;:&quot;&quot;,&quot;orientation&quot;:&quot;0&quot;}\" data-image-title=\"IMG-20250910-WA0045\" data-image-description=\"\" data-image-caption=\"\" data-medium-file=\"https:\/\/www.paudalho.pe.gov.br\/portal\/wp-content\/uploads\/2025\/09\/IMG-20250910-WA0045-350x230.jpg\" data-large-file=\"https:\/\/www.paudalho.pe.gov.br\/portal\/wp-content\/uploads\/2025\/09\/IMG-20250910-WA0045-800x450.jpg\" data-id=\"37240\" src=\"https:\/\/www.paudalho.pe.gov.br\/portal\/wp-content\/uploads\/2025\/09\/IMG-20250910-WA0045-800x450.jpg\" alt=\"\" class=\"wp-image-37240\"\/><\/figure>\n\n\n\n<figure class=\"wp-block-image size-large\"><img loading=\"lazy\" decoding=\"async\" width=\"800\" height=\"450\" data-attachment-id=\"37241\" data-permalink=\"https:\/\/www.paudalho.pe.gov.br\/portal\/vi-jornada-do-patrimonio-cultural-de-paudalho-encerra-programacao-com-acoes-em-diversas-comunidades\/img-20250910-wa0046\/\" data-orig-file=\"https:\/\/www.paudalho.pe.gov.br\/portal\/wp-content\/uploads\/2025\/09\/IMG-20250910-WA0046.jpg\" data-orig-size=\"1280,960\" data-comments-opened=\"1\" data-image-meta=\"{&quot;aperture&quot;:&quot;0&quot;,&quot;credit&quot;:&quot;&quot;,&quot;camera&quot;:&quot;&quot;,&quot;caption&quot;:&quot;&quot;,&quot;created_timestamp&quot;:&quot;0&quot;,&quot;copyright&quot;:&quot;&quot;,&quot;focal_length&quot;:&quot;0&quot;,&quot;iso&quot;:&quot;0&quot;,&quot;shutter_speed&quot;:&quot;0&quot;,&quot;title&quot;:&quot;&quot;,&quot;orientation&quot;:&quot;0&quot;}\" data-image-title=\"IMG-20250910-WA0046\" data-image-description=\"\" data-image-caption=\"\" data-medium-file=\"https:\/\/www.paudalho.pe.gov.br\/portal\/wp-content\/uploads\/2025\/09\/IMG-20250910-WA0046-350x230.jpg\" data-large-file=\"https:\/\/www.paudalho.pe.gov.br\/portal\/wp-content\/uploads\/2025\/09\/IMG-20250910-WA0046-800x450.jpg\" data-id=\"37241\" src=\"https:\/\/www.paudalho.pe.gov.br\/portal\/wp-content\/uploads\/2025\/09\/IMG-20250910-WA0046-800x450.jpg\" alt=\"\" class=\"wp-image-37241\"\/><\/figure>\n\n\n\n<figure class=\"wp-block-image size-large\"><img loading=\"lazy\" decoding=\"async\" width=\"800\" height=\"450\" data-attachment-id=\"37243\" data-permalink=\"https:\/\/www.paudalho.pe.gov.br\/portal\/vi-jornada-do-patrimonio-cultural-de-paudalho-encerra-programacao-com-acoes-em-diversas-comunidades\/img-20250910-wa0047\/\" data-orig-file=\"https:\/\/www.paudalho.pe.gov.br\/portal\/wp-content\/uploads\/2025\/09\/IMG-20250910-WA0047.jpg\" data-orig-size=\"1280,960\" data-comments-opened=\"1\" data-image-meta=\"{&quot;aperture&quot;:&quot;0&quot;,&quot;credit&quot;:&quot;&quot;,&quot;camera&quot;:&quot;&quot;,&quot;caption&quot;:&quot;&quot;,&quot;created_timestamp&quot;:&quot;0&quot;,&quot;copyright&quot;:&quot;&quot;,&quot;focal_length&quot;:&quot;0&quot;,&quot;iso&quot;:&quot;0&quot;,&quot;shutter_speed&quot;:&quot;0&quot;,&quot;title&quot;:&quot;&quot;,&quot;orientation&quot;:&quot;0&quot;}\" data-image-title=\"IMG-20250910-WA0047\" data-image-description=\"\" data-image-caption=\"\" data-medium-file=\"https:\/\/www.paudalho.pe.gov.br\/portal\/wp-content\/uploads\/2025\/09\/IMG-20250910-WA0047-350x230.jpg\" data-large-file=\"https:\/\/www.paudalho.pe.gov.br\/portal\/wp-content\/uploads\/2025\/09\/IMG-20250910-WA0047-800x450.jpg\" data-id=\"37243\" src=\"https:\/\/www.paudalho.pe.gov.br\/portal\/wp-content\/uploads\/2025\/09\/IMG-20250910-WA0047-800x450.jpg\" alt=\"\" class=\"wp-image-37243\"\/><\/figure>\n\n\n\n<figure class=\"wp-block-image size-large\"><img loading=\"lazy\" decoding=\"async\" width=\"800\" height=\"450\" data-attachment-id=\"37242\" data-permalink=\"https:\/\/www.paudalho.pe.gov.br\/portal\/vi-jornada-do-patrimonio-cultural-de-paudalho-encerra-programacao-com-acoes-em-diversas-comunidades\/img-20250910-wa0041\/\" data-orig-file=\"https:\/\/www.paudalho.pe.gov.br\/portal\/wp-content\/uploads\/2025\/09\/IMG-20250910-WA0041.jpg\" data-orig-size=\"1599,899\" data-comments-opened=\"1\" data-image-meta=\"{&quot;aperture&quot;:&quot;0&quot;,&quot;credit&quot;:&quot;&quot;,&quot;camera&quot;:&quot;&quot;,&quot;caption&quot;:&quot;&quot;,&quot;created_timestamp&quot;:&quot;0&quot;,&quot;copyright&quot;:&quot;&quot;,&quot;focal_length&quot;:&quot;0&quot;,&quot;iso&quot;:&quot;0&quot;,&quot;shutter_speed&quot;:&quot;0&quot;,&quot;title&quot;:&quot;&quot;,&quot;orientation&quot;:&quot;0&quot;}\" data-image-title=\"IMG-20250910-WA0041\" data-image-description=\"\" data-image-caption=\"\" data-medium-file=\"https:\/\/www.paudalho.pe.gov.br\/portal\/wp-content\/uploads\/2025\/09\/IMG-20250910-WA0041-350x230.jpg\" data-large-file=\"https:\/\/www.paudalho.pe.gov.br\/portal\/wp-content\/uploads\/2025\/09\/IMG-20250910-WA0041-800x450.jpg\" data-id=\"37242\" src=\"https:\/\/www.paudalho.pe.gov.br\/portal\/wp-content\/uploads\/2025\/09\/IMG-20250910-WA0041-800x450.jpg\" alt=\"\" class=\"wp-image-37242\" srcset=\"https:\/\/www.paudalho.pe.gov.br\/portal\/wp-content\/uploads\/2025\/09\/IMG-20250910-WA0041-800x450.jpg 800w, https:\/\/www.paudalho.pe.gov.br\/portal\/wp-content\/uploads\/2025\/09\/IMG-20250910-WA0041-768x432.jpg 768w, https:\/\/www.paudalho.pe.gov.br\/portal\/wp-content\/uploads\/2025\/09\/IMG-20250910-WA0041-1536x864.jpg 1536w, https:\/\/www.paudalho.pe.gov.br\/portal\/wp-content\/uploads\/2025\/09\/IMG-20250910-WA0041.jpg 1599w\" sizes=\"auto, (max-width: 800px) 100vw, 800px\" \/><\/figure>\n\n\n\n<figure class=\"wp-block-image size-large\"><img loading=\"lazy\" decoding=\"async\" width=\"800\" height=\"450\" data-attachment-id=\"37245\" data-permalink=\"https:\/\/www.paudalho.pe.gov.br\/portal\/vi-jornada-do-patrimonio-cultural-de-paudalho-encerra-programacao-com-acoes-em-diversas-comunidades\/img-20250910-wa0042\/\" data-orig-file=\"https:\/\/www.paudalho.pe.gov.br\/portal\/wp-content\/uploads\/2025\/09\/IMG-20250910-WA0042.jpg\" data-orig-size=\"1600,1200\" data-comments-opened=\"1\" data-image-meta=\"{&quot;aperture&quot;:&quot;0&quot;,&quot;credit&quot;:&quot;&quot;,&quot;camera&quot;:&quot;&quot;,&quot;caption&quot;:&quot;&quot;,&quot;created_timestamp&quot;:&quot;0&quot;,&quot;copyright&quot;:&quot;&quot;,&quot;focal_length&quot;:&quot;0&quot;,&quot;iso&quot;:&quot;0&quot;,&quot;shutter_speed&quot;:&quot;0&quot;,&quot;title&quot;:&quot;&quot;,&quot;orientation&quot;:&quot;0&quot;}\" data-image-title=\"IMG-20250910-WA0042\" data-image-description=\"\" data-image-caption=\"\" data-medium-file=\"https:\/\/www.paudalho.pe.gov.br\/portal\/wp-content\/uploads\/2025\/09\/IMG-20250910-WA0042-350x230.jpg\" data-large-file=\"https:\/\/www.paudalho.pe.gov.br\/portal\/wp-content\/uploads\/2025\/09\/IMG-20250910-WA0042-800x450.jpg\" data-id=\"37245\" src=\"https:\/\/www.paudalho.pe.gov.br\/portal\/wp-content\/uploads\/2025\/09\/IMG-20250910-WA0042-800x450.jpg\" alt=\"\" class=\"wp-image-37245\"\/><\/figure>\n\n\n\n<figure class=\"wp-block-image size-large\"><img loading=\"lazy\" decoding=\"async\" width=\"800\" height=\"450\" data-attachment-id=\"37244\" data-permalink=\"https:\/\/www.paudalho.pe.gov.br\/portal\/vi-jornada-do-patrimonio-cultural-de-paudalho-encerra-programacao-com-acoes-em-diversas-comunidades\/img-20250910-wa0043\/\" data-orig-file=\"https:\/\/www.paudalho.pe.gov.br\/portal\/wp-content\/uploads\/2025\/09\/IMG-20250910-WA0043.jpg\" data-orig-size=\"960,1280\" data-comments-opened=\"1\" data-image-meta=\"{&quot;aperture&quot;:&quot;0&quot;,&quot;credit&quot;:&quot;&quot;,&quot;camera&quot;:&quot;&quot;,&quot;caption&quot;:&quot;&quot;,&quot;created_timestamp&quot;:&quot;0&quot;,&quot;copyright&quot;:&quot;&quot;,&quot;focal_length&quot;:&quot;0&quot;,&quot;iso&quot;:&quot;0&quot;,&quot;shutter_speed&quot;:&quot;0&quot;,&quot;title&quot;:&quot;&quot;,&quot;orientation&quot;:&quot;0&quot;}\" data-image-title=\"IMG-20250910-WA0043\" data-image-description=\"\" data-image-caption=\"\" data-medium-file=\"https:\/\/www.paudalho.pe.gov.br\/portal\/wp-content\/uploads\/2025\/09\/IMG-20250910-WA0043-350x230.jpg\" data-large-file=\"https:\/\/www.paudalho.pe.gov.br\/portal\/wp-content\/uploads\/2025\/09\/IMG-20250910-WA0043-800x450.jpg\" data-id=\"37244\" src=\"https:\/\/www.paudalho.pe.gov.br\/portal\/wp-content\/uploads\/2025\/09\/IMG-20250910-WA0043-800x450.jpg\" alt=\"\" class=\"wp-image-37244\"\/><\/figure>\n\n\n\n<figure class=\"wp-block-image size-large\"><img loading=\"lazy\" decoding=\"async\" width=\"800\" height=\"450\" data-attachment-id=\"37246\" data-permalink=\"https:\/\/www.paudalho.pe.gov.br\/portal\/vi-jornada-do-patrimonio-cultural-de-paudalho-encerra-programacao-com-acoes-em-diversas-comunidades\/img-20250910-wa0039\/\" data-orig-file=\"https:\/\/www.paudalho.pe.gov.br\/portal\/wp-content\/uploads\/2025\/09\/IMG-20250910-WA0039.jpg\" data-orig-size=\"1280,960\" data-comments-opened=\"1\" data-image-meta=\"{&quot;aperture&quot;:&quot;0&quot;,&quot;credit&quot;:&quot;&quot;,&quot;camera&quot;:&quot;&quot;,&quot;caption&quot;:&quot;&quot;,&quot;created_timestamp&quot;:&quot;0&quot;,&quot;copyright&quot;:&quot;&quot;,&quot;focal_length&quot;:&quot;0&quot;,&quot;iso&quot;:&quot;0&quot;,&quot;shutter_speed&quot;:&quot;0&quot;,&quot;title&quot;:&quot;&quot;,&quot;orientation&quot;:&quot;0&quot;}\" data-image-title=\"IMG-20250910-WA0039\" data-image-description=\"\" data-image-caption=\"\" data-medium-file=\"https:\/\/www.paudalho.pe.gov.br\/portal\/wp-content\/uploads\/2025\/09\/IMG-20250910-WA0039-350x230.jpg\" data-large-file=\"https:\/\/www.paudalho.pe.gov.br\/portal\/wp-content\/uploads\/2025\/09\/IMG-20250910-WA0039-800x450.jpg\" data-id=\"37246\" src=\"https:\/\/www.paudalho.pe.gov.br\/portal\/wp-content\/uploads\/2025\/09\/IMG-20250910-WA0039-800x450.jpg\" alt=\"\" class=\"wp-image-37246\"\/><\/figure>\n\n\n\n<figure class=\"wp-block-image size-large\"><img loading=\"lazy\" decoding=\"async\" width=\"800\" height=\"450\" data-attachment-id=\"37248\" data-permalink=\"https:\/\/www.paudalho.pe.gov.br\/portal\/vi-jornada-do-patrimonio-cultural-de-paudalho-encerra-programacao-com-acoes-em-diversas-comunidades\/img-20250910-wa0040\/\" data-orig-file=\"https:\/\/www.paudalho.pe.gov.br\/portal\/wp-content\/uploads\/2025\/09\/IMG-20250910-WA0040.jpg\" data-orig-size=\"1600,900\" data-comments-opened=\"1\" data-image-meta=\"{&quot;aperture&quot;:&quot;0&quot;,&quot;credit&quot;:&quot;&quot;,&quot;camera&quot;:&quot;&quot;,&quot;caption&quot;:&quot;&quot;,&quot;created_timestamp&quot;:&quot;0&quot;,&quot;copyright&quot;:&quot;&quot;,&quot;focal_length&quot;:&quot;0&quot;,&quot;iso&quot;:&quot;0&quot;,&quot;shutter_speed&quot;:&quot;0&quot;,&quot;title&quot;:&quot;&quot;,&quot;orientation&quot;:&quot;0&quot;}\" data-image-title=\"IMG-20250910-WA0040\" data-image-description=\"\" data-image-caption=\"\" data-medium-file=\"https:\/\/www.paudalho.pe.gov.br\/portal\/wp-content\/uploads\/2025\/09\/IMG-20250910-WA0040-350x230.jpg\" data-large-file=\"https:\/\/www.paudalho.pe.gov.br\/portal\/wp-content\/uploads\/2025\/09\/IMG-20250910-WA0040-800x450.jpg\" data-id=\"37248\" src=\"https:\/\/www.paudalho.pe.gov.br\/portal\/wp-content\/uploads\/2025\/09\/IMG-20250910-WA0040-800x450.jpg\" alt=\"\" class=\"wp-image-37248\" srcset=\"https:\/\/www.paudalho.pe.gov.br\/portal\/wp-content\/uploads\/2025\/09\/IMG-20250910-WA0040-800x450.jpg 800w, https:\/\/www.paudalho.pe.gov.br\/portal\/wp-content\/uploads\/2025\/09\/IMG-20250910-WA0040-768x432.jpg 768w, https:\/\/www.paudalho.pe.gov.br\/portal\/wp-content\/uploads\/2025\/09\/IMG-20250910-WA0040-1536x864.jpg 1536w, https:\/\/www.paudalho.pe.gov.br\/portal\/wp-content\/uploads\/2025\/09\/IMG-20250910-WA0040.jpg 1600w\" sizes=\"auto, (max-width: 800px) 100vw, 800px\" \/><\/figure>\n\n\n\n<figure class=\"wp-block-image size-large\"><img loading=\"lazy\" decoding=\"async\" width=\"800\" height=\"450\" data-attachment-id=\"37247\" data-permalink=\"https:\/\/www.paudalho.pe.gov.br\/portal\/vi-jornada-do-patrimonio-cultural-de-paudalho-encerra-programacao-com-acoes-em-diversas-comunidades\/img-20250910-wa0044\/\" data-orig-file=\"https:\/\/www.paudalho.pe.gov.br\/portal\/wp-content\/uploads\/2025\/09\/IMG-20250910-WA0044.jpg\" data-orig-size=\"1280,960\" data-comments-opened=\"1\" data-image-meta=\"{&quot;aperture&quot;:&quot;0&quot;,&quot;credit&quot;:&quot;&quot;,&quot;camera&quot;:&quot;&quot;,&quot;caption&quot;:&quot;&quot;,&quot;created_timestamp&quot;:&quot;0&quot;,&quot;copyright&quot;:&quot;&quot;,&quot;focal_length&quot;:&quot;0&quot;,&quot;iso&quot;:&quot;0&quot;,&quot;shutter_speed&quot;:&quot;0&quot;,&quot;title&quot;:&quot;&quot;,&quot;orientation&quot;:&quot;0&quot;}\" data-image-title=\"IMG-20250910-WA0044\" data-image-description=\"\" data-image-caption=\"\" data-medium-file=\"https:\/\/www.paudalho.pe.gov.br\/portal\/wp-content\/uploads\/2025\/09\/IMG-20250910-WA0044-350x230.jpg\" data-large-file=\"https:\/\/www.paudalho.pe.gov.br\/portal\/wp-content\/uploads\/2025\/09\/IMG-20250910-WA0044-800x450.jpg\" data-id=\"37247\" src=\"https:\/\/www.paudalho.pe.gov.br\/portal\/wp-content\/uploads\/2025\/09\/IMG-20250910-WA0044-800x450.jpg\" alt=\"\" class=\"wp-image-37247\"\/><\/figure>\n\n\n\n<figure class=\"wp-block-image size-large\"><img loading=\"lazy\" decoding=\"async\" width=\"800\" height=\"450\" data-attachment-id=\"37249\" data-permalink=\"https:\/\/www.paudalho.pe.gov.br\/portal\/vi-jornada-do-patrimonio-cultural-de-paudalho-encerra-programacao-com-acoes-em-diversas-comunidades\/img-20250910-wa0037\/\" data-orig-file=\"https:\/\/www.paudalho.pe.gov.br\/portal\/wp-content\/uploads\/2025\/09\/IMG-20250910-WA0037.jpg\" data-orig-size=\"1280,960\" data-comments-opened=\"1\" data-image-meta=\"{&quot;aperture&quot;:&quot;0&quot;,&quot;credit&quot;:&quot;&quot;,&quot;camera&quot;:&quot;&quot;,&quot;caption&quot;:&quot;&quot;,&quot;created_timestamp&quot;:&quot;0&quot;,&quot;copyright&quot;:&quot;&quot;,&quot;focal_length&quot;:&quot;0&quot;,&quot;iso&quot;:&quot;0&quot;,&quot;shutter_speed&quot;:&quot;0&quot;,&quot;title&quot;:&quot;&quot;,&quot;orientation&quot;:&quot;0&quot;}\" data-image-title=\"IMG-20250910-WA0037\" data-image-description=\"\" data-image-caption=\"\" data-medium-file=\"https:\/\/www.paudalho.pe.gov.br\/portal\/wp-content\/uploads\/2025\/09\/IMG-20250910-WA0037-350x230.jpg\" data-large-file=\"https:\/\/www.paudalho.pe.gov.br\/portal\/wp-content\/uploads\/2025\/09\/IMG-20250910-WA0037-800x450.jpg\" data-id=\"37249\" src=\"https:\/\/www.paudalho.pe.gov.br\/portal\/wp-content\/uploads\/2025\/09\/IMG-20250910-WA0037-800x450.jpg\" alt=\"\" class=\"wp-image-37249\"\/><\/figure>\n\n\n\n<figure class=\"wp-block-image size-large\"><img loading=\"lazy\" decoding=\"async\" width=\"800\" height=\"450\" data-attachment-id=\"37250\" data-permalink=\"https:\/\/www.paudalho.pe.gov.br\/portal\/vi-jornada-do-patrimonio-cultural-de-paudalho-encerra-programacao-com-acoes-em-diversas-comunidades\/img-20250910-wa0038\/\" data-orig-file=\"https:\/\/www.paudalho.pe.gov.br\/portal\/wp-content\/uploads\/2025\/09\/IMG-20250910-WA0038.jpg\" data-orig-size=\"1600,900\" data-comments-opened=\"1\" data-image-meta=\"{&quot;aperture&quot;:&quot;0&quot;,&quot;credit&quot;:&quot;&quot;,&quot;camera&quot;:&quot;&quot;,&quot;caption&quot;:&quot;&quot;,&quot;created_timestamp&quot;:&quot;0&quot;,&quot;copyright&quot;:&quot;&quot;,&quot;focal_length&quot;:&quot;0&quot;,&quot;iso&quot;:&quot;0&quot;,&quot;shutter_speed&quot;:&quot;0&quot;,&quot;title&quot;:&quot;&quot;,&quot;orientation&quot;:&quot;0&quot;}\" data-image-title=\"IMG-20250910-WA0038\" data-image-description=\"\" data-image-caption=\"\" data-medium-file=\"https:\/\/www.paudalho.pe.gov.br\/portal\/wp-content\/uploads\/2025\/09\/IMG-20250910-WA0038-350x230.jpg\" data-large-file=\"https:\/\/www.paudalho.pe.gov.br\/portal\/wp-content\/uploads\/2025\/09\/IMG-20250910-WA0038-800x450.jpg\" data-id=\"37250\" src=\"https:\/\/www.paudalho.pe.gov.br\/portal\/wp-content\/uploads\/2025\/09\/IMG-20250910-WA0038-800x450.jpg\" alt=\"\" class=\"wp-image-37250\" srcset=\"https:\/\/www.paudalho.pe.gov.br\/portal\/wp-content\/uploads\/2025\/09\/IMG-20250910-WA0038-800x450.jpg 800w, https:\/\/www.paudalho.pe.gov.br\/portal\/wp-content\/uploads\/2025\/09\/IMG-20250910-WA0038-768x432.jpg 768w, https:\/\/www.paudalho.pe.gov.br\/portal\/wp-content\/uploads\/2025\/09\/IMG-20250910-WA0038-1536x864.jpg 1536w, https:\/\/www.paudalho.pe.gov.br\/portal\/wp-content\/uploads\/2025\/09\/IMG-20250910-WA0038.jpg 1600w\" sizes=\"auto, (max-width: 800px) 100vw, 800px\" \/><\/figure>\n\n\n\n<figure class=\"wp-block-image size-large\"><img loading=\"lazy\" decoding=\"async\" width=\"800\" height=\"450\" data-attachment-id=\"37251\" data-permalink=\"https:\/\/www.paudalho.pe.gov.br\/portal\/vi-jornada-do-patrimonio-cultural-de-paudalho-encerra-programacao-com-acoes-em-diversas-comunidades\/img-20250910-wa0035\/\" data-orig-file=\"https:\/\/www.paudalho.pe.gov.br\/portal\/wp-content\/uploads\/2025\/09\/IMG-20250910-WA0035.jpg\" data-orig-size=\"960,1280\" data-comments-opened=\"1\" data-image-meta=\"{&quot;aperture&quot;:&quot;0&quot;,&quot;credit&quot;:&quot;&quot;,&quot;camera&quot;:&quot;&quot;,&quot;caption&quot;:&quot;&quot;,&quot;created_timestamp&quot;:&quot;0&quot;,&quot;copyright&quot;:&quot;&quot;,&quot;focal_length&quot;:&quot;0&quot;,&quot;iso&quot;:&quot;0&quot;,&quot;shutter_speed&quot;:&quot;0&quot;,&quot;title&quot;:&quot;&quot;,&quot;orientation&quot;:&quot;0&quot;}\" data-image-title=\"IMG-20250910-WA0035\" data-image-description=\"\" data-image-caption=\"\" data-medium-file=\"https:\/\/www.paudalho.pe.gov.br\/portal\/wp-content\/uploads\/2025\/09\/IMG-20250910-WA0035-350x230.jpg\" data-large-file=\"https:\/\/www.paudalho.pe.gov.br\/portal\/wp-content\/uploads\/2025\/09\/IMG-20250910-WA0035-800x450.jpg\" data-id=\"37251\" src=\"https:\/\/www.paudalho.pe.gov.br\/portal\/wp-content\/uploads\/2025\/09\/IMG-20250910-WA0035-800x450.jpg\" alt=\"\" class=\"wp-image-37251\"\/><\/figure>\n\n\n\n<figure class=\"wp-block-image size-large\"><img loading=\"lazy\" decoding=\"async\" width=\"800\" height=\"450\" data-attachment-id=\"37252\" data-permalink=\"https:\/\/www.paudalho.pe.gov.br\/portal\/vi-jornada-do-patrimonio-cultural-de-paudalho-encerra-programacao-com-acoes-em-diversas-comunidades\/img-20250910-wa0036\/\" data-orig-file=\"https:\/\/www.paudalho.pe.gov.br\/portal\/wp-content\/uploads\/2025\/09\/IMG-20250910-WA0036.jpg\" data-orig-size=\"960,1280\" data-comments-opened=\"1\" data-image-meta=\"{&quot;aperture&quot;:&quot;0&quot;,&quot;credit&quot;:&quot;&quot;,&quot;camera&quot;:&quot;&quot;,&quot;caption&quot;:&quot;&quot;,&quot;created_timestamp&quot;:&quot;0&quot;,&quot;copyright&quot;:&quot;&quot;,&quot;focal_length&quot;:&quot;0&quot;,&quot;iso&quot;:&quot;0&quot;,&quot;shutter_speed&quot;:&quot;0&quot;,&quot;title&quot;:&quot;&quot;,&quot;orientation&quot;:&quot;0&quot;}\" data-image-title=\"IMG-20250910-WA0036\" data-image-description=\"\" data-image-caption=\"\" data-medium-file=\"https:\/\/www.paudalho.pe.gov.br\/portal\/wp-content\/uploads\/2025\/09\/IMG-20250910-WA0036-350x230.jpg\" data-large-file=\"https:\/\/www.paudalho.pe.gov.br\/portal\/wp-content\/uploads\/2025\/09\/IMG-20250910-WA0036-800x450.jpg\" data-id=\"37252\" src=\"https:\/\/www.paudalho.pe.gov.br\/portal\/wp-content\/uploads\/2025\/09\/IMG-20250910-WA0036-800x450.jpg\" alt=\"\" class=\"wp-image-37252\"\/><\/figure>\n<\/figure>\n","protected":false},"excerpt":{"rendered":"<p>O \u00faltimo dia da VI Jornada do Patrim\u00f4nio Cultural de Paudalho, realizado nesta sexta-feira (22), uniu hist\u00f3ria, identidade e a valoriza\u00e7\u00e3o das tradi\u00e7\u00f5es locais em diferentes comunidades do munic\u00edpio. No Alto Dois Irm\u00e3os, a Escola Municipal Manoel da Rosa apresentou o tema \u201cRa\u00edzes vivas: valorizando os artistas de Paudalho\u201d. J\u00e1 na comunidade da Primavera, a [&hellip;]<\/p>\n","protected":false},"author":17,"featured_media":37243,"comment_status":"open","ping_status":"open","sticky":false,"template":"","format":"standard","meta":{"_jetpack_newsletter_access":"","_jetpack_dont_email_post_to_subs":false,"_jetpack_newsletter_tier_id":0,"_jetpack_memberships_contains_paywalled_content":false,"_jetpack_memberships_contains_paid_content":false,"footnotes":""},"categories":[1184,2,520,1],"tags":[],"class_list":["post-37227","post","type-post","status-publish","format-standard","has-post-thumbnail","hentry","category-cultura-2","category-destaque","category-educacao-2","category-noticias"],"jetpack_featured_media_url":"https:\/\/www.paudalho.pe.gov.br\/portal\/wp-content\/uploads\/2025\/09\/IMG-20250910-WA0047.jpg","jetpack_sharing_enabled":true,"jetpack_shortlink":"https:\/\/wp.me\/p98mS2-9Gr","_links":{"self":[{"href":"https:\/\/www.paudalho.pe.gov.br\/portal\/wp-json\/wp\/v2\/posts\/37227","targetHints":{"allow":["GET"]}}],"collection":[{"href":"https:\/\/www.paudalho.pe.gov.br\/portal\/wp-json\/wp\/v2\/posts"}],"about":[{"href":"https:\/\/www.paudalho.pe.gov.br\/portal\/wp-json\/wp\/v2\/types\/post"}],"author":[{"embeddable":true,"href":"https:\/\/www.paudalho.pe.gov.br\/portal\/wp-json\/wp\/v2\/users\/17"}],"replies":[{"embeddable":true,"href":"https:\/\/www.paudalho.pe.gov.br\/portal\/wp-json\/wp\/v2\/comments?post=37227"}],"version-history":[{"count":1,"href":"https:\/\/www.paudalho.pe.gov.br\/portal\/wp-json\/wp\/v2\/posts\/37227\/revisions"}],"predecessor-version":[{"id":37253,"href":"https:\/\/www.paudalho.pe.gov.br\/portal\/wp-json\/wp\/v2\/posts\/37227\/revisions\/37253"}],"wp:featuredmedia":[{"embeddable":true,"href":"https:\/\/www.paudalho.pe.gov.br\/portal\/wp-json\/wp\/v2\/media\/37243"}],"wp:attachment":[{"href":"https:\/\/www.paudalho.pe.gov.br\/portal\/wp-json\/wp\/v2\/media?parent=37227"}],"wp:term":[{"taxonomy":"category","embeddable":true,"href":"https:\/\/www.paudalho.pe.gov.br\/portal\/wp-json\/wp\/v2\/categories?post=37227"},{"taxonomy":"post_tag","embeddable":true,"href":"https:\/\/www.paudalho.pe.gov.br\/portal\/wp-json\/wp\/v2\/tags?post=37227"}],"curies":[{"name":"wp","href":"https:\/\/api.w.org\/{rel}","templated":true}]}}