{"id":3712,"date":"2018-08-20T22:27:40","date_gmt":"2018-08-21T01:27:40","guid":{"rendered":"http:\/\/www.paudalho.pe.gov.br\/portal\/?p=3712"},"modified":"2018-08-20T22:32:27","modified_gmt":"2018-08-21T01:32:27","slug":"nasce-primeira-crianca-no-centro-de-parto-normal-gabrielly-ramos-em-paudalho","status":"publish","type":"post","link":"https:\/\/www.paudalho.pe.gov.br\/portal\/nasce-primeira-crianca-no-centro-de-parto-normal-gabrielly-ramos-em-paudalho\/","title":{"rendered":"Nasce primeira crian\u00e7a no Centro de Parto Normal Gabrielly Ramos em Paudalho"},"content":{"rendered":"<p>A segunda-feira, 20 de agosto de 2018 se torna um marco na hist\u00f3ria do Paudalho. Isso porque ao som da can\u00e7\u00e3o \u201cDeus e Eu\u201d a paudalhense, moradora do bairro da Primavera, L\u00eddia Andr\u00e9 da Silva, de 30 anos, deu \u00e0 \u201cluz\u201d a primeira crian\u00e7a nascida no Centro de Parto Normal do Paudalho Gabrielly Ramos.<\/p>\n<p>Let\u00edcia Isabelly nasceu \u00e0s 12h11, pesando 3,295 kg. Saud\u00e1vel e cheia da vida a garotinha emocionou n\u00e3o somente a fam\u00edlia que acompanhava o momento como tamb\u00e9m aos funcion\u00e1rios da unidade. \u201cEu estou muito feliz. Fui muito bem tratada. Quero agradecer a todos e estou emocionada porque minha filha inaugurou o Centro de Parto (risos)\u201d, comentou a m\u00e3e da menina.<\/p>\n<div id=\"attachment_3716\" style=\"width: 560px\" class=\"wp-caption alignnone\"><img loading=\"lazy\" decoding=\"async\" aria-describedby=\"caption-attachment-3716\" data-attachment-id=\"3716\" data-permalink=\"https:\/\/www.paudalho.pe.gov.br\/portal\/nasce-primeira-crianca-no-centro-de-parto-normal-gabrielly-ramos-em-paudalho\/464615fa-470e-4616-816b-5c54e9d86712\/\" data-orig-file=\"https:\/\/www.paudalho.pe.gov.br\/portal\/wp-content\/uploads\/2018\/08\/464615fa-470e-4616-816b-5c54e9d86712.jpg\" data-orig-size=\"1600,1600\" data-comments-opened=\"1\" data-image-meta=\"{&quot;aperture&quot;:&quot;0&quot;,&quot;credit&quot;:&quot;&quot;,&quot;camera&quot;:&quot;&quot;,&quot;caption&quot;:&quot;&quot;,&quot;created_timestamp&quot;:&quot;0&quot;,&quot;copyright&quot;:&quot;&quot;,&quot;focal_length&quot;:&quot;0&quot;,&quot;iso&quot;:&quot;0&quot;,&quot;shutter_speed&quot;:&quot;0&quot;,&quot;title&quot;:&quot;&quot;,&quot;orientation&quot;:&quot;0&quot;}\" data-image-title=\"464615fa-470e-4616-816b-5c54e9d86712\" data-image-description=\"\" data-image-caption=\"&lt;p&gt;Foto: Thales K\u00edrion\/PMP&lt;\/p&gt;\n\" data-medium-file=\"https:\/\/www.paudalho.pe.gov.br\/portal\/wp-content\/uploads\/2018\/08\/464615fa-470e-4616-816b-5c54e9d86712-350x230.jpg\" data-large-file=\"https:\/\/www.paudalho.pe.gov.br\/portal\/wp-content\/uploads\/2018\/08\/464615fa-470e-4616-816b-5c54e9d86712-800x450.jpg\" class=\" wp-image-3716\" src=\"http:\/\/www.paudalho.pe.gov.br\/portal\/wp-content\/uploads\/2018\/08\/464615fa-470e-4616-816b-5c54e9d86712-350x230.jpg\" alt=\"\" width=\"550\" height=\"361\" \/><p id=\"caption-attachment-3716\" class=\"wp-caption-text\">Foto: Thales K\u00edrion\/PMP<\/p><\/div>\n<h2><strong>Recomenda\u00e7\u00e3o<\/strong><\/h2>\n<p>De acordo com a Organiza\u00e7\u00e3o Mundial da Sa\u00fade (OMS), dar \u00e0 luz a um beb\u00ea \u00e9 um ato natural e deve s\u00f3 ser realizado de outra forma com orienta\u00e7\u00e3o m\u00e9dica. A OMS ainda recomenda que o \u00edndice aceit\u00e1vel de cesarianas nos pa\u00edses deve ser de 15%. No entanto, atualmente, 55% dos partos realizados no Brasil s\u00e3o cesarianas.<\/p>\n<p>A Prefeitura do Paudalho segue promovendo atrav\u00e9s de partos normais e humanizados a seguran\u00e7a e o bem-estar da m\u00e3e e do beb\u00ea, \u00e9 o que destaca a enfermeira obstetra, Julha Uchoa, respons\u00e1vel pela equipe que realizou o parto de Let\u00edcia. \u201cFui tudo muito tranquilo. Nossa unidade tem uma estrutura que muitas particulares n\u00e3o t\u00eam. E na hora do parto, nos respeitamos a vontade da mulher. Se ela quer ficar em p\u00e9, sentada, andar, ficar no escuro ou ouvir uma can\u00e7\u00e3o de seu gosto, ela ser\u00e1 respeitada. Estamos todos felizes!\u201d, esclareceu.<\/p>\n<div id=\"attachment_3714\" style=\"width: 560px\" class=\"wp-caption alignnone\"><img loading=\"lazy\" decoding=\"async\" aria-describedby=\"caption-attachment-3714\" data-attachment-id=\"3714\" data-permalink=\"https:\/\/www.paudalho.pe.gov.br\/portal\/nasce-primeira-crianca-no-centro-de-parto-normal-gabrielly-ramos-em-paudalho\/b2176f25-cd19-46d3-a6d7-f39c436d69f3\/\" data-orig-file=\"https:\/\/www.paudalho.pe.gov.br\/portal\/wp-content\/uploads\/2018\/08\/b2176f25-cd19-46d3-a6d7-f39c436d69f3.jpg\" data-orig-size=\"1600,1200\" data-comments-opened=\"1\" data-image-meta=\"{&quot;aperture&quot;:&quot;0&quot;,&quot;credit&quot;:&quot;&quot;,&quot;camera&quot;:&quot;&quot;,&quot;caption&quot;:&quot;&quot;,&quot;created_timestamp&quot;:&quot;0&quot;,&quot;copyright&quot;:&quot;&quot;,&quot;focal_length&quot;:&quot;0&quot;,&quot;iso&quot;:&quot;0&quot;,&quot;shutter_speed&quot;:&quot;0&quot;,&quot;title&quot;:&quot;&quot;,&quot;orientation&quot;:&quot;0&quot;}\" data-image-title=\"b2176f25-cd19-46d3-a6d7-f39c436d69f3\" data-image-description=\"\" data-image-caption=\"\" data-medium-file=\"https:\/\/www.paudalho.pe.gov.br\/portal\/wp-content\/uploads\/2018\/08\/b2176f25-cd19-46d3-a6d7-f39c436d69f3-350x230.jpg\" data-large-file=\"https:\/\/www.paudalho.pe.gov.br\/portal\/wp-content\/uploads\/2018\/08\/b2176f25-cd19-46d3-a6d7-f39c436d69f3-800x450.jpg\" class=\"wp-image-3714\" src=\"http:\/\/www.paudalho.pe.gov.br\/portal\/wp-content\/uploads\/2018\/08\/b2176f25-cd19-46d3-a6d7-f39c436d69f3-350x230.jpg\" alt=\"\" width=\"550\" height=\"361\" \/><p id=\"caption-attachment-3714\" class=\"wp-caption-text\">Foto: Thales K\u00edrion\/PMP<\/p><\/div>\n<p>Pai da crian\u00e7a, o t\u00e9cnico em edifica\u00e7\u00f5es, Marcos Bezerra, de 37 anos, n\u00e3o escondeu a emo\u00e7\u00e3o. \u201c\u00c9 muita emo\u00e7\u00e3o. Eu j\u00e1 tenho um filho e agora uma menininha. Eu estou muito feliz e queria parabenizar a todos. Uma grande estrutura\u201d, disse.<\/p>\n<div id=\"attachment_3715\" style=\"width: 560px\" class=\"wp-caption alignnone\"><img loading=\"lazy\" decoding=\"async\" aria-describedby=\"caption-attachment-3715\" data-attachment-id=\"3715\" data-permalink=\"https:\/\/www.paudalho.pe.gov.br\/portal\/nasce-primeira-crianca-no-centro-de-parto-normal-gabrielly-ramos-em-paudalho\/f9683c8a-b395-40f2-92a2-5cd84ef49722\/\" data-orig-file=\"https:\/\/www.paudalho.pe.gov.br\/portal\/wp-content\/uploads\/2018\/08\/f9683c8a-b395-40f2-92a2-5cd84ef49722.jpg\" data-orig-size=\"1600,1200\" data-comments-opened=\"1\" data-image-meta=\"{&quot;aperture&quot;:&quot;0&quot;,&quot;credit&quot;:&quot;&quot;,&quot;camera&quot;:&quot;&quot;,&quot;caption&quot;:&quot;&quot;,&quot;created_timestamp&quot;:&quot;0&quot;,&quot;copyright&quot;:&quot;&quot;,&quot;focal_length&quot;:&quot;0&quot;,&quot;iso&quot;:&quot;0&quot;,&quot;shutter_speed&quot;:&quot;0&quot;,&quot;title&quot;:&quot;&quot;,&quot;orientation&quot;:&quot;0&quot;}\" data-image-title=\"f9683c8a-b395-40f2-92a2-5cd84ef49722\" data-image-description=\"\" data-image-caption=\"&lt;p&gt;Foto: Thales K\u00edrion\/PMP&lt;\/p&gt;\n\" data-medium-file=\"https:\/\/www.paudalho.pe.gov.br\/portal\/wp-content\/uploads\/2018\/08\/f9683c8a-b395-40f2-92a2-5cd84ef49722-350x230.jpg\" data-large-file=\"https:\/\/www.paudalho.pe.gov.br\/portal\/wp-content\/uploads\/2018\/08\/f9683c8a-b395-40f2-92a2-5cd84ef49722-800x450.jpg\" class=\" wp-image-3715\" src=\"http:\/\/www.paudalho.pe.gov.br\/portal\/wp-content\/uploads\/2018\/08\/f9683c8a-b395-40f2-92a2-5cd84ef49722-350x230.jpg\" alt=\"\" width=\"550\" height=\"361\" \/><p id=\"caption-attachment-3715\" class=\"wp-caption-text\">Foto: Thales K\u00edrion\/PMP<\/p><\/div>\n<h2><strong>O Centro<\/strong><\/h2>\n<p>O local impressionou pela estrutura que oferta su\u00edtes individuais para cada m\u00e3e, com banheiros equipados e ainda locais de banho de sol para o beb\u00ea. Cada quarto tem referencia \u201cPPP\u201d, ou seja: pr\u00e9-parto, parto e puerp\u00e9rio e ainda \u00a0conta com equipamentos de \u00faltima gera\u00e7\u00e3o, wifi e Smarts TVs com servi\u00e7os de streaming.\u00a0 O Centro tem uma a\u00e9rea de aproximadamente 502 metros quadrados, em um investimento total de quase R$ 1 Milh\u00e3o.<\/p>\n\r\n\t\t<style type='text\/css'>\r\n\t\t\t#gallery-1 {\r\n\t\t\t\tmargin: auto;\r\n\t\t\t}\r\n\t\t\t#gallery-1 .gallery-item {\r\n\t\t\t\tfloat: left;\r\n\t\t\t\tmargin-top: 10px;\r\n\t\t\t\ttext-align: center;\r\n\t\t\t\twidth: 33%;\r\n\t\t\t}\r\n\t\t\t#gallery-1 img {\r\n\t\t\t\tborder: 2px solid #cfcfcf;\r\n\t\t\t}\r\n\t\t\t#gallery-1 .gallery-caption {\r\n\t\t\t\tmargin-left: 0;\r\n\t\t\t}\r\n\t\t<\/style>\r\n\t\t<!-- see gallery_shortcode() in wp-includes\/media.php -->\n\t\t<div data-carousel-extra='{\"blog_id\":1,\"permalink\":\"https:\\\/\\\/www.paudalho.pe.gov.br\\\/portal\\\/nasce-primeira-crianca-no-centro-de-parto-normal-gabrielly-ramos-em-paudalho\\\/\"}' id='gallery-1' class='gallery galleryid-3712 gallery-columns-3 gallery-size-thumbnail gallery1'><script type=\"text\/javascript\">\r\n\/\/ <![CDATA[\r\n\tjQuery(document).ready(function () {\r\n\t\tjQuery(\".gallery1 a\").attr(\"rel\",\"gallery1\");\t\r\n\t\tjQuery('a[rel=\"gallery1\"]').colorbox({maxWidth:\"95%\", maxHeight:\"95%\",title: function(){ return jQuery(this).children().attr(\"alt\"); }, });\r\n\t});\r\n\/\/ ]]>\r\n<\/script>\n<dl class=\"gallery-item\">\n<dt class=\"gallery-icon\">\r\n<a href=\"https:\/\/www.paudalho.pe.gov.br\/portal\/wp-content\/uploads\/2018\/08\/DAVI9792.jpg\" title=\"\" rel=\"gallery1\"><img loading=\"lazy\" decoding=\"async\" src=\"https:\/\/www.paudalho.pe.gov.br\/portal\/wp-content\/uploads\/2018\/08\/DAVI9792-200x160.jpg\" width=\"150\" height=\"120\" alt=\"\" \/><\/a>\r\n<\/dt><\/dl><dl class=\"gallery-item\">\n<dt class=\"gallery-icon\">\r\n<a href=\"https:\/\/www.paudalho.pe.gov.br\/portal\/wp-content\/uploads\/2018\/08\/DAVI9796.jpg\" title=\"\" rel=\"gallery1\"><img loading=\"lazy\" decoding=\"async\" src=\"https:\/\/www.paudalho.pe.gov.br\/portal\/wp-content\/uploads\/2018\/08\/DAVI9796-200x160.jpg\" width=\"150\" height=\"120\" alt=\"\" \/><\/a>\r\n<\/dt><\/dl><dl class=\"gallery-item\">\n<dt class=\"gallery-icon\">\r\n<a href=\"https:\/\/www.paudalho.pe.gov.br\/portal\/wp-content\/uploads\/2018\/08\/DAVI9800.jpg\" title=\"\" rel=\"gallery1\"><img loading=\"lazy\" decoding=\"async\" src=\"https:\/\/www.paudalho.pe.gov.br\/portal\/wp-content\/uploads\/2018\/08\/DAVI9800-200x160.jpg\" width=\"150\" height=\"120\" alt=\"\" \/><\/a>\r\n<\/dt><\/dl><br style=\"clear: both\" \/><dl class=\"gallery-item\">\n<dt class=\"gallery-icon\">\r\n<a href=\"https:\/\/www.paudalho.pe.gov.br\/portal\/wp-content\/uploads\/2018\/08\/DAVI9787.jpg\" title=\"\" rel=\"gallery1\"><img loading=\"lazy\" decoding=\"async\" src=\"https:\/\/www.paudalho.pe.gov.br\/portal\/wp-content\/uploads\/2018\/08\/DAVI9787-200x160.jpg\" width=\"150\" height=\"120\" alt=\"\" \/><\/a>\r\n<\/dt><\/dl><dl class=\"gallery-item\">\n<dt class=\"gallery-icon\">\r\n<a href=\"https:\/\/www.paudalho.pe.gov.br\/portal\/wp-content\/uploads\/2018\/08\/DAVI9786.jpg\" title=\"\" rel=\"gallery1\"><img loading=\"lazy\" decoding=\"async\" src=\"https:\/\/www.paudalho.pe.gov.br\/portal\/wp-content\/uploads\/2018\/08\/DAVI9786-200x160.jpg\" width=\"150\" height=\"120\" alt=\"\" \/><\/a>\r\n<\/dt><\/dl><dl class=\"gallery-item\">\n<dt class=\"gallery-icon\">\r\n<a href=\"https:\/\/www.paudalho.pe.gov.br\/portal\/wp-content\/uploads\/2018\/08\/DAVI9785-1.jpg\" title=\"\" rel=\"gallery1\"><img loading=\"lazy\" decoding=\"async\" src=\"https:\/\/www.paudalho.pe.gov.br\/portal\/wp-content\/uploads\/2018\/08\/DAVI9785-1-200x160.jpg\" width=\"150\" height=\"120\" alt=\"\" \/><\/a>\r\n<\/dt><\/dl><br style=\"clear: both\" \/><dl class=\"gallery-item\">\n<dt class=\"gallery-icon\">\r\n<a href=\"https:\/\/www.paudalho.pe.gov.br\/portal\/wp-content\/uploads\/2018\/08\/DAVI9785.jpg\" title=\"\" rel=\"gallery1\"><img loading=\"lazy\" decoding=\"async\" src=\"https:\/\/www.paudalho.pe.gov.br\/portal\/wp-content\/uploads\/2018\/08\/DAVI9785-200x160.jpg\" width=\"150\" height=\"120\" alt=\"\" \/><\/a>\r\n<\/dt><\/dl>\r\n\t\t\t<br style='clear: both' \/>\r\n\t\t<\/div>\n\n<p>&nbsp;<\/p>\n<p><strong>Saiba mais:<\/strong><\/p>\n<blockquote class=\"wp-embedded-content\" data-secret=\"HRPJfPaTHL\"><p><a href=\"https:\/\/www.paudalho.pe.gov.br\/portal\/canteiro-de-obras-prefeitura-do-paudalho-inaugura-salas-de-recepcao-coleta-e-farmacia-central-do-laboratorio-municipal\/\">Canteiro de obras: Prefeitura do Paudalho inaugura salas de recep\u00e7\u00e3o, coleta e Farm\u00e1cia Central do Laborat\u00f3rio Municipal<\/a><\/p><\/blockquote>\n<p><iframe loading=\"lazy\" class=\"wp-embedded-content\" sandbox=\"allow-scripts\" security=\"restricted\" style=\"position: absolute; visibility: hidden;\" title=\"&#8220;Canteiro de obras: Prefeitura do Paudalho inaugura salas de recep\u00e7\u00e3o, coleta e Farm\u00e1cia Central do Laborat\u00f3rio Municipal&#8221; &#8212; Prefeitura do Paudalho\" src=\"https:\/\/www.paudalho.pe.gov.br\/portal\/canteiro-de-obras-prefeitura-do-paudalho-inaugura-salas-de-recepcao-coleta-e-farmacia-central-do-laboratorio-municipal\/embed\/#?secret=mVrNdvXVYs#?secret=HRPJfPaTHL\" data-secret=\"HRPJfPaTHL\" width=\"500\" height=\"282\" frameborder=\"0\" marginwidth=\"0\" marginheight=\"0\" scrolling=\"no\"><\/iframe><\/p>\n<blockquote class=\"wp-embedded-content\" data-secret=\"KS0HAZnbBo\"><p><a href=\"https:\/\/www.paudalho.pe.gov.br\/portal\/entrega-de-kits-escolares-ordem-de-servico-e-postos-de-saude-mais-tecnologicos-marcam-semana-em-paudalho\/\">Entrega de kits escolares, ordem de servi\u00e7o e postos de sa\u00fade mais tecnol\u00f3gicos marcam semana em Paudalho<\/a><\/p><\/blockquote>\n<p><iframe loading=\"lazy\" class=\"wp-embedded-content\" sandbox=\"allow-scripts\" security=\"restricted\" style=\"position: absolute; visibility: hidden;\" title=\"&#8220;Entrega de kits escolares, ordem de servi\u00e7o e postos de sa\u00fade mais tecnol\u00f3gicos marcam semana em Paudalho&#8221; &#8212; Prefeitura do Paudalho\" src=\"https:\/\/www.paudalho.pe.gov.br\/portal\/entrega-de-kits-escolares-ordem-de-servico-e-postos-de-saude-mais-tecnologicos-marcam-semana-em-paudalho\/embed\/#?secret=A5lyc9SO9W#?secret=KS0HAZnbBo\" data-secret=\"KS0HAZnbBo\" width=\"500\" height=\"282\" frameborder=\"0\" marginwidth=\"0\" marginheight=\"0\" scrolling=\"no\"><\/iframe><\/p>\n","protected":false},"excerpt":{"rendered":"<p>A segunda-feira, 20 de agosto de 2018 se torna um marco na hist\u00f3ria do Paudalho. Isso porque ao som da can\u00e7\u00e3o \u201cDeus e Eu\u201d a paudalhense, moradora do bairro da Primavera, L\u00eddia Andr\u00e9 da Silva, de 30 anos, deu \u00e0 \u201cluz\u201d a primeira crian\u00e7a nascida no Centro de Parto Normal do Paudalho Gabrielly Ramos. Let\u00edcia [&hellip;]<\/p>\n","protected":false},"author":4,"featured_media":3713,"comment_status":"open","ping_status":"open","sticky":false,"template":"","format":"standard","meta":{"_jetpack_newsletter_access":"","_jetpack_dont_email_post_to_subs":false,"_jetpack_newsletter_tier_id":0,"_jetpack_memberships_contains_paywalled_content":false,"_jetpack_memberships_contains_paid_content":false,"footnotes":""},"categories":[2,1,3],"tags":[357,361,16],"class_list":["post-3712","post","type-post","status-publish","format-standard","has-post-thumbnail","hentry","category-destaque","category-noticias","category-saude","tag-centro-de-parto-normal-do-paudalho-gabrielly-ramos-e-inaugurado-na-mata-norte","tag-primeira-crianca","tag-saude"],"jetpack_featured_media_url":"https:\/\/www.paudalho.pe.gov.br\/portal\/wp-content\/uploads\/2018\/08\/46d5c297-5856-4ab2-8421-e253337437dd.jpg","jetpack_sharing_enabled":true,"jetpack_shortlink":"https:\/\/wp.me\/p98mS2-XS","_links":{"self":[{"href":"https:\/\/www.paudalho.pe.gov.br\/portal\/wp-json\/wp\/v2\/posts\/3712","targetHints":{"allow":["GET"]}}],"collection":[{"href":"https:\/\/www.paudalho.pe.gov.br\/portal\/wp-json\/wp\/v2\/posts"}],"about":[{"href":"https:\/\/www.paudalho.pe.gov.br\/portal\/wp-json\/wp\/v2\/types\/post"}],"author":[{"embeddable":true,"href":"https:\/\/www.paudalho.pe.gov.br\/portal\/wp-json\/wp\/v2\/users\/4"}],"replies":[{"embeddable":true,"href":"https:\/\/www.paudalho.pe.gov.br\/portal\/wp-json\/wp\/v2\/comments?post=3712"}],"version-history":[{"count":6,"href":"https:\/\/www.paudalho.pe.gov.br\/portal\/wp-json\/wp\/v2\/posts\/3712\/revisions"}],"predecessor-version":[{"id":3722,"href":"https:\/\/www.paudalho.pe.gov.br\/portal\/wp-json\/wp\/v2\/posts\/3712\/revisions\/3722"}],"wp:featuredmedia":[{"embeddable":true,"href":"https:\/\/www.paudalho.pe.gov.br\/portal\/wp-json\/wp\/v2\/media\/3713"}],"wp:attachment":[{"href":"https:\/\/www.paudalho.pe.gov.br\/portal\/wp-json\/wp\/v2\/media?parent=3712"}],"wp:term":[{"taxonomy":"category","embeddable":true,"href":"https:\/\/www.paudalho.pe.gov.br\/portal\/wp-json\/wp\/v2\/categories?post=3712"},{"taxonomy":"post_tag","embeddable":true,"href":"https:\/\/www.paudalho.pe.gov.br\/portal\/wp-json\/wp\/v2\/tags?post=3712"}],"curies":[{"name":"wp","href":"https:\/\/api.w.org\/{rel}","templated":true}]}}