{"id":37022,"date":"2025-07-14T15:59:00","date_gmt":"2025-07-14T18:59:00","guid":{"rendered":"https:\/\/www.paudalho.pe.gov.br\/portal\/?p=37022"},"modified":"2025-09-09T13:05:13","modified_gmt":"2025-09-09T16:05:13","slug":"prefeitura-do-paudalho-leva-cursos-de-capacitacao-para-jovens-da-comunidade-de-guadalajara","status":"publish","type":"post","link":"https:\/\/www.paudalho.pe.gov.br\/portal\/prefeitura-do-paudalho-leva-cursos-de-capacitacao-para-jovens-da-comunidade-de-guadalajara\/","title":{"rendered":"Prefeitura do Paudalho leva cursos de capacita\u00e7\u00e3o para jovens da comunidade de Guadalajara"},"content":{"rendered":"\n<p>A Prefeitura do Paudalho, por meio da Secretaria de Educa\u00e7\u00e3o e Juventude, iniciou neste s\u00e1bado (12) mais uma a\u00e7\u00e3o de qualifica\u00e7\u00e3o profissional voltada para adolescentes e jovens do munic\u00edpio. Atrav\u00e9s da Casa das Juventudes, foi lan\u00e7ado o curso de Unha em Gel na comunidade de Guadalajara, com aulas para participantes a partir de 16 anos. A iniciativa \u00e9 realizada em parceria com o SENAC e visa ampliar as oportunidades de inser\u00e7\u00e3o no mercado de trabalho.<\/p>\n\n\n\n<p>A a\u00e7\u00e3o tem como objetivo promover o acesso \u00e0 forma\u00e7\u00e3o t\u00e9cnica e incentivar a autonomia financeira da juventude paudalhense, especialmente de quem vive em regi\u00f5es mais afastadas. A oferta de cursos diretamente nas comunidades refor\u00e7a o compromisso da gest\u00e3o municipal com a inclus\u00e3o produtiva, a gera\u00e7\u00e3o de renda e o desenvolvimento social.<\/p>\n\n\n\n<p>Al\u00e9m do curso de Unha em Gel, a Casa das Juventudes tamb\u00e9m iniciou, na mesma comunidade, o curso de Inform\u00e1tica, voltado para adolescentes a partir de 14 anos. Ambos os cursos est\u00e3o sendo ministrados na Escola Municipal Vereador Ananias da Costa Macedo, localizada em Guadalajara.<\/p>\n\n\n\n<p>A prefeita de Paudalho, Paulinha da Educa\u00e7\u00e3o, e o secret\u00e1rio de Educa\u00e7\u00e3o e Juventude, Dion\u00edzio J\u00fanior, estiveram presentes para conversar com as alunas e destacaram a import\u00e2ncia da participa\u00e7\u00e3o delas. Eles refor\u00e7aram o compromisso da gest\u00e3o em oferecer cada vez mais oportunidades de qualifica\u00e7\u00e3o e capacita\u00e7\u00e3o para a juventude local, incentivando o protagonismo e o desenvolvimento pessoal e profissional.<\/p>\n\n\n\n<p>A iniciativa integra as a\u00e7\u00f5es permanentes da Prefeitura do Paudalho para a valoriza\u00e7\u00e3o da juventude, oferecendo caminhos de forma\u00e7\u00e3o e transforma\u00e7\u00e3o por meio da educa\u00e7\u00e3o e da qualifica\u00e7\u00e3o&nbsp;profissional.<\/p>\n\n\n\n<figure class=\"wp-block-gallery has-nested-images columns-default is-cropped wp-block-gallery-1 is-layout-flex wp-block-gallery-is-layout-flex\">\n<figure class=\"wp-block-image size-large\"><img loading=\"lazy\" decoding=\"async\" width=\"800\" height=\"450\" data-attachment-id=\"37025\" data-permalink=\"https:\/\/www.paudalho.pe.gov.br\/portal\/prefeitura-do-paudalho-leva-cursos-de-capacitacao-para-jovens-da-comunidade-de-guadalajara\/img-20250909-wa0265\/\" data-orig-file=\"https:\/\/www.paudalho.pe.gov.br\/portal\/wp-content\/uploads\/2025\/09\/IMG-20250909-WA0265.jpg\" data-orig-size=\"1280,960\" data-comments-opened=\"1\" data-image-meta=\"{&quot;aperture&quot;:&quot;0&quot;,&quot;credit&quot;:&quot;&quot;,&quot;camera&quot;:&quot;&quot;,&quot;caption&quot;:&quot;&quot;,&quot;created_timestamp&quot;:&quot;0&quot;,&quot;copyright&quot;:&quot;&quot;,&quot;focal_length&quot;:&quot;0&quot;,&quot;iso&quot;:&quot;0&quot;,&quot;shutter_speed&quot;:&quot;0&quot;,&quot;title&quot;:&quot;&quot;,&quot;orientation&quot;:&quot;0&quot;}\" data-image-title=\"IMG-20250909-WA0265\" data-image-description=\"\" data-image-caption=\"\" data-medium-file=\"https:\/\/www.paudalho.pe.gov.br\/portal\/wp-content\/uploads\/2025\/09\/IMG-20250909-WA0265-350x230.jpg\" data-large-file=\"https:\/\/www.paudalho.pe.gov.br\/portal\/wp-content\/uploads\/2025\/09\/IMG-20250909-WA0265-800x450.jpg\" data-id=\"37025\" src=\"https:\/\/www.paudalho.pe.gov.br\/portal\/wp-content\/uploads\/2025\/09\/IMG-20250909-WA0265-800x450.jpg\" alt=\"\" class=\"wp-image-37025\"\/><\/figure>\n\n\n\n<figure class=\"wp-block-image size-large\"><img loading=\"lazy\" decoding=\"async\" width=\"800\" height=\"450\" data-attachment-id=\"37024\" data-permalink=\"https:\/\/www.paudalho.pe.gov.br\/portal\/prefeitura-do-paudalho-leva-cursos-de-capacitacao-para-jovens-da-comunidade-de-guadalajara\/img-20250909-wa0264\/\" data-orig-file=\"https:\/\/www.paudalho.pe.gov.br\/portal\/wp-content\/uploads\/2025\/09\/IMG-20250909-WA0264.jpg\" data-orig-size=\"1280,960\" data-comments-opened=\"1\" data-image-meta=\"{&quot;aperture&quot;:&quot;0&quot;,&quot;credit&quot;:&quot;&quot;,&quot;camera&quot;:&quot;&quot;,&quot;caption&quot;:&quot;&quot;,&quot;created_timestamp&quot;:&quot;0&quot;,&quot;copyright&quot;:&quot;&quot;,&quot;focal_length&quot;:&quot;0&quot;,&quot;iso&quot;:&quot;0&quot;,&quot;shutter_speed&quot;:&quot;0&quot;,&quot;title&quot;:&quot;&quot;,&quot;orientation&quot;:&quot;0&quot;}\" data-image-title=\"IMG-20250909-WA0264\" data-image-description=\"\" data-image-caption=\"\" data-medium-file=\"https:\/\/www.paudalho.pe.gov.br\/portal\/wp-content\/uploads\/2025\/09\/IMG-20250909-WA0264-350x230.jpg\" data-large-file=\"https:\/\/www.paudalho.pe.gov.br\/portal\/wp-content\/uploads\/2025\/09\/IMG-20250909-WA0264-800x450.jpg\" data-id=\"37024\" src=\"https:\/\/www.paudalho.pe.gov.br\/portal\/wp-content\/uploads\/2025\/09\/IMG-20250909-WA0264-800x450.jpg\" alt=\"\" class=\"wp-image-37024\"\/><\/figure>\n\n\n\n<figure class=\"wp-block-image size-large\"><img loading=\"lazy\" decoding=\"async\" width=\"800\" height=\"450\" data-attachment-id=\"37027\" data-permalink=\"https:\/\/www.paudalho.pe.gov.br\/portal\/prefeitura-do-paudalho-leva-cursos-de-capacitacao-para-jovens-da-comunidade-de-guadalajara\/img-20250909-wa0262\/\" data-orig-file=\"https:\/\/www.paudalho.pe.gov.br\/portal\/wp-content\/uploads\/2025\/09\/IMG-20250909-WA0262.jpg\" data-orig-size=\"1280,960\" data-comments-opened=\"1\" data-image-meta=\"{&quot;aperture&quot;:&quot;0&quot;,&quot;credit&quot;:&quot;&quot;,&quot;camera&quot;:&quot;&quot;,&quot;caption&quot;:&quot;&quot;,&quot;created_timestamp&quot;:&quot;0&quot;,&quot;copyright&quot;:&quot;&quot;,&quot;focal_length&quot;:&quot;0&quot;,&quot;iso&quot;:&quot;0&quot;,&quot;shutter_speed&quot;:&quot;0&quot;,&quot;title&quot;:&quot;&quot;,&quot;orientation&quot;:&quot;0&quot;}\" data-image-title=\"IMG-20250909-WA0262\" data-image-description=\"\" data-image-caption=\"\" data-medium-file=\"https:\/\/www.paudalho.pe.gov.br\/portal\/wp-content\/uploads\/2025\/09\/IMG-20250909-WA0262-350x230.jpg\" data-large-file=\"https:\/\/www.paudalho.pe.gov.br\/portal\/wp-content\/uploads\/2025\/09\/IMG-20250909-WA0262-800x450.jpg\" data-id=\"37027\" src=\"https:\/\/www.paudalho.pe.gov.br\/portal\/wp-content\/uploads\/2025\/09\/IMG-20250909-WA0262-800x450.jpg\" alt=\"\" class=\"wp-image-37027\"\/><\/figure>\n\n\n\n<figure class=\"wp-block-image size-large\"><img loading=\"lazy\" decoding=\"async\" width=\"800\" height=\"450\" data-attachment-id=\"37026\" data-permalink=\"https:\/\/www.paudalho.pe.gov.br\/portal\/prefeitura-do-paudalho-leva-cursos-de-capacitacao-para-jovens-da-comunidade-de-guadalajara\/img-20250909-wa0263\/\" data-orig-file=\"https:\/\/www.paudalho.pe.gov.br\/portal\/wp-content\/uploads\/2025\/09\/IMG-20250909-WA0263.jpg\" data-orig-size=\"1280,960\" data-comments-opened=\"1\" data-image-meta=\"{&quot;aperture&quot;:&quot;0&quot;,&quot;credit&quot;:&quot;&quot;,&quot;camera&quot;:&quot;&quot;,&quot;caption&quot;:&quot;&quot;,&quot;created_timestamp&quot;:&quot;0&quot;,&quot;copyright&quot;:&quot;&quot;,&quot;focal_length&quot;:&quot;0&quot;,&quot;iso&quot;:&quot;0&quot;,&quot;shutter_speed&quot;:&quot;0&quot;,&quot;title&quot;:&quot;&quot;,&quot;orientation&quot;:&quot;0&quot;}\" data-image-title=\"IMG-20250909-WA0263\" data-image-description=\"\" data-image-caption=\"\" data-medium-file=\"https:\/\/www.paudalho.pe.gov.br\/portal\/wp-content\/uploads\/2025\/09\/IMG-20250909-WA0263-350x230.jpg\" data-large-file=\"https:\/\/www.paudalho.pe.gov.br\/portal\/wp-content\/uploads\/2025\/09\/IMG-20250909-WA0263-800x450.jpg\" data-id=\"37026\" src=\"https:\/\/www.paudalho.pe.gov.br\/portal\/wp-content\/uploads\/2025\/09\/IMG-20250909-WA0263-800x450.jpg\" alt=\"\" class=\"wp-image-37026\"\/><\/figure>\n\n\n\n<figure class=\"wp-block-image size-large\"><img loading=\"lazy\" decoding=\"async\" width=\"800\" height=\"450\" data-attachment-id=\"37023\" data-permalink=\"https:\/\/www.paudalho.pe.gov.br\/portal\/prefeitura-do-paudalho-leva-cursos-de-capacitacao-para-jovens-da-comunidade-de-guadalajara\/img-20250909-wa0261\/\" data-orig-file=\"https:\/\/www.paudalho.pe.gov.br\/portal\/wp-content\/uploads\/2025\/09\/IMG-20250909-WA0261.jpg\" data-orig-size=\"1280,960\" data-comments-opened=\"1\" data-image-meta=\"{&quot;aperture&quot;:&quot;0&quot;,&quot;credit&quot;:&quot;&quot;,&quot;camera&quot;:&quot;&quot;,&quot;caption&quot;:&quot;&quot;,&quot;created_timestamp&quot;:&quot;0&quot;,&quot;copyright&quot;:&quot;&quot;,&quot;focal_length&quot;:&quot;0&quot;,&quot;iso&quot;:&quot;0&quot;,&quot;shutter_speed&quot;:&quot;0&quot;,&quot;title&quot;:&quot;&quot;,&quot;orientation&quot;:&quot;0&quot;}\" data-image-title=\"IMG-20250909-WA0261\" data-image-description=\"\" data-image-caption=\"\" data-medium-file=\"https:\/\/www.paudalho.pe.gov.br\/portal\/wp-content\/uploads\/2025\/09\/IMG-20250909-WA0261-350x230.jpg\" data-large-file=\"https:\/\/www.paudalho.pe.gov.br\/portal\/wp-content\/uploads\/2025\/09\/IMG-20250909-WA0261-800x450.jpg\" data-id=\"37023\" src=\"https:\/\/www.paudalho.pe.gov.br\/portal\/wp-content\/uploads\/2025\/09\/IMG-20250909-WA0261-800x450.jpg\" alt=\"\" class=\"wp-image-37023\"\/><\/figure>\n<\/figure>\n","protected":false},"excerpt":{"rendered":"<p>A Prefeitura do Paudalho, por meio da Secretaria de Educa\u00e7\u00e3o e Juventude, iniciou neste s\u00e1bado (12) mais uma a\u00e7\u00e3o de qualifica\u00e7\u00e3o profissional voltada para adolescentes e jovens do munic\u00edpio. Atrav\u00e9s da Casa das Juventudes, foi lan\u00e7ado o curso de Unha em Gel na comunidade de Guadalajara, com aulas para participantes a partir de 16 anos. [&hellip;]<\/p>\n","protected":false},"author":17,"featured_media":37027,"comment_status":"open","ping_status":"open","sticky":false,"template":"","format":"standard","meta":{"_jetpack_newsletter_access":"","_jetpack_dont_email_post_to_subs":false,"_jetpack_newsletter_tier_id":0,"_jetpack_memberships_contains_paywalled_content":false,"_jetpack_memberships_contains_paid_content":false,"footnotes":""},"categories":[2,4,793,1],"tags":[],"class_list":["post-37022","post","type-post","status-publish","format-standard","has-post-thumbnail","hentry","category-destaque","category-educacao","category-juventudes","category-noticias"],"jetpack_featured_media_url":"https:\/\/www.paudalho.pe.gov.br\/portal\/wp-content\/uploads\/2025\/09\/IMG-20250909-WA0262.jpg","jetpack_sharing_enabled":true,"jetpack_shortlink":"https:\/\/wp.me\/p98mS2-9D8","_links":{"self":[{"href":"https:\/\/www.paudalho.pe.gov.br\/portal\/wp-json\/wp\/v2\/posts\/37022","targetHints":{"allow":["GET"]}}],"collection":[{"href":"https:\/\/www.paudalho.pe.gov.br\/portal\/wp-json\/wp\/v2\/posts"}],"about":[{"href":"https:\/\/www.paudalho.pe.gov.br\/portal\/wp-json\/wp\/v2\/types\/post"}],"author":[{"embeddable":true,"href":"https:\/\/www.paudalho.pe.gov.br\/portal\/wp-json\/wp\/v2\/users\/17"}],"replies":[{"embeddable":true,"href":"https:\/\/www.paudalho.pe.gov.br\/portal\/wp-json\/wp\/v2\/comments?post=37022"}],"version-history":[{"count":1,"href":"https:\/\/www.paudalho.pe.gov.br\/portal\/wp-json\/wp\/v2\/posts\/37022\/revisions"}],"predecessor-version":[{"id":37028,"href":"https:\/\/www.paudalho.pe.gov.br\/portal\/wp-json\/wp\/v2\/posts\/37022\/revisions\/37028"}],"wp:featuredmedia":[{"embeddable":true,"href":"https:\/\/www.paudalho.pe.gov.br\/portal\/wp-json\/wp\/v2\/media\/37027"}],"wp:attachment":[{"href":"https:\/\/www.paudalho.pe.gov.br\/portal\/wp-json\/wp\/v2\/media?parent=37022"}],"wp:term":[{"taxonomy":"category","embeddable":true,"href":"https:\/\/www.paudalho.pe.gov.br\/portal\/wp-json\/wp\/v2\/categories?post=37022"},{"taxonomy":"post_tag","embeddable":true,"href":"https:\/\/www.paudalho.pe.gov.br\/portal\/wp-json\/wp\/v2\/tags?post=37022"}],"curies":[{"name":"wp","href":"https:\/\/api.w.org\/{rel}","templated":true}]}}