{"id":36955,"date":"2025-05-26T16:11:00","date_gmt":"2025-05-26T19:11:00","guid":{"rendered":"https:\/\/www.paudalho.pe.gov.br\/portal\/?p=36955"},"modified":"2025-09-09T11:26:08","modified_gmt":"2025-09-09T14:26:08","slug":"conscientizacao-sobre-alergia-alimentar-e-tema-de-acao-nas-creches-de-paudalho","status":"publish","type":"post","link":"https:\/\/www.paudalho.pe.gov.br\/portal\/conscientizacao-sobre-alergia-alimentar-e-tema-de-acao-nas-creches-de-paudalho\/","title":{"rendered":"Conscientiza\u00e7\u00e3o sobre alergia alimentar \u00e9 tema de a\u00e7\u00e3o nas creches de Paudalho"},"content":{"rendered":"\n<p>Em alus\u00e3o \u00e0 Semana de Conscientiza\u00e7\u00e3o da Alergia Alimentar, a Prefeitura do Paudalho, por meio da Secretaria de Educa\u00e7\u00e3o e Juventude, realizou nesta segunda-feira (26) uma a\u00e7\u00e3o nas creches da rede municipal com o objetivo de promover educa\u00e7\u00e3o, informa\u00e7\u00e3o e conscientiza\u00e7\u00e3o sobre o tema.<\/p>\n\n\n\n<p>A atividade foi conduzida pela equipe de nutri\u00e7\u00e3o da Ger\u00eancia de Desenvolvimento da Educa\u00e7\u00e3o (GDE), que realizou uma conversa com professores, apoiadores escolares e auxiliares de classe. Durante o encontro, foi destacada a import\u00e2ncia da aten\u00e7\u00e3o di\u00e1ria \u00e0 alimenta\u00e7\u00e3o das crian\u00e7as, especialmente por se tratar de uma faixa et\u00e1ria em fase de introdu\u00e7\u00e3o alimentar.<\/p>\n\n\n\n<p>A equipe abordou os sintomas mais comuns das alergias alimentares, as atitudes a serem tomadas diante da identifica\u00e7\u00e3o de sinais, e a import\u00e2ncia da comunica\u00e7\u00e3o imediata com os pais ou respons\u00e1veis. Tamb\u00e9m foi refor\u00e7ada a necessidade de notificar a GDE para que seja avaliada a possibilidade de substitui\u00e7\u00e3o da alimenta\u00e7\u00e3o do estudante, quando necess\u00e1rio.<\/p>\n\n\n\n<p>Al\u00e9m das orienta\u00e7\u00f5es, foram distribu\u00eddos materiais informativos aos profissionais da educa\u00e7\u00e3o, destinados tamb\u00e9m aos pais e respons\u00e1veis, al\u00e9m de ficarem dispon\u00edveis nas unidades para refor\u00e7ar a conscientiza\u00e7\u00e3o cont\u00ednua.<\/p>\n\n\n\n<p>A iniciativa surgiu a partir da experi\u00eancia da estudante universit\u00e1ria Roberta C\u00e1ssia, que enfrentou dificuldades para identificar as alergias alimentares do pr\u00f3prio filho. Sua viv\u00eancia inspirou a proposta e fortaleceu a import\u00e2ncia da forma\u00e7\u00e3o e do cuidado no ambiente escolar.<\/p>\n\n\n\n<p>Com essa a\u00e7\u00e3o, a Prefeitura reafirma seu compromisso com o bem-estar e a sa\u00fade das crian\u00e7as da rede municipal, promovendo uma educa\u00e7\u00e3o mais segura, inclusiva e acolhedora.<\/p>\n\n\n\n<figure class=\"wp-block-gallery has-nested-images columns-default is-cropped wp-block-gallery-1 is-layout-flex wp-block-gallery-is-layout-flex\">\n<figure class=\"wp-block-image size-large\"><img loading=\"lazy\" decoding=\"async\" width=\"800\" height=\"450\" data-attachment-id=\"36956\" data-permalink=\"https:\/\/www.paudalho.pe.gov.br\/portal\/conscientizacao-sobre-alergia-alimentar-e-tema-de-acao-nas-creches-de-paudalho\/imagem-do-whatsapp-de-2025-05-26-as-15-26-22_43a7e399\/\" data-orig-file=\"https:\/\/www.paudalho.pe.gov.br\/portal\/wp-content\/uploads\/2025\/09\/Imagem-do-WhatsApp-de-2025-05-26-as-15.26.22_43a7e399-scaled.jpg\" data-orig-size=\"2560,1920\" data-comments-opened=\"1\" data-image-meta=\"{&quot;aperture&quot;:&quot;0&quot;,&quot;credit&quot;:&quot;&quot;,&quot;camera&quot;:&quot;&quot;,&quot;caption&quot;:&quot;&quot;,&quot;created_timestamp&quot;:&quot;0&quot;,&quot;copyright&quot;:&quot;&quot;,&quot;focal_length&quot;:&quot;0&quot;,&quot;iso&quot;:&quot;0&quot;,&quot;shutter_speed&quot;:&quot;0&quot;,&quot;title&quot;:&quot;&quot;,&quot;orientation&quot;:&quot;0&quot;}\" data-image-title=\"Imagem do WhatsApp de 2025-05-26 \u00e0(s) 15.26.22_43a7e399\" data-image-description=\"\" data-image-caption=\"\" data-medium-file=\"https:\/\/www.paudalho.pe.gov.br\/portal\/wp-content\/uploads\/2025\/09\/Imagem-do-WhatsApp-de-2025-05-26-as-15.26.22_43a7e399-350x230.jpg\" data-large-file=\"https:\/\/www.paudalho.pe.gov.br\/portal\/wp-content\/uploads\/2025\/09\/Imagem-do-WhatsApp-de-2025-05-26-as-15.26.22_43a7e399-800x450.jpg\" data-id=\"36956\" src=\"https:\/\/www.paudalho.pe.gov.br\/portal\/wp-content\/uploads\/2025\/09\/Imagem-do-WhatsApp-de-2025-05-26-as-15.26.22_43a7e399-800x450.jpg\" alt=\"\" class=\"wp-image-36956\"\/><\/figure>\n\n\n\n<figure class=\"wp-block-image size-large\"><img loading=\"lazy\" decoding=\"async\" width=\"800\" height=\"450\" data-attachment-id=\"36959\" data-permalink=\"https:\/\/www.paudalho.pe.gov.br\/portal\/conscientizacao-sobre-alergia-alimentar-e-tema-de-acao-nas-creches-de-paudalho\/imagem-do-whatsapp-de-2025-05-26-as-15-26-21_cac17002\/\" data-orig-file=\"https:\/\/www.paudalho.pe.gov.br\/portal\/wp-content\/uploads\/2025\/09\/Imagem-do-WhatsApp-de-2025-05-26-as-15.26.21_cac17002-scaled.jpg\" data-orig-size=\"2560,1920\" data-comments-opened=\"1\" data-image-meta=\"{&quot;aperture&quot;:&quot;0&quot;,&quot;credit&quot;:&quot;&quot;,&quot;camera&quot;:&quot;&quot;,&quot;caption&quot;:&quot;&quot;,&quot;created_timestamp&quot;:&quot;0&quot;,&quot;copyright&quot;:&quot;&quot;,&quot;focal_length&quot;:&quot;0&quot;,&quot;iso&quot;:&quot;0&quot;,&quot;shutter_speed&quot;:&quot;0&quot;,&quot;title&quot;:&quot;&quot;,&quot;orientation&quot;:&quot;0&quot;}\" data-image-title=\"Imagem do WhatsApp de 2025-05-26 \u00e0(s) 15.26.21_cac17002\" data-image-description=\"\" data-image-caption=\"\" data-medium-file=\"https:\/\/www.paudalho.pe.gov.br\/portal\/wp-content\/uploads\/2025\/09\/Imagem-do-WhatsApp-de-2025-05-26-as-15.26.21_cac17002-350x230.jpg\" data-large-file=\"https:\/\/www.paudalho.pe.gov.br\/portal\/wp-content\/uploads\/2025\/09\/Imagem-do-WhatsApp-de-2025-05-26-as-15.26.21_cac17002-800x450.jpg\" data-id=\"36959\" src=\"https:\/\/www.paudalho.pe.gov.br\/portal\/wp-content\/uploads\/2025\/09\/Imagem-do-WhatsApp-de-2025-05-26-as-15.26.21_cac17002-800x450.jpg\" alt=\"\" class=\"wp-image-36959\"\/><\/figure>\n\n\n\n<figure class=\"wp-block-image size-large\"><img loading=\"lazy\" decoding=\"async\" width=\"800\" height=\"450\" data-attachment-id=\"36960\" data-permalink=\"https:\/\/www.paudalho.pe.gov.br\/portal\/conscientizacao-sobre-alergia-alimentar-e-tema-de-acao-nas-creches-de-paudalho\/imagem-do-whatsapp-de-2025-05-26-as-15-26-23_20887778\/\" data-orig-file=\"https:\/\/www.paudalho.pe.gov.br\/portal\/wp-content\/uploads\/2025\/09\/Imagem-do-WhatsApp-de-2025-05-26-as-15.26.23_20887778-scaled.jpg\" data-orig-size=\"2560,1920\" data-comments-opened=\"1\" data-image-meta=\"{&quot;aperture&quot;:&quot;0&quot;,&quot;credit&quot;:&quot;&quot;,&quot;camera&quot;:&quot;&quot;,&quot;caption&quot;:&quot;&quot;,&quot;created_timestamp&quot;:&quot;0&quot;,&quot;copyright&quot;:&quot;&quot;,&quot;focal_length&quot;:&quot;0&quot;,&quot;iso&quot;:&quot;0&quot;,&quot;shutter_speed&quot;:&quot;0&quot;,&quot;title&quot;:&quot;&quot;,&quot;orientation&quot;:&quot;0&quot;}\" data-image-title=\"Imagem do WhatsApp de 2025-05-26 \u00e0(s) 15.26.23_20887778\" data-image-description=\"\" data-image-caption=\"\" data-medium-file=\"https:\/\/www.paudalho.pe.gov.br\/portal\/wp-content\/uploads\/2025\/09\/Imagem-do-WhatsApp-de-2025-05-26-as-15.26.23_20887778-350x230.jpg\" data-large-file=\"https:\/\/www.paudalho.pe.gov.br\/portal\/wp-content\/uploads\/2025\/09\/Imagem-do-WhatsApp-de-2025-05-26-as-15.26.23_20887778-800x450.jpg\" data-id=\"36960\" src=\"https:\/\/www.paudalho.pe.gov.br\/portal\/wp-content\/uploads\/2025\/09\/Imagem-do-WhatsApp-de-2025-05-26-as-15.26.23_20887778-800x450.jpg\" alt=\"\" class=\"wp-image-36960\"\/><\/figure>\n\n\n\n<figure class=\"wp-block-image size-large\"><img loading=\"lazy\" decoding=\"async\" width=\"800\" height=\"450\" data-attachment-id=\"36957\" data-permalink=\"https:\/\/www.paudalho.pe.gov.br\/portal\/conscientizacao-sobre-alergia-alimentar-e-tema-de-acao-nas-creches-de-paudalho\/imagem-do-whatsapp-de-2025-05-26-as-15-26-22_a18795db\/\" data-orig-file=\"https:\/\/www.paudalho.pe.gov.br\/portal\/wp-content\/uploads\/2025\/09\/Imagem-do-WhatsApp-de-2025-05-26-as-15.26.22_a18795db-scaled.jpg\" data-orig-size=\"2560,1920\" data-comments-opened=\"1\" data-image-meta=\"{&quot;aperture&quot;:&quot;0&quot;,&quot;credit&quot;:&quot;&quot;,&quot;camera&quot;:&quot;&quot;,&quot;caption&quot;:&quot;&quot;,&quot;created_timestamp&quot;:&quot;0&quot;,&quot;copyright&quot;:&quot;&quot;,&quot;focal_length&quot;:&quot;0&quot;,&quot;iso&quot;:&quot;0&quot;,&quot;shutter_speed&quot;:&quot;0&quot;,&quot;title&quot;:&quot;&quot;,&quot;orientation&quot;:&quot;0&quot;}\" data-image-title=\"Imagem do WhatsApp de 2025-05-26 \u00e0(s) 15.26.22_a18795db\" data-image-description=\"\" data-image-caption=\"\" data-medium-file=\"https:\/\/www.paudalho.pe.gov.br\/portal\/wp-content\/uploads\/2025\/09\/Imagem-do-WhatsApp-de-2025-05-26-as-15.26.22_a18795db-350x230.jpg\" data-large-file=\"https:\/\/www.paudalho.pe.gov.br\/portal\/wp-content\/uploads\/2025\/09\/Imagem-do-WhatsApp-de-2025-05-26-as-15.26.22_a18795db-800x450.jpg\" data-id=\"36957\" src=\"https:\/\/www.paudalho.pe.gov.br\/portal\/wp-content\/uploads\/2025\/09\/Imagem-do-WhatsApp-de-2025-05-26-as-15.26.22_a18795db-800x450.jpg\" alt=\"\" class=\"wp-image-36957\"\/><\/figure>\n\n\n\n<figure class=\"wp-block-image size-large\"><img loading=\"lazy\" decoding=\"async\" width=\"800\" height=\"450\" data-attachment-id=\"36958\" data-permalink=\"https:\/\/www.paudalho.pe.gov.br\/portal\/conscientizacao-sobre-alergia-alimentar-e-tema-de-acao-nas-creches-de-paudalho\/imagem-do-whatsapp-de-2025-05-26-as-15-26-22_8f325b76\/\" data-orig-file=\"https:\/\/www.paudalho.pe.gov.br\/portal\/wp-content\/uploads\/2025\/09\/Imagem-do-WhatsApp-de-2025-05-26-as-15.26.22_8f325b76-scaled.jpg\" data-orig-size=\"2560,1920\" data-comments-opened=\"1\" data-image-meta=\"{&quot;aperture&quot;:&quot;0&quot;,&quot;credit&quot;:&quot;&quot;,&quot;camera&quot;:&quot;&quot;,&quot;caption&quot;:&quot;&quot;,&quot;created_timestamp&quot;:&quot;0&quot;,&quot;copyright&quot;:&quot;&quot;,&quot;focal_length&quot;:&quot;0&quot;,&quot;iso&quot;:&quot;0&quot;,&quot;shutter_speed&quot;:&quot;0&quot;,&quot;title&quot;:&quot;&quot;,&quot;orientation&quot;:&quot;0&quot;}\" data-image-title=\"Imagem do WhatsApp de 2025-05-26 \u00e0(s) 15.26.22_8f325b76\" data-image-description=\"\" data-image-caption=\"\" data-medium-file=\"https:\/\/www.paudalho.pe.gov.br\/portal\/wp-content\/uploads\/2025\/09\/Imagem-do-WhatsApp-de-2025-05-26-as-15.26.22_8f325b76-350x230.jpg\" data-large-file=\"https:\/\/www.paudalho.pe.gov.br\/portal\/wp-content\/uploads\/2025\/09\/Imagem-do-WhatsApp-de-2025-05-26-as-15.26.22_8f325b76-800x450.jpg\" data-id=\"36958\" src=\"https:\/\/www.paudalho.pe.gov.br\/portal\/wp-content\/uploads\/2025\/09\/Imagem-do-WhatsApp-de-2025-05-26-as-15.26.22_8f325b76-800x450.jpg\" alt=\"\" class=\"wp-image-36958\"\/><\/figure>\n\n\n\n<figure class=\"wp-block-image size-large\"><img loading=\"lazy\" decoding=\"async\" width=\"800\" height=\"450\" data-attachment-id=\"36961\" data-permalink=\"https:\/\/www.paudalho.pe.gov.br\/portal\/conscientizacao-sobre-alergia-alimentar-e-tema-de-acao-nas-creches-de-paudalho\/imagem-do-whatsapp-de-2025-05-26-as-15-26-23_a0bda0fa\/\" data-orig-file=\"https:\/\/www.paudalho.pe.gov.br\/portal\/wp-content\/uploads\/2025\/09\/Imagem-do-WhatsApp-de-2025-05-26-as-15.26.23_a0bda0fa-scaled.jpg\" data-orig-size=\"2560,1920\" data-comments-opened=\"1\" data-image-meta=\"{&quot;aperture&quot;:&quot;0&quot;,&quot;credit&quot;:&quot;&quot;,&quot;camera&quot;:&quot;&quot;,&quot;caption&quot;:&quot;&quot;,&quot;created_timestamp&quot;:&quot;0&quot;,&quot;copyright&quot;:&quot;&quot;,&quot;focal_length&quot;:&quot;0&quot;,&quot;iso&quot;:&quot;0&quot;,&quot;shutter_speed&quot;:&quot;0&quot;,&quot;title&quot;:&quot;&quot;,&quot;orientation&quot;:&quot;0&quot;}\" data-image-title=\"Imagem do WhatsApp de 2025-05-26 \u00e0(s) 15.26.23_a0bda0fa\" data-image-description=\"\" data-image-caption=\"\" data-medium-file=\"https:\/\/www.paudalho.pe.gov.br\/portal\/wp-content\/uploads\/2025\/09\/Imagem-do-WhatsApp-de-2025-05-26-as-15.26.23_a0bda0fa-350x230.jpg\" data-large-file=\"https:\/\/www.paudalho.pe.gov.br\/portal\/wp-content\/uploads\/2025\/09\/Imagem-do-WhatsApp-de-2025-05-26-as-15.26.23_a0bda0fa-800x450.jpg\" data-id=\"36961\" src=\"https:\/\/www.paudalho.pe.gov.br\/portal\/wp-content\/uploads\/2025\/09\/Imagem-do-WhatsApp-de-2025-05-26-as-15.26.23_a0bda0fa-800x450.jpg\" alt=\"\" class=\"wp-image-36961\"\/><\/figure>\n<\/figure>\n","protected":false},"excerpt":{"rendered":"<p>Em alus\u00e3o \u00e0 Semana de Conscientiza\u00e7\u00e3o da Alergia Alimentar, a Prefeitura do Paudalho, por meio da Secretaria de Educa\u00e7\u00e3o e Juventude, realizou nesta segunda-feira (26) uma a\u00e7\u00e3o nas creches da rede municipal com o objetivo de promover educa\u00e7\u00e3o, informa\u00e7\u00e3o e conscientiza\u00e7\u00e3o sobre o tema. A atividade foi conduzida pela equipe de nutri\u00e7\u00e3o da Ger\u00eancia de [&hellip;]<\/p>\n","protected":false},"author":17,"featured_media":36957,"comment_status":"open","ping_status":"open","sticky":false,"template":"","format":"standard","meta":{"_jetpack_newsletter_access":"","_jetpack_dont_email_post_to_subs":false,"_jetpack_newsletter_tier_id":0,"_jetpack_memberships_contains_paywalled_content":false,"_jetpack_memberships_contains_paid_content":false,"footnotes":""},"categories":[520,1],"tags":[],"class_list":["post-36955","post","type-post","status-publish","format-standard","has-post-thumbnail","hentry","category-educacao-2","category-noticias"],"jetpack_featured_media_url":"https:\/\/www.paudalho.pe.gov.br\/portal\/wp-content\/uploads\/2025\/09\/Imagem-do-WhatsApp-de-2025-05-26-as-15.26.22_a18795db-scaled.jpg","jetpack_sharing_enabled":true,"jetpack_shortlink":"https:\/\/wp.me\/p98mS2-9C3","_links":{"self":[{"href":"https:\/\/www.paudalho.pe.gov.br\/portal\/wp-json\/wp\/v2\/posts\/36955","targetHints":{"allow":["GET"]}}],"collection":[{"href":"https:\/\/www.paudalho.pe.gov.br\/portal\/wp-json\/wp\/v2\/posts"}],"about":[{"href":"https:\/\/www.paudalho.pe.gov.br\/portal\/wp-json\/wp\/v2\/types\/post"}],"author":[{"embeddable":true,"href":"https:\/\/www.paudalho.pe.gov.br\/portal\/wp-json\/wp\/v2\/users\/17"}],"replies":[{"embeddable":true,"href":"https:\/\/www.paudalho.pe.gov.br\/portal\/wp-json\/wp\/v2\/comments?post=36955"}],"version-history":[{"count":1,"href":"https:\/\/www.paudalho.pe.gov.br\/portal\/wp-json\/wp\/v2\/posts\/36955\/revisions"}],"predecessor-version":[{"id":36962,"href":"https:\/\/www.paudalho.pe.gov.br\/portal\/wp-json\/wp\/v2\/posts\/36955\/revisions\/36962"}],"wp:featuredmedia":[{"embeddable":true,"href":"https:\/\/www.paudalho.pe.gov.br\/portal\/wp-json\/wp\/v2\/media\/36957"}],"wp:attachment":[{"href":"https:\/\/www.paudalho.pe.gov.br\/portal\/wp-json\/wp\/v2\/media?parent=36955"}],"wp:term":[{"taxonomy":"category","embeddable":true,"href":"https:\/\/www.paudalho.pe.gov.br\/portal\/wp-json\/wp\/v2\/categories?post=36955"},{"taxonomy":"post_tag","embeddable":true,"href":"https:\/\/www.paudalho.pe.gov.br\/portal\/wp-json\/wp\/v2\/tags?post=36955"}],"curies":[{"name":"wp","href":"https:\/\/api.w.org\/{rel}","templated":true}]}}