{"id":36921,"date":"2025-09-03T15:18:34","date_gmt":"2025-09-03T18:18:34","guid":{"rendered":"https:\/\/www.paudalho.pe.gov.br\/portal\/?p=36921"},"modified":"2025-09-03T15:18:34","modified_gmt":"2025-09-03T18:18:34","slug":"paudalho-inicia-processo-eleitoral-para-o-conselho-de-politica-cultural-2025-2027","status":"publish","type":"post","link":"https:\/\/www.paudalho.pe.gov.br\/portal\/paudalho-inicia-processo-eleitoral-para-o-conselho-de-politica-cultural-2025-2027\/","title":{"rendered":"Paudalho inicia processo eleitoral para o Conselho de Pol\u00edtica Cultural 2025-2027"},"content":{"rendered":"\n<p>A Prefeitura do Paudalho, atrav\u00e9s da Secretaria de Cultura, tornou p\u00fablico o Edital n\u00ba 007, que marca o in\u00edcio da elei\u00e7\u00e3o para o Conselho Municipal de Pol\u00edtica Cultural no bi\u00eanio 2025-2027. \u00c9 a partir desse edital que se abre o caminho para a escolha dos representantes da sociedade civil que v\u00e3o compor o Conselho e ajudar a pensar e decidir os rumos da cultura na cidade.<\/p>\n\n\n\n<div class=\"wp-block-file\"><a id=\"wp-block-file--media-1cff7385-ca73-47d7-8988-759c67fc28c1\" href=\"https:\/\/www.paudalho.pe.gov.br\/portal\/wp-content\/uploads\/2025\/09\/Edital-007-Eleic\u0327a\u0303o-CMPC-bie\u0302nio-2025-2027.pdf\">Edital 007 Eleic\u0327a\u0303o CMPC bie\u0302nio 2025 2027<\/a><a href=\"https:\/\/www.paudalho.pe.gov.br\/portal\/wp-content\/uploads\/2025\/09\/Edital-007-Eleic\u0327a\u0303o-CMPC-bie\u0302nio-2025-2027.pdf\" class=\"wp-block-file__button wp-element-button\" download aria-describedby=\"wp-block-file--media-1cff7385-ca73-47d7-8988-759c67fc28c1\">Baixar<\/a><\/div>\n\n\n\n<div class=\"wp-block-file\"><a id=\"wp-block-file--media-5b9486af-1975-4e9b-97c2-af22d674eec3\" href=\"https:\/\/www.paudalho.pe.gov.br\/portal\/wp-content\/uploads\/2025\/09\/Portaria-005-Nomeac\u0327a\u0303o-Comissa\u0303o-Eleitoral.pdf\">Portaria 005 Nomeac\u0327a\u0303o Comissa\u0303o Eleitoral<\/a><a href=\"https:\/\/www.paudalho.pe.gov.br\/portal\/wp-content\/uploads\/2025\/09\/Portaria-005-Nomeac\u0327a\u0303o-Comissa\u0303o-Eleitoral.pdf\" class=\"wp-block-file__button wp-element-button\" download aria-describedby=\"wp-block-file--media-5b9486af-1975-4e9b-97c2-af22d674eec3\">Baixar<\/a><\/div>\n\n\n\n<p>O Conselho \u00e9 um espa\u00e7o de participa\u00e7\u00e3o essencial, onde artistas, produtores, agentes culturais e a popula\u00e7\u00e3o em geral podem se fazer ouvir, fiscalizar e propor caminhos para o fortalecimento da cultura local. Essa elei\u00e7\u00e3o \u00e9, portanto, uma oportunidade de engajamento coletivo para quem acredita que a cultura \u00e9 parte vital da identidade e do desenvolvimento de Paudalho.<\/p>\n\n\n\n<p>Para garantir que o processo aconte\u00e7a com clareza e legitimidade, a Prefeitura tamb\u00e9m publicou a Portaria n\u00ba 005, que designa a Comiss\u00e3o Eleitoral. Caber\u00e1 a ela acompanhar cada etapa, cuidando para que candidatos e eleitores tenham igualdade de condi\u00e7\u00f5es e que tudo ocorra de forma transparente.<\/p>\n\n\n\n<p>O calend\u00e1rio j\u00e1 est\u00e1 definido. O edital foi lan\u00e7ado no dia 3 de setembro de 2025. Entre 5 e 8 de setembro acontece o per\u00edodo de impugna\u00e7\u00f5es, com an\u00e1lise no dia 9 e resultado em 10 de setembro. As inscri\u00e7\u00f5es e habilita\u00e7\u00f5es de eleitores e candidatos seguem de 11 a 24 de setembro. No dia 26, ser\u00e1 divulgada a lista de inscritos, com prazo para recursos no dia 29. O resultado final dos habilitados ser\u00e1 publicado em 30 de setembro.<\/p>\n\n\n\n<p>A elei\u00e7\u00e3o em si acontece no dia 2 de outubro, das 15h \u00e0s 18h, com apura\u00e7\u00e3o imediata e divulga\u00e7\u00e3o dos eleitos, tanto titulares quanto suplentes. Recursos da fase de vota\u00e7\u00e3o poder\u00e3o ser apresentados entre 3 e 6 de outubro, e a lista final dos representantes ser\u00e1 publicada no dia 8 de outubro.<\/p>\n\n\n\n<p>Com esse processo, Paudalho reafirma seu compromisso de fortalecer a cultura de forma democr\u00e1tica, valorizando a diversidade e a participa\u00e7\u00e3o popular.<\/p>\n\n\n\n<p>Calend\u00e1rio do processo eleitoral:<br>03\/09\/2025 \u2013 Lan\u00e7amento e publica\u00e7\u00e3o do edital<br>05\/09 a 08\/09\/2025 \u2013 Prazo para impugna\u00e7\u00e3o do edital<br>09\/09\/2025 \u2013 An\u00e1lise e julgamento dos pedidos de impugna\u00e7\u00e3o<br>10\/09\/2025 \u2013 Resultado dos recursos de impugna\u00e7\u00e3o<br>11\/09 a 24\/09\/2025 \u2013 Inscri\u00e7\u00e3o, habilita\u00e7\u00e3o de eleitores e candidaturas<br>26\/09\/2025 \u2013 Divulga\u00e7\u00e3o dos dados de inscri\u00e7\u00e3o, habilita\u00e7\u00e3o e candidaturas<br>29\/09\/2025 \u2013 Prazo para recurso da fase de inscri\u00e7\u00e3o<br>30\/09\/2025 \u2013 Publica\u00e7\u00e3o do resultado final dos habilitados<br>02\/10\/2025 \u2013 Vota\u00e7\u00e3o, apura\u00e7\u00e3o e divulga\u00e7\u00e3o dos eleitos (15h \u00e0s 18h)<br>03\/10 a 06\/10\/2025 \u2013 Prazo para recurso da fase de vota\u00e7\u00e3o<br>08\/10\/2025 \u2013 Publica\u00e7\u00e3o da lista final de representantes eleitos<\/p>\n\n\n\n<p><\/p>\n","protected":false},"excerpt":{"rendered":"<p>A Prefeitura do Paudalho, atrav\u00e9s da Secretaria de Cultura, tornou p\u00fablico o Edital n\u00ba 007, que marca o in\u00edcio da elei\u00e7\u00e3o para o Conselho Municipal de Pol\u00edtica Cultural no bi\u00eanio 2025-2027. \u00c9 a partir desse edital que se abre o caminho para a escolha dos representantes da sociedade civil que v\u00e3o compor o Conselho e [&hellip;]<\/p>\n","protected":false},"author":15,"featured_media":36924,"comment_status":"open","ping_status":"open","sticky":false,"template":"","format":"standard","meta":{"_jetpack_newsletter_access":"","_jetpack_dont_email_post_to_subs":false,"_jetpack_newsletter_tier_id":0,"_jetpack_memberships_contains_paywalled_content":false,"_jetpack_memberships_contains_paid_content":false,"footnotes":""},"categories":[1184,2],"tags":[],"class_list":["post-36921","post","type-post","status-publish","format-standard","has-post-thumbnail","hentry","category-cultura-2","category-destaque"],"jetpack_featured_media_url":"https:\/\/www.paudalho.pe.gov.br\/portal\/wp-content\/uploads\/2025\/09\/JPG.jpg","jetpack_sharing_enabled":true,"jetpack_shortlink":"https:\/\/wp.me\/p98mS2-9Bv","_links":{"self":[{"href":"https:\/\/www.paudalho.pe.gov.br\/portal\/wp-json\/wp\/v2\/posts\/36921","targetHints":{"allow":["GET"]}}],"collection":[{"href":"https:\/\/www.paudalho.pe.gov.br\/portal\/wp-json\/wp\/v2\/posts"}],"about":[{"href":"https:\/\/www.paudalho.pe.gov.br\/portal\/wp-json\/wp\/v2\/types\/post"}],"author":[{"embeddable":true,"href":"https:\/\/www.paudalho.pe.gov.br\/portal\/wp-json\/wp\/v2\/users\/15"}],"replies":[{"embeddable":true,"href":"https:\/\/www.paudalho.pe.gov.br\/portal\/wp-json\/wp\/v2\/comments?post=36921"}],"version-history":[{"count":1,"href":"https:\/\/www.paudalho.pe.gov.br\/portal\/wp-json\/wp\/v2\/posts\/36921\/revisions"}],"predecessor-version":[{"id":36925,"href":"https:\/\/www.paudalho.pe.gov.br\/portal\/wp-json\/wp\/v2\/posts\/36921\/revisions\/36925"}],"wp:featuredmedia":[{"embeddable":true,"href":"https:\/\/www.paudalho.pe.gov.br\/portal\/wp-json\/wp\/v2\/media\/36924"}],"wp:attachment":[{"href":"https:\/\/www.paudalho.pe.gov.br\/portal\/wp-json\/wp\/v2\/media?parent=36921"}],"wp:term":[{"taxonomy":"category","embeddable":true,"href":"https:\/\/www.paudalho.pe.gov.br\/portal\/wp-json\/wp\/v2\/categories?post=36921"},{"taxonomy":"post_tag","embeddable":true,"href":"https:\/\/www.paudalho.pe.gov.br\/portal\/wp-json\/wp\/v2\/tags?post=36921"}],"curies":[{"name":"wp","href":"https:\/\/api.w.org\/{rel}","templated":true}]}}