{"id":36840,"date":"2025-08-22T15:40:05","date_gmt":"2025-08-22T18:40:05","guid":{"rendered":"https:\/\/www.paudalho.pe.gov.br\/portal\/?p=36840"},"modified":"2025-08-22T15:40:05","modified_gmt":"2025-08-22T18:40:05","slug":"centro-de-parto-normal-gabrielly-ramos-celebra-7-anos-de-cuidado-acolhimento-e-historias-de-vida","status":"publish","type":"post","link":"https:\/\/www.paudalho.pe.gov.br\/portal\/centro-de-parto-normal-gabrielly-ramos-celebra-7-anos-de-cuidado-acolhimento-e-historias-de-vida\/","title":{"rendered":"Centro de Parto Normal Gabrielly Ramos celebra 7 anos de cuidado, acolhimento e hist\u00f3rias de vida."},"content":{"rendered":"\n<p>Paudalho celebrou nesta semana os sete anos do Centro de Parto Normal Gabrielly Ramos, um espa\u00e7o que se consolidou como refer\u00eancia em atendimento humanizado, seguro e de qualidade para gestantes e rec\u00e9m-nascidos. Desde sua inaugura\u00e7\u00e3o, em agosto de 2018, o Centro j\u00e1 realizou mais de 1.400 partos, oferecendo \u00e0s m\u00e3es a oportunidade de nascerem e terem seus filhos no pr\u00f3prio munic\u00edpio, com dignidade e acolhimento.<\/p>\n\n\n\n<p>A primeira paudalhense a nascer no centro, Let\u00edcia Isabelly, destacou a alegria de celebrar o marco:<br>\u201cEu sou a Let\u00edcia e sou muito feliz por ter nascido aqui.\u201d<\/p>\n\n\n\n<p>Para Alyne Nunes, coordenadora do Centro de Parto Gabrielly Ramos, a data \u00e9 motivo de orgulho:<br>\u201c\u00c9 com imenso prazer que celebramos hoje os sete anos do Centro de Parto Normal Gabrielly Ramos, um evento preparado com muito carinho para comemorar junto com todas as mam\u00e3es e crian\u00e7as que nasceram aqui at\u00e9 hoje. J\u00e1 foram mais de 1.400 partos realizados, todos com cuidado humano, seguran\u00e7a e respeito. Hoje \u00e9 um dia de celebra\u00e7\u00e3o e alegria para o povo de Paudalho, que antes precisava se deslocar para outras cidades para ter seus filhos. Desde agosto de 2018, os paudalhenses passam a nascer aqui, no pr\u00f3prio munic\u00edpio, com dignidade e acolhimento.\u201d<\/p>\n\n\n\n<p>Entre as m\u00e3es atendidas, Naiane Ramos, m\u00e3e de Gabrielly Ramos, compartilhou sua experi\u00eancia:<br>\u201cQuando tudo aconteceu, precisei ir a v\u00e1rias cidades vizinhas e n\u00e3o fui bem acolhida, nem recebi todo o apoio que precisava. Hoje, fico muito feliz em vir ao Centro de Parto, onde cada pessoa trata todos com amor e cuidado. Aqui, o parto \u00e9 humanizado, mas todo o atendimento tamb\u00e9m recebe esse olhar especial: tudo \u00e9 feito com carinho, respeito e dedica\u00e7\u00e3o.\u201d<\/p>\n\n\n\n<p>A emo\u00e7\u00e3o tamb\u00e9m marcou o relato de L\u00eddia Andr\u00e9, a primeira m\u00e3e a ter beb\u00ea no CPN Gabrielly Ramos:<br>\u201cEu tive a honra de ser a primeira m\u00e3e a dar entrada no Centro de Parto para ter minha filha. Foi um dia muito emocionante pelo acolhimento que recebi e pela presen\u00e7a da minha fam\u00edlia, com o pai da minha filha acompanhando de perto aquele momento t\u00e3o especial. As meninas foram super pacientes e atenciosas, e isso marcou profundamente a minha vida. At\u00e9 hoje \u00e9 emocionante lembrar. Este espa\u00e7o \u00e9 um abra\u00e7o coletivo para cada m\u00e3e e cada crian\u00e7a que passa por aqui.\u201d<\/p>\n\n\n\n<p>A prefeita Paula Fracinette refor\u00e7ou a import\u00e2ncia do Centro para o futuro da cidade:<br>\u201cEu acredito que Paudalho est\u00e1 construindo um futuro ainda melhor, cheio de esperan\u00e7a, crescimento e oportunidades. Tenho f\u00e9 que nossos filhos ter\u00e3o um futuro brilhante.\u201d<\/p>\n\n\n\n<p>Ao longo destes sete anos, o Centro de Parto Normal Gabrielly Ramos se tornou um s\u00edmbolo de cuidado, amor e respeito pela vida, garantindo que mais fam\u00edlias possam vivenciar o momento do parto com seguran\u00e7a, acolhimento&nbsp;e&nbsp;humanidade.<\/p>\n\n\n\n<figure class=\"wp-block-gallery has-nested-images columns-default is-cropped wp-block-gallery-1 is-layout-flex wp-block-gallery-is-layout-flex\">\n<figure class=\"wp-block-image size-large\"><img loading=\"lazy\" decoding=\"async\" width=\"800\" height=\"450\" data-attachment-id=\"36841\" data-permalink=\"https:\/\/www.paudalho.pe.gov.br\/portal\/centro-de-parto-normal-gabrielly-ramos-celebra-7-anos-de-cuidado-acolhimento-e-historias-de-vida\/_fjf1875\/\" data-orig-file=\"https:\/\/www.paudalho.pe.gov.br\/portal\/wp-content\/uploads\/2025\/08\/FJF1875-scaled.jpg\" data-orig-size=\"2560,1707\" data-comments-opened=\"1\" data-image-meta=\"{&quot;aperture&quot;:&quot;4&quot;,&quot;credit&quot;:&quot;JOSUE FILHO FOTOGRAFIAA&quot;,&quot;camera&quot;:&quot;Canon EOS R6m2&quot;,&quot;caption&quot;:&quot;&quot;,&quot;created_timestamp&quot;:&quot;1755782052&quot;,&quot;copyright&quot;:&quot;PAUDALHO\\\/PE&quot;,&quot;focal_length&quot;:&quot;47&quot;,&quot;iso&quot;:&quot;800&quot;,&quot;shutter_speed&quot;:&quot;0.00625&quot;,&quot;title&quot;:&quot;&quot;,&quot;orientation&quot;:&quot;1&quot;}\" data-image-title=\"_FJF1875\" data-image-description=\"\" data-image-caption=\"\" data-medium-file=\"https:\/\/www.paudalho.pe.gov.br\/portal\/wp-content\/uploads\/2025\/08\/FJF1875-350x230.jpg\" data-large-file=\"https:\/\/www.paudalho.pe.gov.br\/portal\/wp-content\/uploads\/2025\/08\/FJF1875-800x450.jpg\" data-id=\"36841\" src=\"https:\/\/www.paudalho.pe.gov.br\/portal\/wp-content\/uploads\/2025\/08\/FJF1875-800x450.jpg\" alt=\"\" class=\"wp-image-36841\"\/><\/figure>\n\n\n\n<figure class=\"wp-block-image size-large\"><img loading=\"lazy\" decoding=\"async\" width=\"800\" height=\"450\" data-attachment-id=\"36842\" data-permalink=\"https:\/\/www.paudalho.pe.gov.br\/portal\/centro-de-parto-normal-gabrielly-ramos-celebra-7-anos-de-cuidado-acolhimento-e-historias-de-vida\/_fjf1881\/\" data-orig-file=\"https:\/\/www.paudalho.pe.gov.br\/portal\/wp-content\/uploads\/2025\/08\/FJF1881-scaled.jpg\" data-orig-size=\"2560,1707\" data-comments-opened=\"1\" data-image-meta=\"{&quot;aperture&quot;:&quot;4&quot;,&quot;credit&quot;:&quot;JOSUE FILHO FOTOGRAFIAA&quot;,&quot;camera&quot;:&quot;Canon EOS R6m2&quot;,&quot;caption&quot;:&quot;&quot;,&quot;created_timestamp&quot;:&quot;1755782101&quot;,&quot;copyright&quot;:&quot;PAUDALHO\\\/PE&quot;,&quot;focal_length&quot;:&quot;33&quot;,&quot;iso&quot;:&quot;800&quot;,&quot;shutter_speed&quot;:&quot;0.00625&quot;,&quot;title&quot;:&quot;&quot;,&quot;orientation&quot;:&quot;1&quot;}\" data-image-title=\"_FJF1881\" data-image-description=\"\" data-image-caption=\"\" data-medium-file=\"https:\/\/www.paudalho.pe.gov.br\/portal\/wp-content\/uploads\/2025\/08\/FJF1881-350x230.jpg\" data-large-file=\"https:\/\/www.paudalho.pe.gov.br\/portal\/wp-content\/uploads\/2025\/08\/FJF1881-800x450.jpg\" data-id=\"36842\" src=\"https:\/\/www.paudalho.pe.gov.br\/portal\/wp-content\/uploads\/2025\/08\/FJF1881-800x450.jpg\" alt=\"\" class=\"wp-image-36842\"\/><\/figure>\n\n\n\n<figure class=\"wp-block-image size-large\"><img loading=\"lazy\" decoding=\"async\" width=\"800\" height=\"450\" data-attachment-id=\"36844\" data-permalink=\"https:\/\/www.paudalho.pe.gov.br\/portal\/centro-de-parto-normal-gabrielly-ramos-celebra-7-anos-de-cuidado-acolhimento-e-historias-de-vida\/_fjf1923\/\" data-orig-file=\"https:\/\/www.paudalho.pe.gov.br\/portal\/wp-content\/uploads\/2025\/08\/FJF1923-scaled.jpg\" data-orig-size=\"2560,1707\" data-comments-opened=\"1\" data-image-meta=\"{&quot;aperture&quot;:&quot;5&quot;,&quot;credit&quot;:&quot;JOSUE FILHO FOTOGRAFIAA&quot;,&quot;camera&quot;:&quot;Canon EOS R6m2&quot;,&quot;caption&quot;:&quot;&quot;,&quot;created_timestamp&quot;:&quot;1755783091&quot;,&quot;copyright&quot;:&quot;PAUDALHO\\\/PE&quot;,&quot;focal_length&quot;:&quot;43&quot;,&quot;iso&quot;:&quot;400&quot;,&quot;shutter_speed&quot;:&quot;0.008&quot;,&quot;title&quot;:&quot;&quot;,&quot;orientation&quot;:&quot;1&quot;}\" data-image-title=\"_FJF1923\" data-image-description=\"\" data-image-caption=\"\" data-medium-file=\"https:\/\/www.paudalho.pe.gov.br\/portal\/wp-content\/uploads\/2025\/08\/FJF1923-350x230.jpg\" data-large-file=\"https:\/\/www.paudalho.pe.gov.br\/portal\/wp-content\/uploads\/2025\/08\/FJF1923-800x450.jpg\" data-id=\"36844\" src=\"https:\/\/www.paudalho.pe.gov.br\/portal\/wp-content\/uploads\/2025\/08\/FJF1923-800x450.jpg\" alt=\"\" class=\"wp-image-36844\"\/><\/figure>\n\n\n\n<figure class=\"wp-block-image size-large\"><img loading=\"lazy\" decoding=\"async\" width=\"800\" height=\"450\" data-attachment-id=\"36843\" data-permalink=\"https:\/\/www.paudalho.pe.gov.br\/portal\/centro-de-parto-normal-gabrielly-ramos-celebra-7-anos-de-cuidado-acolhimento-e-historias-de-vida\/_fjf1931\/\" data-orig-file=\"https:\/\/www.paudalho.pe.gov.br\/portal\/wp-content\/uploads\/2025\/08\/FJF1931-scaled.jpg\" data-orig-size=\"2560,1707\" data-comments-opened=\"1\" data-image-meta=\"{&quot;aperture&quot;:&quot;4.5&quot;,&quot;credit&quot;:&quot;JOSUE FILHO FOTOGRAFIAA&quot;,&quot;camera&quot;:&quot;Canon EOS R6m2&quot;,&quot;caption&quot;:&quot;&quot;,&quot;created_timestamp&quot;:&quot;1755783173&quot;,&quot;copyright&quot;:&quot;PAUDALHO\\\/PE&quot;,&quot;focal_length&quot;:&quot;105&quot;,&quot;iso&quot;:&quot;640&quot;,&quot;shutter_speed&quot;:&quot;0.008&quot;,&quot;title&quot;:&quot;&quot;,&quot;orientation&quot;:&quot;1&quot;}\" data-image-title=\"_FJF1931\" data-image-description=\"\" data-image-caption=\"\" data-medium-file=\"https:\/\/www.paudalho.pe.gov.br\/portal\/wp-content\/uploads\/2025\/08\/FJF1931-350x230.jpg\" data-large-file=\"https:\/\/www.paudalho.pe.gov.br\/portal\/wp-content\/uploads\/2025\/08\/FJF1931-800x450.jpg\" data-id=\"36843\" src=\"https:\/\/www.paudalho.pe.gov.br\/portal\/wp-content\/uploads\/2025\/08\/FJF1931-800x450.jpg\" alt=\"\" class=\"wp-image-36843\"\/><\/figure>\n\n\n\n<figure class=\"wp-block-image size-large\"><img loading=\"lazy\" decoding=\"async\" width=\"800\" height=\"450\" data-attachment-id=\"36846\" data-permalink=\"https:\/\/www.paudalho.pe.gov.br\/portal\/centro-de-parto-normal-gabrielly-ramos-celebra-7-anos-de-cuidado-acolhimento-e-historias-de-vida\/_fjf1968\/\" data-orig-file=\"https:\/\/www.paudalho.pe.gov.br\/portal\/wp-content\/uploads\/2025\/08\/FJF1968-scaled.jpg\" data-orig-size=\"2560,1707\" data-comments-opened=\"1\" data-image-meta=\"{&quot;aperture&quot;:&quot;4&quot;,&quot;credit&quot;:&quot;JOSUE FILHO FOTOGRAFIAA&quot;,&quot;camera&quot;:&quot;Canon EOS R6m2&quot;,&quot;caption&quot;:&quot;&quot;,&quot;created_timestamp&quot;:&quot;1755783965&quot;,&quot;copyright&quot;:&quot;PAUDALHO\\\/PE&quot;,&quot;focal_length&quot;:&quot;50&quot;,&quot;iso&quot;:&quot;500&quot;,&quot;shutter_speed&quot;:&quot;0.008&quot;,&quot;title&quot;:&quot;&quot;,&quot;orientation&quot;:&quot;1&quot;}\" data-image-title=\"_FJF1968\" data-image-description=\"\" data-image-caption=\"\" data-medium-file=\"https:\/\/www.paudalho.pe.gov.br\/portal\/wp-content\/uploads\/2025\/08\/FJF1968-350x230.jpg\" data-large-file=\"https:\/\/www.paudalho.pe.gov.br\/portal\/wp-content\/uploads\/2025\/08\/FJF1968-800x450.jpg\" data-id=\"36846\" src=\"https:\/\/www.paudalho.pe.gov.br\/portal\/wp-content\/uploads\/2025\/08\/FJF1968-800x450.jpg\" alt=\"\" class=\"wp-image-36846\"\/><\/figure>\n\n\n\n<figure class=\"wp-block-image size-large\"><img loading=\"lazy\" decoding=\"async\" width=\"800\" height=\"450\" data-attachment-id=\"36845\" data-permalink=\"https:\/\/www.paudalho.pe.gov.br\/portal\/centro-de-parto-normal-gabrielly-ramos-celebra-7-anos-de-cuidado-acolhimento-e-historias-de-vida\/_fjf1983\/\" data-orig-file=\"https:\/\/www.paudalho.pe.gov.br\/portal\/wp-content\/uploads\/2025\/08\/FJF1983-scaled.jpg\" data-orig-size=\"2560,1707\" data-comments-opened=\"1\" data-image-meta=\"{&quot;aperture&quot;:&quot;4&quot;,&quot;credit&quot;:&quot;JOSUE FILHO FOTOGRAFIAA&quot;,&quot;camera&quot;:&quot;Canon EOS R6m2&quot;,&quot;caption&quot;:&quot;&quot;,&quot;created_timestamp&quot;:&quot;1755784166&quot;,&quot;copyright&quot;:&quot;PAUDALHO\\\/PE&quot;,&quot;focal_length&quot;:&quot;50&quot;,&quot;iso&quot;:&quot;500&quot;,&quot;shutter_speed&quot;:&quot;0.008&quot;,&quot;title&quot;:&quot;&quot;,&quot;orientation&quot;:&quot;1&quot;}\" data-image-title=\"_FJF1983\" data-image-description=\"\" data-image-caption=\"\" data-medium-file=\"https:\/\/www.paudalho.pe.gov.br\/portal\/wp-content\/uploads\/2025\/08\/FJF1983-350x230.jpg\" data-large-file=\"https:\/\/www.paudalho.pe.gov.br\/portal\/wp-content\/uploads\/2025\/08\/FJF1983-800x450.jpg\" data-id=\"36845\" src=\"https:\/\/www.paudalho.pe.gov.br\/portal\/wp-content\/uploads\/2025\/08\/FJF1983-800x450.jpg\" alt=\"\" class=\"wp-image-36845\"\/><\/figure>\n\n\n\n<figure class=\"wp-block-image size-large\"><img loading=\"lazy\" decoding=\"async\" width=\"800\" height=\"450\" data-attachment-id=\"36847\" data-permalink=\"https:\/\/www.paudalho.pe.gov.br\/portal\/centro-de-parto-normal-gabrielly-ramos-celebra-7-anos-de-cuidado-acolhimento-e-historias-de-vida\/_fjf1999\/\" data-orig-file=\"https:\/\/www.paudalho.pe.gov.br\/portal\/wp-content\/uploads\/2025\/08\/FJF1999-scaled.jpg\" data-orig-size=\"2560,1707\" data-comments-opened=\"1\" data-image-meta=\"{&quot;aperture&quot;:&quot;4&quot;,&quot;credit&quot;:&quot;JOSUE FILHO FOTOGRAFIAA&quot;,&quot;camera&quot;:&quot;Canon EOS R6m2&quot;,&quot;caption&quot;:&quot;&quot;,&quot;created_timestamp&quot;:&quot;1755784402&quot;,&quot;copyright&quot;:&quot;PAUDALHO\\\/PE&quot;,&quot;focal_length&quot;:&quot;24&quot;,&quot;iso&quot;:&quot;1000&quot;,&quot;shutter_speed&quot;:&quot;0.016666666666667&quot;,&quot;title&quot;:&quot;&quot;,&quot;orientation&quot;:&quot;1&quot;}\" data-image-title=\"_FJF1999\" data-image-description=\"\" data-image-caption=\"\" data-medium-file=\"https:\/\/www.paudalho.pe.gov.br\/portal\/wp-content\/uploads\/2025\/08\/FJF1999-350x230.jpg\" data-large-file=\"https:\/\/www.paudalho.pe.gov.br\/portal\/wp-content\/uploads\/2025\/08\/FJF1999-800x450.jpg\" data-id=\"36847\" src=\"https:\/\/www.paudalho.pe.gov.br\/portal\/wp-content\/uploads\/2025\/08\/FJF1999-800x450.jpg\" alt=\"\" class=\"wp-image-36847\"\/><\/figure>\n\n\n\n<figure class=\"wp-block-image size-large\"><img loading=\"lazy\" decoding=\"async\" width=\"800\" height=\"450\" data-attachment-id=\"36848\" data-permalink=\"https:\/\/www.paudalho.pe.gov.br\/portal\/centro-de-parto-normal-gabrielly-ramos-celebra-7-anos-de-cuidado-acolhimento-e-historias-de-vida\/_fjf2011\/\" data-orig-file=\"https:\/\/www.paudalho.pe.gov.br\/portal\/wp-content\/uploads\/2025\/08\/FJF2011-scaled.jpg\" data-orig-size=\"2560,1707\" data-comments-opened=\"1\" data-image-meta=\"{&quot;aperture&quot;:&quot;4&quot;,&quot;credit&quot;:&quot;JOSUE FILHO FOTOGRAFIAA&quot;,&quot;camera&quot;:&quot;Canon EOS R6m2&quot;,&quot;caption&quot;:&quot;&quot;,&quot;created_timestamp&quot;:&quot;1755784577&quot;,&quot;copyright&quot;:&quot;PAUDALHO\\\/PE&quot;,&quot;focal_length&quot;:&quot;24&quot;,&quot;iso&quot;:&quot;1000&quot;,&quot;shutter_speed&quot;:&quot;0.016666666666667&quot;,&quot;title&quot;:&quot;&quot;,&quot;orientation&quot;:&quot;1&quot;}\" data-image-title=\"_FJF2011\" data-image-description=\"\" data-image-caption=\"\" data-medium-file=\"https:\/\/www.paudalho.pe.gov.br\/portal\/wp-content\/uploads\/2025\/08\/FJF2011-350x230.jpg\" data-large-file=\"https:\/\/www.paudalho.pe.gov.br\/portal\/wp-content\/uploads\/2025\/08\/FJF2011-800x450.jpg\" data-id=\"36848\" src=\"https:\/\/www.paudalho.pe.gov.br\/portal\/wp-content\/uploads\/2025\/08\/FJF2011-800x450.jpg\" alt=\"\" class=\"wp-image-36848\"\/><\/figure>\n\n\n\n<figure class=\"wp-block-image size-large\"><img loading=\"lazy\" decoding=\"async\" width=\"800\" height=\"450\" data-attachment-id=\"36849\" data-permalink=\"https:\/\/www.paudalho.pe.gov.br\/portal\/centro-de-parto-normal-gabrielly-ramos-celebra-7-anos-de-cuidado-acolhimento-e-historias-de-vida\/_fjf1864\/\" data-orig-file=\"https:\/\/www.paudalho.pe.gov.br\/portal\/wp-content\/uploads\/2025\/08\/FJF1864-scaled.jpg\" data-orig-size=\"2560,1707\" data-comments-opened=\"1\" data-image-meta=\"{&quot;aperture&quot;:&quot;5&quot;,&quot;credit&quot;:&quot;JOSUE FILHO FOTOGRAFIAA&quot;,&quot;camera&quot;:&quot;Canon EOS R6m2&quot;,&quot;caption&quot;:&quot;&quot;,&quot;created_timestamp&quot;:&quot;1755781762&quot;,&quot;copyright&quot;:&quot;PAUDALHO\\\/PE&quot;,&quot;focal_length&quot;:&quot;24&quot;,&quot;iso&quot;:&quot;320&quot;,&quot;shutter_speed&quot;:&quot;0.005&quot;,&quot;title&quot;:&quot;&quot;,&quot;orientation&quot;:&quot;1&quot;}\" data-image-title=\"_FJF1864\" data-image-description=\"\" data-image-caption=\"\" data-medium-file=\"https:\/\/www.paudalho.pe.gov.br\/portal\/wp-content\/uploads\/2025\/08\/FJF1864-350x230.jpg\" data-large-file=\"https:\/\/www.paudalho.pe.gov.br\/portal\/wp-content\/uploads\/2025\/08\/FJF1864-800x450.jpg\" data-id=\"36849\" src=\"https:\/\/www.paudalho.pe.gov.br\/portal\/wp-content\/uploads\/2025\/08\/FJF1864-800x450.jpg\" alt=\"\" class=\"wp-image-36849\"\/><\/figure>\n\n\n\n<figure class=\"wp-block-image size-large\"><img loading=\"lazy\" decoding=\"async\" width=\"800\" height=\"450\" data-attachment-id=\"36850\" data-permalink=\"https:\/\/www.paudalho.pe.gov.br\/portal\/centro-de-parto-normal-gabrielly-ramos-celebra-7-anos-de-cuidado-acolhimento-e-historias-de-vida\/_fjf1867\/\" data-orig-file=\"https:\/\/www.paudalho.pe.gov.br\/portal\/wp-content\/uploads\/2025\/08\/FJF1867-scaled.jpg\" data-orig-size=\"1707,2560\" data-comments-opened=\"1\" data-image-meta=\"{&quot;aperture&quot;:&quot;4&quot;,&quot;credit&quot;:&quot;JOSUE FILHO FOTOGRAFIAA&quot;,&quot;camera&quot;:&quot;Canon EOS R6m2&quot;,&quot;caption&quot;:&quot;&quot;,&quot;created_timestamp&quot;:&quot;1755781918&quot;,&quot;copyright&quot;:&quot;PAUDALHO\\\/PE&quot;,&quot;focal_length&quot;:&quot;50&quot;,&quot;iso&quot;:&quot;800&quot;,&quot;shutter_speed&quot;:&quot;0.005&quot;,&quot;title&quot;:&quot;&quot;,&quot;orientation&quot;:&quot;1&quot;}\" data-image-title=\"_FJF1867\" data-image-description=\"\" data-image-caption=\"\" data-medium-file=\"https:\/\/www.paudalho.pe.gov.br\/portal\/wp-content\/uploads\/2025\/08\/FJF1867-350x230.jpg\" data-large-file=\"https:\/\/www.paudalho.pe.gov.br\/portal\/wp-content\/uploads\/2025\/08\/FJF1867-800x450.jpg\" data-id=\"36850\" src=\"https:\/\/www.paudalho.pe.gov.br\/portal\/wp-content\/uploads\/2025\/08\/FJF1867-800x450.jpg\" alt=\"\" class=\"wp-image-36850\"\/><\/figure>\n\n\n\n<figure class=\"wp-block-image size-large\"><img loading=\"lazy\" decoding=\"async\" width=\"800\" height=\"450\" data-attachment-id=\"36851\" data-permalink=\"https:\/\/www.paudalho.pe.gov.br\/portal\/centro-de-parto-normal-gabrielly-ramos-celebra-7-anos-de-cuidado-acolhimento-e-historias-de-vida\/_fjf1877\/\" data-orig-file=\"https:\/\/www.paudalho.pe.gov.br\/portal\/wp-content\/uploads\/2025\/08\/FJF1877-scaled.jpg\" data-orig-size=\"2560,1707\" data-comments-opened=\"1\" data-image-meta=\"{&quot;aperture&quot;:&quot;4&quot;,&quot;credit&quot;:&quot;JOSUE FILHO FOTOGRAFIAA&quot;,&quot;camera&quot;:&quot;Canon EOS R6m2&quot;,&quot;caption&quot;:&quot;&quot;,&quot;created_timestamp&quot;:&quot;1755782075&quot;,&quot;copyright&quot;:&quot;PAUDALHO\\\/PE&quot;,&quot;focal_length&quot;:&quot;35&quot;,&quot;iso&quot;:&quot;800&quot;,&quot;shutter_speed&quot;:&quot;0.00625&quot;,&quot;title&quot;:&quot;&quot;,&quot;orientation&quot;:&quot;1&quot;}\" data-image-title=\"_FJF1877\" data-image-description=\"\" data-image-caption=\"\" data-medium-file=\"https:\/\/www.paudalho.pe.gov.br\/portal\/wp-content\/uploads\/2025\/08\/FJF1877-350x230.jpg\" data-large-file=\"https:\/\/www.paudalho.pe.gov.br\/portal\/wp-content\/uploads\/2025\/08\/FJF1877-800x450.jpg\" data-id=\"36851\" src=\"https:\/\/www.paudalho.pe.gov.br\/portal\/wp-content\/uploads\/2025\/08\/FJF1877-800x450.jpg\" alt=\"\" class=\"wp-image-36851\"\/><\/figure>\n\n\n\n<figure class=\"wp-block-image size-large\"><img loading=\"lazy\" decoding=\"async\" width=\"800\" height=\"450\" data-attachment-id=\"36852\" data-permalink=\"https:\/\/www.paudalho.pe.gov.br\/portal\/centro-de-parto-normal-gabrielly-ramos-celebra-7-anos-de-cuidado-acolhimento-e-historias-de-vida\/_fjf1883\/\" data-orig-file=\"https:\/\/www.paudalho.pe.gov.br\/portal\/wp-content\/uploads\/2025\/08\/FJF1883-scaled.jpg\" data-orig-size=\"2560,1707\" data-comments-opened=\"1\" data-image-meta=\"{&quot;aperture&quot;:&quot;4&quot;,&quot;credit&quot;:&quot;JOSUE FILHO FOTOGRAFIAA&quot;,&quot;camera&quot;:&quot;Canon EOS R6m2&quot;,&quot;caption&quot;:&quot;&quot;,&quot;created_timestamp&quot;:&quot;1755782128&quot;,&quot;copyright&quot;:&quot;PAUDALHO\\\/PE&quot;,&quot;focal_length&quot;:&quot;50&quot;,&quot;iso&quot;:&quot;800&quot;,&quot;shutter_speed&quot;:&quot;0.00625&quot;,&quot;title&quot;:&quot;&quot;,&quot;orientation&quot;:&quot;1&quot;}\" data-image-title=\"_FJF1883\" data-image-description=\"\" data-image-caption=\"\" data-medium-file=\"https:\/\/www.paudalho.pe.gov.br\/portal\/wp-content\/uploads\/2025\/08\/FJF1883-350x230.jpg\" data-large-file=\"https:\/\/www.paudalho.pe.gov.br\/portal\/wp-content\/uploads\/2025\/08\/FJF1883-800x450.jpg\" data-id=\"36852\" src=\"https:\/\/www.paudalho.pe.gov.br\/portal\/wp-content\/uploads\/2025\/08\/FJF1883-800x450.jpg\" alt=\"\" class=\"wp-image-36852\"\/><\/figure>\n\n\n\n<figure class=\"wp-block-image size-large\"><img loading=\"lazy\" decoding=\"async\" width=\"800\" height=\"450\" data-attachment-id=\"36853\" data-permalink=\"https:\/\/www.paudalho.pe.gov.br\/portal\/centro-de-parto-normal-gabrielly-ramos-celebra-7-anos-de-cuidado-acolhimento-e-historias-de-vida\/_fjf1884\/\" data-orig-file=\"https:\/\/www.paudalho.pe.gov.br\/portal\/wp-content\/uploads\/2025\/08\/FJF1884-scaled.jpg\" data-orig-size=\"2560,1707\" data-comments-opened=\"1\" data-image-meta=\"{&quot;aperture&quot;:&quot;4&quot;,&quot;credit&quot;:&quot;JOSUE FILHO FOTOGRAFIAA&quot;,&quot;camera&quot;:&quot;Canon EOS R6m2&quot;,&quot;caption&quot;:&quot;&quot;,&quot;created_timestamp&quot;:&quot;1755782132&quot;,&quot;copyright&quot;:&quot;PAUDALHO\\\/PE&quot;,&quot;focal_length&quot;:&quot;50&quot;,&quot;iso&quot;:&quot;800&quot;,&quot;shutter_speed&quot;:&quot;0.00625&quot;,&quot;title&quot;:&quot;&quot;,&quot;orientation&quot;:&quot;1&quot;}\" data-image-title=\"_FJF1884\" data-image-description=\"\" data-image-caption=\"\" data-medium-file=\"https:\/\/www.paudalho.pe.gov.br\/portal\/wp-content\/uploads\/2025\/08\/FJF1884-350x230.jpg\" data-large-file=\"https:\/\/www.paudalho.pe.gov.br\/portal\/wp-content\/uploads\/2025\/08\/FJF1884-800x450.jpg\" data-id=\"36853\" src=\"https:\/\/www.paudalho.pe.gov.br\/portal\/wp-content\/uploads\/2025\/08\/FJF1884-800x450.jpg\" alt=\"\" class=\"wp-image-36853\"\/><\/figure>\n\n\n\n<figure class=\"wp-block-image size-large\"><img loading=\"lazy\" decoding=\"async\" width=\"800\" height=\"450\" data-attachment-id=\"36854\" data-permalink=\"https:\/\/www.paudalho.pe.gov.br\/portal\/centro-de-parto-normal-gabrielly-ramos-celebra-7-anos-de-cuidado-acolhimento-e-historias-de-vida\/_fjf1908\/\" data-orig-file=\"https:\/\/www.paudalho.pe.gov.br\/portal\/wp-content\/uploads\/2025\/08\/FJF1908-scaled.jpg\" data-orig-size=\"2560,1707\" data-comments-opened=\"1\" data-image-meta=\"{&quot;aperture&quot;:&quot;5&quot;,&quot;credit&quot;:&quot;JOSUE FILHO FOTOGRAFIAA&quot;,&quot;camera&quot;:&quot;Canon EOS R6m2&quot;,&quot;caption&quot;:&quot;&quot;,&quot;created_timestamp&quot;:&quot;1755783021&quot;,&quot;copyright&quot;:&quot;PAUDALHO\\\/PE&quot;,&quot;focal_length&quot;:&quot;33&quot;,&quot;iso&quot;:&quot;400&quot;,&quot;shutter_speed&quot;:&quot;0.008&quot;,&quot;title&quot;:&quot;&quot;,&quot;orientation&quot;:&quot;1&quot;}\" data-image-title=\"_FJF1908\" data-image-description=\"\" data-image-caption=\"\" data-medium-file=\"https:\/\/www.paudalho.pe.gov.br\/portal\/wp-content\/uploads\/2025\/08\/FJF1908-350x230.jpg\" data-large-file=\"https:\/\/www.paudalho.pe.gov.br\/portal\/wp-content\/uploads\/2025\/08\/FJF1908-800x450.jpg\" data-id=\"36854\" src=\"https:\/\/www.paudalho.pe.gov.br\/portal\/wp-content\/uploads\/2025\/08\/FJF1908-800x450.jpg\" alt=\"\" class=\"wp-image-36854\"\/><\/figure>\n\n\n\n<figure class=\"wp-block-image size-large\"><img loading=\"lazy\" decoding=\"async\" width=\"800\" height=\"450\" data-attachment-id=\"36855\" data-permalink=\"https:\/\/www.paudalho.pe.gov.br\/portal\/centro-de-parto-normal-gabrielly-ramos-celebra-7-anos-de-cuidado-acolhimento-e-historias-de-vida\/_fjf1927\/\" data-orig-file=\"https:\/\/www.paudalho.pe.gov.br\/portal\/wp-content\/uploads\/2025\/08\/FJF1927-scaled.jpg\" data-orig-size=\"2560,1707\" data-comments-opened=\"1\" data-image-meta=\"{&quot;aperture&quot;:&quot;5&quot;,&quot;credit&quot;:&quot;JOSUE FILHO FOTOGRAFIAA&quot;,&quot;camera&quot;:&quot;Canon EOS R6m2&quot;,&quot;caption&quot;:&quot;&quot;,&quot;created_timestamp&quot;:&quot;1755783115&quot;,&quot;copyright&quot;:&quot;PAUDALHO\\\/PE&quot;,&quot;focal_length&quot;:&quot;92&quot;,&quot;iso&quot;:&quot;400&quot;,&quot;shutter_speed&quot;:&quot;0.008&quot;,&quot;title&quot;:&quot;&quot;,&quot;orientation&quot;:&quot;1&quot;}\" data-image-title=\"_FJF1927\" data-image-description=\"\" data-image-caption=\"\" data-medium-file=\"https:\/\/www.paudalho.pe.gov.br\/portal\/wp-content\/uploads\/2025\/08\/FJF1927-350x230.jpg\" data-large-file=\"https:\/\/www.paudalho.pe.gov.br\/portal\/wp-content\/uploads\/2025\/08\/FJF1927-800x450.jpg\" data-id=\"36855\" src=\"https:\/\/www.paudalho.pe.gov.br\/portal\/wp-content\/uploads\/2025\/08\/FJF1927-800x450.jpg\" alt=\"\" class=\"wp-image-36855\"\/><\/figure>\n\n\n\n<figure class=\"wp-block-image size-large\"><img loading=\"lazy\" decoding=\"async\" width=\"800\" height=\"450\" data-attachment-id=\"36857\" data-permalink=\"https:\/\/www.paudalho.pe.gov.br\/portal\/centro-de-parto-normal-gabrielly-ramos-celebra-7-anos-de-cuidado-acolhimento-e-historias-de-vida\/_fjf1936\/\" data-orig-file=\"https:\/\/www.paudalho.pe.gov.br\/portal\/wp-content\/uploads\/2025\/08\/FJF1936-scaled.jpg\" data-orig-size=\"2560,1707\" data-comments-opened=\"1\" data-image-meta=\"{&quot;aperture&quot;:&quot;4.5&quot;,&quot;credit&quot;:&quot;JOSUE FILHO FOTOGRAFIAA&quot;,&quot;camera&quot;:&quot;Canon EOS R6m2&quot;,&quot;caption&quot;:&quot;&quot;,&quot;created_timestamp&quot;:&quot;1755783289&quot;,&quot;copyright&quot;:&quot;PAUDALHO\\\/PE&quot;,&quot;focal_length&quot;:&quot;91&quot;,&quot;iso&quot;:&quot;320&quot;,&quot;shutter_speed&quot;:&quot;0.008&quot;,&quot;title&quot;:&quot;&quot;,&quot;orientation&quot;:&quot;1&quot;}\" data-image-title=\"_FJF1936\" data-image-description=\"\" data-image-caption=\"\" data-medium-file=\"https:\/\/www.paudalho.pe.gov.br\/portal\/wp-content\/uploads\/2025\/08\/FJF1936-350x230.jpg\" data-large-file=\"https:\/\/www.paudalho.pe.gov.br\/portal\/wp-content\/uploads\/2025\/08\/FJF1936-800x450.jpg\" data-id=\"36857\" src=\"https:\/\/www.paudalho.pe.gov.br\/portal\/wp-content\/uploads\/2025\/08\/FJF1936-800x450.jpg\" alt=\"\" class=\"wp-image-36857\"\/><\/figure>\n\n\n\n<figure class=\"wp-block-image size-large\"><img loading=\"lazy\" decoding=\"async\" width=\"800\" height=\"450\" data-attachment-id=\"36858\" data-permalink=\"https:\/\/www.paudalho.pe.gov.br\/portal\/centro-de-parto-normal-gabrielly-ramos-celebra-7-anos-de-cuidado-acolhimento-e-historias-de-vida\/_fjf1950\/\" data-orig-file=\"https:\/\/www.paudalho.pe.gov.br\/portal\/wp-content\/uploads\/2025\/08\/FJF1950-scaled.jpg\" data-orig-size=\"2560,1707\" data-comments-opened=\"1\" data-image-meta=\"{&quot;aperture&quot;:&quot;4&quot;,&quot;credit&quot;:&quot;JOSUE FILHO FOTOGRAFIAA&quot;,&quot;camera&quot;:&quot;Canon EOS R6m2&quot;,&quot;caption&quot;:&quot;&quot;,&quot;created_timestamp&quot;:&quot;1755783551&quot;,&quot;copyright&quot;:&quot;PAUDALHO\\\/PE&quot;,&quot;focal_length&quot;:&quot;63&quot;,&quot;iso&quot;:&quot;400&quot;,&quot;shutter_speed&quot;:&quot;0.008&quot;,&quot;title&quot;:&quot;&quot;,&quot;orientation&quot;:&quot;1&quot;}\" data-image-title=\"_FJF1950\" data-image-description=\"\" data-image-caption=\"\" data-medium-file=\"https:\/\/www.paudalho.pe.gov.br\/portal\/wp-content\/uploads\/2025\/08\/FJF1950-350x230.jpg\" data-large-file=\"https:\/\/www.paudalho.pe.gov.br\/portal\/wp-content\/uploads\/2025\/08\/FJF1950-800x450.jpg\" data-id=\"36858\" src=\"https:\/\/www.paudalho.pe.gov.br\/portal\/wp-content\/uploads\/2025\/08\/FJF1950-800x450.jpg\" alt=\"\" class=\"wp-image-36858\"\/><\/figure>\n\n\n\n<figure class=\"wp-block-image size-large\"><img loading=\"lazy\" decoding=\"async\" width=\"800\" height=\"450\" data-attachment-id=\"36856\" data-permalink=\"https:\/\/www.paudalho.pe.gov.br\/portal\/centro-de-parto-normal-gabrielly-ramos-celebra-7-anos-de-cuidado-acolhimento-e-historias-de-vida\/_fjf1988\/\" data-orig-file=\"https:\/\/www.paudalho.pe.gov.br\/portal\/wp-content\/uploads\/2025\/08\/FJF1988-scaled.jpg\" data-orig-size=\"2560,1707\" data-comments-opened=\"1\" data-image-meta=\"{&quot;aperture&quot;:&quot;4&quot;,&quot;credit&quot;:&quot;JOSUE FILHO FOTOGRAFIAA&quot;,&quot;camera&quot;:&quot;Canon EOS R6m2&quot;,&quot;caption&quot;:&quot;&quot;,&quot;created_timestamp&quot;:&quot;1755784335&quot;,&quot;copyright&quot;:&quot;PAUDALHO\\\/PE&quot;,&quot;focal_length&quot;:&quot;27&quot;,&quot;iso&quot;:&quot;1000&quot;,&quot;shutter_speed&quot;:&quot;0.016666666666667&quot;,&quot;title&quot;:&quot;&quot;,&quot;orientation&quot;:&quot;1&quot;}\" data-image-title=\"_FJF1988\" data-image-description=\"\" data-image-caption=\"\" data-medium-file=\"https:\/\/www.paudalho.pe.gov.br\/portal\/wp-content\/uploads\/2025\/08\/FJF1988-350x230.jpg\" data-large-file=\"https:\/\/www.paudalho.pe.gov.br\/portal\/wp-content\/uploads\/2025\/08\/FJF1988-800x450.jpg\" data-id=\"36856\" src=\"https:\/\/www.paudalho.pe.gov.br\/portal\/wp-content\/uploads\/2025\/08\/FJF1988-800x450.jpg\" alt=\"\" class=\"wp-image-36856\"\/><\/figure>\n\n\n\n<figure class=\"wp-block-image size-large\"><img loading=\"lazy\" decoding=\"async\" width=\"800\" height=\"450\" data-attachment-id=\"36859\" data-permalink=\"https:\/\/www.paudalho.pe.gov.br\/portal\/centro-de-parto-normal-gabrielly-ramos-celebra-7-anos-de-cuidado-acolhimento-e-historias-de-vida\/_fjf2008\/\" data-orig-file=\"https:\/\/www.paudalho.pe.gov.br\/portal\/wp-content\/uploads\/2025\/08\/FJF2008-scaled.jpg\" data-orig-size=\"2560,1707\" data-comments-opened=\"1\" data-image-meta=\"{&quot;aperture&quot;:&quot;4&quot;,&quot;credit&quot;:&quot;JOSUE FILHO FOTOGRAFIAA&quot;,&quot;camera&quot;:&quot;Canon EOS R6m2&quot;,&quot;caption&quot;:&quot;&quot;,&quot;created_timestamp&quot;:&quot;1755784525&quot;,&quot;copyright&quot;:&quot;PAUDALHO\\\/PE&quot;,&quot;focal_length&quot;:&quot;50&quot;,&quot;iso&quot;:&quot;1000&quot;,&quot;shutter_speed&quot;:&quot;0.016666666666667&quot;,&quot;title&quot;:&quot;&quot;,&quot;orientation&quot;:&quot;1&quot;}\" data-image-title=\"_FJF2008\" data-image-description=\"\" data-image-caption=\"\" data-medium-file=\"https:\/\/www.paudalho.pe.gov.br\/portal\/wp-content\/uploads\/2025\/08\/FJF2008-350x230.jpg\" data-large-file=\"https:\/\/www.paudalho.pe.gov.br\/portal\/wp-content\/uploads\/2025\/08\/FJF2008-800x450.jpg\" data-id=\"36859\" src=\"https:\/\/www.paudalho.pe.gov.br\/portal\/wp-content\/uploads\/2025\/08\/FJF2008-800x450.jpg\" alt=\"\" class=\"wp-image-36859\"\/><\/figure>\n\n\n\n<figure class=\"wp-block-image size-large\"><img loading=\"lazy\" decoding=\"async\" width=\"800\" height=\"450\" data-attachment-id=\"36860\" data-permalink=\"https:\/\/www.paudalho.pe.gov.br\/portal\/centro-de-parto-normal-gabrielly-ramos-celebra-7-anos-de-cuidado-acolhimento-e-historias-de-vida\/_fjf1868\/\" data-orig-file=\"https:\/\/www.paudalho.pe.gov.br\/portal\/wp-content\/uploads\/2025\/08\/FJF1868-scaled.jpg\" data-orig-size=\"1707,2560\" data-comments-opened=\"1\" data-image-meta=\"{&quot;aperture&quot;:&quot;4&quot;,&quot;credit&quot;:&quot;JOSUE FILHO FOTOGRAFIAA&quot;,&quot;camera&quot;:&quot;Canon EOS R6m2&quot;,&quot;caption&quot;:&quot;&quot;,&quot;created_timestamp&quot;:&quot;1755781942&quot;,&quot;copyright&quot;:&quot;PAUDALHO\\\/PE&quot;,&quot;focal_length&quot;:&quot;35&quot;,&quot;iso&quot;:&quot;800&quot;,&quot;shutter_speed&quot;:&quot;0.005&quot;,&quot;title&quot;:&quot;&quot;,&quot;orientation&quot;:&quot;1&quot;}\" data-image-title=\"_FJF1868\" data-image-description=\"\" data-image-caption=\"\" data-medium-file=\"https:\/\/www.paudalho.pe.gov.br\/portal\/wp-content\/uploads\/2025\/08\/FJF1868-350x230.jpg\" data-large-file=\"https:\/\/www.paudalho.pe.gov.br\/portal\/wp-content\/uploads\/2025\/08\/FJF1868-800x450.jpg\" data-id=\"36860\" src=\"https:\/\/www.paudalho.pe.gov.br\/portal\/wp-content\/uploads\/2025\/08\/FJF1868-800x450.jpg\" alt=\"\" class=\"wp-image-36860\"\/><\/figure>\n\n\n\n<figure class=\"wp-block-image size-large\"><img loading=\"lazy\" decoding=\"async\" width=\"800\" height=\"450\" data-attachment-id=\"36861\" data-permalink=\"https:\/\/www.paudalho.pe.gov.br\/portal\/centro-de-parto-normal-gabrielly-ramos-celebra-7-anos-de-cuidado-acolhimento-e-historias-de-vida\/_fjf1871\/\" data-orig-file=\"https:\/\/www.paudalho.pe.gov.br\/portal\/wp-content\/uploads\/2025\/08\/FJF1871-scaled.jpg\" data-orig-size=\"2560,1707\" data-comments-opened=\"1\" data-image-meta=\"{&quot;aperture&quot;:&quot;4&quot;,&quot;credit&quot;:&quot;JOSUE FILHO FOTOGRAFIAA&quot;,&quot;camera&quot;:&quot;Canon EOS R6m2&quot;,&quot;caption&quot;:&quot;&quot;,&quot;created_timestamp&quot;:&quot;1755782008&quot;,&quot;copyright&quot;:&quot;PAUDALHO\\\/PE&quot;,&quot;focal_length&quot;:&quot;26&quot;,&quot;iso&quot;:&quot;800&quot;,&quot;shutter_speed&quot;:&quot;0.00625&quot;,&quot;title&quot;:&quot;&quot;,&quot;orientation&quot;:&quot;1&quot;}\" data-image-title=\"_FJF1871\" data-image-description=\"\" data-image-caption=\"\" data-medium-file=\"https:\/\/www.paudalho.pe.gov.br\/portal\/wp-content\/uploads\/2025\/08\/FJF1871-350x230.jpg\" data-large-file=\"https:\/\/www.paudalho.pe.gov.br\/portal\/wp-content\/uploads\/2025\/08\/FJF1871-800x450.jpg\" data-id=\"36861\" src=\"https:\/\/www.paudalho.pe.gov.br\/portal\/wp-content\/uploads\/2025\/08\/FJF1871-800x450.jpg\" alt=\"\" class=\"wp-image-36861\"\/><\/figure>\n\n\n\n<figure class=\"wp-block-image size-large\"><img loading=\"lazy\" decoding=\"async\" width=\"800\" height=\"450\" data-attachment-id=\"36863\" data-permalink=\"https:\/\/www.paudalho.pe.gov.br\/portal\/centro-de-parto-normal-gabrielly-ramos-celebra-7-anos-de-cuidado-acolhimento-e-historias-de-vida\/_fjf1882\/\" data-orig-file=\"https:\/\/www.paudalho.pe.gov.br\/portal\/wp-content\/uploads\/2025\/08\/FJF1882-scaled.jpg\" data-orig-size=\"2560,1707\" data-comments-opened=\"1\" data-image-meta=\"{&quot;aperture&quot;:&quot;4&quot;,&quot;credit&quot;:&quot;JOSUE FILHO FOTOGRAFIAA&quot;,&quot;camera&quot;:&quot;Canon EOS R6m2&quot;,&quot;caption&quot;:&quot;&quot;,&quot;created_timestamp&quot;:&quot;1755782114&quot;,&quot;copyright&quot;:&quot;PAUDALHO\\\/PE&quot;,&quot;focal_length&quot;:&quot;40&quot;,&quot;iso&quot;:&quot;800&quot;,&quot;shutter_speed&quot;:&quot;0.00625&quot;,&quot;title&quot;:&quot;&quot;,&quot;orientation&quot;:&quot;1&quot;}\" data-image-title=\"_FJF1882\" data-image-description=\"\" data-image-caption=\"\" data-medium-file=\"https:\/\/www.paudalho.pe.gov.br\/portal\/wp-content\/uploads\/2025\/08\/FJF1882-350x230.jpg\" data-large-file=\"https:\/\/www.paudalho.pe.gov.br\/portal\/wp-content\/uploads\/2025\/08\/FJF1882-800x450.jpg\" data-id=\"36863\" src=\"https:\/\/www.paudalho.pe.gov.br\/portal\/wp-content\/uploads\/2025\/08\/FJF1882-800x450.jpg\" alt=\"\" class=\"wp-image-36863\"\/><\/figure>\n\n\n\n<figure class=\"wp-block-image size-large\"><img loading=\"lazy\" decoding=\"async\" width=\"800\" height=\"450\" data-attachment-id=\"36862\" data-permalink=\"https:\/\/www.paudalho.pe.gov.br\/portal\/centro-de-parto-normal-gabrielly-ramos-celebra-7-anos-de-cuidado-acolhimento-e-historias-de-vida\/_fjf1890\/\" data-orig-file=\"https:\/\/www.paudalho.pe.gov.br\/portal\/wp-content\/uploads\/2025\/08\/FJF1890-scaled.jpg\" data-orig-size=\"2560,1707\" data-comments-opened=\"1\" data-image-meta=\"{&quot;aperture&quot;:&quot;4&quot;,&quot;credit&quot;:&quot;JOSUE FILHO FOTOGRAFIAA&quot;,&quot;camera&quot;:&quot;Canon EOS R6m2&quot;,&quot;caption&quot;:&quot;&quot;,&quot;created_timestamp&quot;:&quot;1755782374&quot;,&quot;copyright&quot;:&quot;PAUDALHO\\\/PE&quot;,&quot;focal_length&quot;:&quot;35&quot;,&quot;iso&quot;:&quot;1000&quot;,&quot;shutter_speed&quot;:&quot;0.00625&quot;,&quot;title&quot;:&quot;&quot;,&quot;orientation&quot;:&quot;1&quot;}\" data-image-title=\"_FJF1890\" data-image-description=\"\" data-image-caption=\"\" data-medium-file=\"https:\/\/www.paudalho.pe.gov.br\/portal\/wp-content\/uploads\/2025\/08\/FJF1890-350x230.jpg\" data-large-file=\"https:\/\/www.paudalho.pe.gov.br\/portal\/wp-content\/uploads\/2025\/08\/FJF1890-800x450.jpg\" data-id=\"36862\" src=\"https:\/\/www.paudalho.pe.gov.br\/portal\/wp-content\/uploads\/2025\/08\/FJF1890-800x450.jpg\" alt=\"\" class=\"wp-image-36862\"\/><\/figure>\n\n\n\n<figure class=\"wp-block-image size-large\"><img loading=\"lazy\" decoding=\"async\" width=\"800\" height=\"450\" data-attachment-id=\"36865\" data-permalink=\"https:\/\/www.paudalho.pe.gov.br\/portal\/centro-de-parto-normal-gabrielly-ramos-celebra-7-anos-de-cuidado-acolhimento-e-historias-de-vida\/_fjf1898\/\" data-orig-file=\"https:\/\/www.paudalho.pe.gov.br\/portal\/wp-content\/uploads\/2025\/08\/FJF1898-scaled.jpg\" data-orig-size=\"2560,1707\" data-comments-opened=\"1\" data-image-meta=\"{&quot;aperture&quot;:&quot;4.5&quot;,&quot;credit&quot;:&quot;JOSUE FILHO FOTOGRAFIAA&quot;,&quot;camera&quot;:&quot;Canon EOS R6m2&quot;,&quot;caption&quot;:&quot;&quot;,&quot;created_timestamp&quot;:&quot;1755782471&quot;,&quot;copyright&quot;:&quot;PAUDALHO\\\/PE&quot;,&quot;focal_length&quot;:&quot;77&quot;,&quot;iso&quot;:&quot;400&quot;,&quot;shutter_speed&quot;:&quot;0.008&quot;,&quot;title&quot;:&quot;&quot;,&quot;orientation&quot;:&quot;1&quot;}\" data-image-title=\"_FJF1898\" data-image-description=\"\" data-image-caption=\"\" data-medium-file=\"https:\/\/www.paudalho.pe.gov.br\/portal\/wp-content\/uploads\/2025\/08\/FJF1898-350x230.jpg\" data-large-file=\"https:\/\/www.paudalho.pe.gov.br\/portal\/wp-content\/uploads\/2025\/08\/FJF1898-800x450.jpg\" data-id=\"36865\" src=\"https:\/\/www.paudalho.pe.gov.br\/portal\/wp-content\/uploads\/2025\/08\/FJF1898-800x450.jpg\" alt=\"\" class=\"wp-image-36865\"\/><\/figure>\n\n\n\n<figure class=\"wp-block-image size-large\"><img loading=\"lazy\" decoding=\"async\" width=\"800\" height=\"450\" data-attachment-id=\"36864\" data-permalink=\"https:\/\/www.paudalho.pe.gov.br\/portal\/centro-de-parto-normal-gabrielly-ramos-celebra-7-anos-de-cuidado-acolhimento-e-historias-de-vida\/_fjf1907\/\" data-orig-file=\"https:\/\/www.paudalho.pe.gov.br\/portal\/wp-content\/uploads\/2025\/08\/FJF1907-scaled.jpg\" data-orig-size=\"2560,1707\" data-comments-opened=\"1\" data-image-meta=\"{&quot;aperture&quot;:&quot;4&quot;,&quot;credit&quot;:&quot;JOSUE FILHO FOTOGRAFIAA&quot;,&quot;camera&quot;:&quot;Canon EOS R6m2&quot;,&quot;caption&quot;:&quot;&quot;,&quot;created_timestamp&quot;:&quot;1755783002&quot;,&quot;copyright&quot;:&quot;PAUDALHO\\\/PE&quot;,&quot;focal_length&quot;:&quot;85&quot;,&quot;iso&quot;:&quot;400&quot;,&quot;shutter_speed&quot;:&quot;0.008&quot;,&quot;title&quot;:&quot;&quot;,&quot;orientation&quot;:&quot;1&quot;}\" data-image-title=\"_FJF1907\" data-image-description=\"\" data-image-caption=\"\" data-medium-file=\"https:\/\/www.paudalho.pe.gov.br\/portal\/wp-content\/uploads\/2025\/08\/FJF1907-350x230.jpg\" data-large-file=\"https:\/\/www.paudalho.pe.gov.br\/portal\/wp-content\/uploads\/2025\/08\/FJF1907-800x450.jpg\" data-id=\"36864\" src=\"https:\/\/www.paudalho.pe.gov.br\/portal\/wp-content\/uploads\/2025\/08\/FJF1907-800x450.jpg\" alt=\"\" class=\"wp-image-36864\"\/><\/figure>\n\n\n\n<figure class=\"wp-block-image size-large\"><img loading=\"lazy\" decoding=\"async\" width=\"800\" height=\"450\" data-attachment-id=\"36866\" data-permalink=\"https:\/\/www.paudalho.pe.gov.br\/portal\/centro-de-parto-normal-gabrielly-ramos-celebra-7-anos-de-cuidado-acolhimento-e-historias-de-vida\/_fjf1943\/\" data-orig-file=\"https:\/\/www.paudalho.pe.gov.br\/portal\/wp-content\/uploads\/2025\/08\/FJF1943-scaled.jpg\" data-orig-size=\"2560,1707\" data-comments-opened=\"1\" data-image-meta=\"{&quot;aperture&quot;:&quot;4&quot;,&quot;credit&quot;:&quot;JOSUE FILHO FOTOGRAFIAA&quot;,&quot;camera&quot;:&quot;Canon EOS R6m2&quot;,&quot;caption&quot;:&quot;&quot;,&quot;created_timestamp&quot;:&quot;1755783507&quot;,&quot;copyright&quot;:&quot;PAUDALHO\\\/PE&quot;,&quot;focal_length&quot;:&quot;80&quot;,&quot;iso&quot;:&quot;400&quot;,&quot;shutter_speed&quot;:&quot;0.008&quot;,&quot;title&quot;:&quot;&quot;,&quot;orientation&quot;:&quot;1&quot;}\" data-image-title=\"_FJF1943\" data-image-description=\"\" data-image-caption=\"\" data-medium-file=\"https:\/\/www.paudalho.pe.gov.br\/portal\/wp-content\/uploads\/2025\/08\/FJF1943-350x230.jpg\" data-large-file=\"https:\/\/www.paudalho.pe.gov.br\/portal\/wp-content\/uploads\/2025\/08\/FJF1943-800x450.jpg\" data-id=\"36866\" src=\"https:\/\/www.paudalho.pe.gov.br\/portal\/wp-content\/uploads\/2025\/08\/FJF1943-800x450.jpg\" alt=\"\" class=\"wp-image-36866\"\/><\/figure>\n\n\n\n<figure class=\"wp-block-image size-large\"><img loading=\"lazy\" decoding=\"async\" width=\"800\" height=\"450\" data-attachment-id=\"36867\" data-permalink=\"https:\/\/www.paudalho.pe.gov.br\/portal\/centro-de-parto-normal-gabrielly-ramos-celebra-7-anos-de-cuidado-acolhimento-e-historias-de-vida\/_fjf1955\/\" data-orig-file=\"https:\/\/www.paudalho.pe.gov.br\/portal\/wp-content\/uploads\/2025\/08\/FJF1955-scaled.jpg\" data-orig-size=\"2560,1707\" data-comments-opened=\"1\" data-image-meta=\"{&quot;aperture&quot;:&quot;4&quot;,&quot;credit&quot;:&quot;JOSUE FILHO FOTOGRAFIAA&quot;,&quot;camera&quot;:&quot;Canon EOS R6m2&quot;,&quot;caption&quot;:&quot;&quot;,&quot;created_timestamp&quot;:&quot;1755783680&quot;,&quot;copyright&quot;:&quot;PAUDALHO\\\/PE&quot;,&quot;focal_length&quot;:&quot;70&quot;,&quot;iso&quot;:&quot;400&quot;,&quot;shutter_speed&quot;:&quot;0.008&quot;,&quot;title&quot;:&quot;&quot;,&quot;orientation&quot;:&quot;1&quot;}\" data-image-title=\"_FJF1955\" data-image-description=\"\" data-image-caption=\"\" data-medium-file=\"https:\/\/www.paudalho.pe.gov.br\/portal\/wp-content\/uploads\/2025\/08\/FJF1955-350x230.jpg\" data-large-file=\"https:\/\/www.paudalho.pe.gov.br\/portal\/wp-content\/uploads\/2025\/08\/FJF1955-800x450.jpg\" data-id=\"36867\" src=\"https:\/\/www.paudalho.pe.gov.br\/portal\/wp-content\/uploads\/2025\/08\/FJF1955-800x450.jpg\" alt=\"\" class=\"wp-image-36867\"\/><\/figure>\n\n\n\n<figure class=\"wp-block-image size-large\"><img loading=\"lazy\" decoding=\"async\" width=\"800\" height=\"450\" data-attachment-id=\"36868\" data-permalink=\"https:\/\/www.paudalho.pe.gov.br\/portal\/centro-de-parto-normal-gabrielly-ramos-celebra-7-anos-de-cuidado-acolhimento-e-historias-de-vida\/_fjf1961\/\" data-orig-file=\"https:\/\/www.paudalho.pe.gov.br\/portal\/wp-content\/uploads\/2025\/08\/FJF1961-scaled.jpg\" data-orig-size=\"2560,1707\" data-comments-opened=\"1\" data-image-meta=\"{&quot;aperture&quot;:&quot;4&quot;,&quot;credit&quot;:&quot;JOSUE FILHO FOTOGRAFIAA&quot;,&quot;camera&quot;:&quot;Canon EOS R6m2&quot;,&quot;caption&quot;:&quot;&quot;,&quot;created_timestamp&quot;:&quot;1755783824&quot;,&quot;copyright&quot;:&quot;PAUDALHO\\\/PE&quot;,&quot;focal_length&quot;:&quot;50&quot;,&quot;iso&quot;:&quot;500&quot;,&quot;shutter_speed&quot;:&quot;0.008&quot;,&quot;title&quot;:&quot;&quot;,&quot;orientation&quot;:&quot;1&quot;}\" data-image-title=\"_FJF1961\" data-image-description=\"\" data-image-caption=\"\" data-medium-file=\"https:\/\/www.paudalho.pe.gov.br\/portal\/wp-content\/uploads\/2025\/08\/FJF1961-350x230.jpg\" data-large-file=\"https:\/\/www.paudalho.pe.gov.br\/portal\/wp-content\/uploads\/2025\/08\/FJF1961-800x450.jpg\" data-id=\"36868\" src=\"https:\/\/www.paudalho.pe.gov.br\/portal\/wp-content\/uploads\/2025\/08\/FJF1961-800x450.jpg\" alt=\"\" class=\"wp-image-36868\"\/><\/figure>\n\n\n\n<figure class=\"wp-block-image size-large\"><img loading=\"lazy\" decoding=\"async\" width=\"800\" height=\"450\" data-attachment-id=\"36870\" data-permalink=\"https:\/\/www.paudalho.pe.gov.br\/portal\/centro-de-parto-normal-gabrielly-ramos-celebra-7-anos-de-cuidado-acolhimento-e-historias-de-vida\/_fjf1963\/\" data-orig-file=\"https:\/\/www.paudalho.pe.gov.br\/portal\/wp-content\/uploads\/2025\/08\/FJF1963-scaled.jpg\" data-orig-size=\"2560,1707\" data-comments-opened=\"1\" data-image-meta=\"{&quot;aperture&quot;:&quot;4&quot;,&quot;credit&quot;:&quot;JOSUE FILHO FOTOGRAFIAA&quot;,&quot;camera&quot;:&quot;Canon EOS R6m2&quot;,&quot;caption&quot;:&quot;&quot;,&quot;created_timestamp&quot;:&quot;1755783830&quot;,&quot;copyright&quot;:&quot;PAUDALHO\\\/PE&quot;,&quot;focal_length&quot;:&quot;42&quot;,&quot;iso&quot;:&quot;500&quot;,&quot;shutter_speed&quot;:&quot;0.008&quot;,&quot;title&quot;:&quot;&quot;,&quot;orientation&quot;:&quot;1&quot;}\" data-image-title=\"_FJF1963\" data-image-description=\"\" data-image-caption=\"\" data-medium-file=\"https:\/\/www.paudalho.pe.gov.br\/portal\/wp-content\/uploads\/2025\/08\/FJF1963-350x230.jpg\" data-large-file=\"https:\/\/www.paudalho.pe.gov.br\/portal\/wp-content\/uploads\/2025\/08\/FJF1963-800x450.jpg\" data-id=\"36870\" src=\"https:\/\/www.paudalho.pe.gov.br\/portal\/wp-content\/uploads\/2025\/08\/FJF1963-800x450.jpg\" alt=\"\" class=\"wp-image-36870\"\/><\/figure>\n\n\n\n<figure class=\"wp-block-image size-large\"><img loading=\"lazy\" decoding=\"async\" width=\"800\" height=\"450\" data-attachment-id=\"36869\" data-permalink=\"https:\/\/www.paudalho.pe.gov.br\/portal\/centro-de-parto-normal-gabrielly-ramos-celebra-7-anos-de-cuidado-acolhimento-e-historias-de-vida\/_fjf1973\/\" data-orig-file=\"https:\/\/www.paudalho.pe.gov.br\/portal\/wp-content\/uploads\/2025\/08\/FJF1973-scaled.jpg\" data-orig-size=\"2560,1707\" data-comments-opened=\"1\" data-image-meta=\"{&quot;aperture&quot;:&quot;4&quot;,&quot;credit&quot;:&quot;JOSUE FILHO FOTOGRAFIAA&quot;,&quot;camera&quot;:&quot;Canon EOS R6m2&quot;,&quot;caption&quot;:&quot;&quot;,&quot;created_timestamp&quot;:&quot;1755784013&quot;,&quot;copyright&quot;:&quot;PAUDALHO\\\/PE&quot;,&quot;focal_length&quot;:&quot;29&quot;,&quot;iso&quot;:&quot;500&quot;,&quot;shutter_speed&quot;:&quot;0.008&quot;,&quot;title&quot;:&quot;&quot;,&quot;orientation&quot;:&quot;1&quot;}\" data-image-title=\"_FJF1973\" data-image-description=\"\" data-image-caption=\"\" data-medium-file=\"https:\/\/www.paudalho.pe.gov.br\/portal\/wp-content\/uploads\/2025\/08\/FJF1973-350x230.jpg\" data-large-file=\"https:\/\/www.paudalho.pe.gov.br\/portal\/wp-content\/uploads\/2025\/08\/FJF1973-800x450.jpg\" data-id=\"36869\" src=\"https:\/\/www.paudalho.pe.gov.br\/portal\/wp-content\/uploads\/2025\/08\/FJF1973-800x450.jpg\" alt=\"\" class=\"wp-image-36869\"\/><\/figure>\n\n\n\n<figure class=\"wp-block-image size-large\"><img loading=\"lazy\" decoding=\"async\" width=\"800\" height=\"450\" data-attachment-id=\"36872\" data-permalink=\"https:\/\/www.paudalho.pe.gov.br\/portal\/centro-de-parto-normal-gabrielly-ramos-celebra-7-anos-de-cuidado-acolhimento-e-historias-de-vida\/_fjf1978\/\" data-orig-file=\"https:\/\/www.paudalho.pe.gov.br\/portal\/wp-content\/uploads\/2025\/08\/FJF1978-scaled.jpg\" data-orig-size=\"2560,1707\" data-comments-opened=\"1\" data-image-meta=\"{&quot;aperture&quot;:&quot;4&quot;,&quot;credit&quot;:&quot;JOSUE FILHO FOTOGRAFIAA&quot;,&quot;camera&quot;:&quot;Canon EOS R6m2&quot;,&quot;caption&quot;:&quot;&quot;,&quot;created_timestamp&quot;:&quot;1755784081&quot;,&quot;copyright&quot;:&quot;PAUDALHO\\\/PE&quot;,&quot;focal_length&quot;:&quot;28&quot;,&quot;iso&quot;:&quot;500&quot;,&quot;shutter_speed&quot;:&quot;0.008&quot;,&quot;title&quot;:&quot;&quot;,&quot;orientation&quot;:&quot;1&quot;}\" data-image-title=\"_FJF1978\" data-image-description=\"\" data-image-caption=\"\" data-medium-file=\"https:\/\/www.paudalho.pe.gov.br\/portal\/wp-content\/uploads\/2025\/08\/FJF1978-350x230.jpg\" data-large-file=\"https:\/\/www.paudalho.pe.gov.br\/portal\/wp-content\/uploads\/2025\/08\/FJF1978-800x450.jpg\" data-id=\"36872\" src=\"https:\/\/www.paudalho.pe.gov.br\/portal\/wp-content\/uploads\/2025\/08\/FJF1978-800x450.jpg\" alt=\"\" class=\"wp-image-36872\"\/><\/figure>\n\n\n\n<figure class=\"wp-block-image size-large\"><img loading=\"lazy\" decoding=\"async\" width=\"800\" height=\"450\" data-attachment-id=\"36871\" data-permalink=\"https:\/\/www.paudalho.pe.gov.br\/portal\/centro-de-parto-normal-gabrielly-ramos-celebra-7-anos-de-cuidado-acolhimento-e-historias-de-vida\/_fjf2002\/\" data-orig-file=\"https:\/\/www.paudalho.pe.gov.br\/portal\/wp-content\/uploads\/2025\/08\/FJF2002-scaled.jpg\" data-orig-size=\"2560,1707\" data-comments-opened=\"1\" data-image-meta=\"{&quot;aperture&quot;:&quot;4&quot;,&quot;credit&quot;:&quot;JOSUE FILHO FOTOGRAFIAA&quot;,&quot;camera&quot;:&quot;Canon EOS R6m2&quot;,&quot;caption&quot;:&quot;&quot;,&quot;created_timestamp&quot;:&quot;1755784437&quot;,&quot;copyright&quot;:&quot;PAUDALHO\\\/PE&quot;,&quot;focal_length&quot;:&quot;53&quot;,&quot;iso&quot;:&quot;1000&quot;,&quot;shutter_speed&quot;:&quot;0.016666666666667&quot;,&quot;title&quot;:&quot;&quot;,&quot;orientation&quot;:&quot;1&quot;}\" data-image-title=\"_FJF2002\" data-image-description=\"\" data-image-caption=\"\" data-medium-file=\"https:\/\/www.paudalho.pe.gov.br\/portal\/wp-content\/uploads\/2025\/08\/FJF2002-350x230.jpg\" data-large-file=\"https:\/\/www.paudalho.pe.gov.br\/portal\/wp-content\/uploads\/2025\/08\/FJF2002-800x450.jpg\" data-id=\"36871\" src=\"https:\/\/www.paudalho.pe.gov.br\/portal\/wp-content\/uploads\/2025\/08\/FJF2002-800x450.jpg\" alt=\"\" class=\"wp-image-36871\"\/><\/figure>\n\n\n\n<figure class=\"wp-block-image size-large\"><img loading=\"lazy\" decoding=\"async\" width=\"800\" height=\"450\" data-attachment-id=\"36873\" data-permalink=\"https:\/\/www.paudalho.pe.gov.br\/portal\/centro-de-parto-normal-gabrielly-ramos-celebra-7-anos-de-cuidado-acolhimento-e-historias-de-vida\/_fjf2005\/\" data-orig-file=\"https:\/\/www.paudalho.pe.gov.br\/portal\/wp-content\/uploads\/2025\/08\/FJF2005-scaled.jpg\" data-orig-size=\"2560,1707\" data-comments-opened=\"1\" data-image-meta=\"{&quot;aperture&quot;:&quot;4&quot;,&quot;credit&quot;:&quot;JOSUE FILHO FOTOGRAFIAA&quot;,&quot;camera&quot;:&quot;Canon EOS R6m2&quot;,&quot;caption&quot;:&quot;&quot;,&quot;created_timestamp&quot;:&quot;1755784506&quot;,&quot;copyright&quot;:&quot;PAUDALHO\\\/PE&quot;,&quot;focal_length&quot;:&quot;30&quot;,&quot;iso&quot;:&quot;1000&quot;,&quot;shutter_speed&quot;:&quot;0.016666666666667&quot;,&quot;title&quot;:&quot;&quot;,&quot;orientation&quot;:&quot;1&quot;}\" data-image-title=\"_FJF2005\" data-image-description=\"\" data-image-caption=\"\" data-medium-file=\"https:\/\/www.paudalho.pe.gov.br\/portal\/wp-content\/uploads\/2025\/08\/FJF2005-350x230.jpg\" data-large-file=\"https:\/\/www.paudalho.pe.gov.br\/portal\/wp-content\/uploads\/2025\/08\/FJF2005-800x450.jpg\" data-id=\"36873\" src=\"https:\/\/www.paudalho.pe.gov.br\/portal\/wp-content\/uploads\/2025\/08\/FJF2005-800x450.jpg\" alt=\"\" class=\"wp-image-36873\"\/><\/figure>\n\n\n\n<figure class=\"wp-block-image size-large\"><img loading=\"lazy\" decoding=\"async\" width=\"800\" height=\"450\" data-attachment-id=\"36874\" data-permalink=\"https:\/\/www.paudalho.pe.gov.br\/portal\/centro-de-parto-normal-gabrielly-ramos-celebra-7-anos-de-cuidado-acolhimento-e-historias-de-vida\/_fjf2022\/\" data-orig-file=\"https:\/\/www.paudalho.pe.gov.br\/portal\/wp-content\/uploads\/2025\/08\/FJF2022-scaled.jpg\" data-orig-size=\"2560,1707\" data-comments-opened=\"1\" data-image-meta=\"{&quot;aperture&quot;:&quot;4&quot;,&quot;credit&quot;:&quot;JOSUE FILHO FOTOGRAFIAA&quot;,&quot;camera&quot;:&quot;Canon EOS R6m2&quot;,&quot;caption&quot;:&quot;&quot;,&quot;created_timestamp&quot;:&quot;1755784681&quot;,&quot;copyright&quot;:&quot;PAUDALHO\\\/PE&quot;,&quot;focal_length&quot;:&quot;33&quot;,&quot;iso&quot;:&quot;1000&quot;,&quot;shutter_speed&quot;:&quot;0.016666666666667&quot;,&quot;title&quot;:&quot;&quot;,&quot;orientation&quot;:&quot;1&quot;}\" data-image-title=\"_FJF2022\" data-image-description=\"\" data-image-caption=\"\" data-medium-file=\"https:\/\/www.paudalho.pe.gov.br\/portal\/wp-content\/uploads\/2025\/08\/FJF2022-350x230.jpg\" data-large-file=\"https:\/\/www.paudalho.pe.gov.br\/portal\/wp-content\/uploads\/2025\/08\/FJF2022-800x450.jpg\" data-id=\"36874\" src=\"https:\/\/www.paudalho.pe.gov.br\/portal\/wp-content\/uploads\/2025\/08\/FJF2022-800x450.jpg\" alt=\"\" class=\"wp-image-36874\"\/><\/figure>\n\n\n\n<figure class=\"wp-block-image size-large\"><img loading=\"lazy\" decoding=\"async\" width=\"800\" height=\"450\" data-attachment-id=\"36875\" data-permalink=\"https:\/\/www.paudalho.pe.gov.br\/portal\/centro-de-parto-normal-gabrielly-ramos-celebra-7-anos-de-cuidado-acolhimento-e-historias-de-vida\/_fjf1879\/\" data-orig-file=\"https:\/\/www.paudalho.pe.gov.br\/portal\/wp-content\/uploads\/2025\/08\/FJF1879-scaled.jpg\" data-orig-size=\"1707,2560\" data-comments-opened=\"1\" data-image-meta=\"{&quot;aperture&quot;:&quot;4&quot;,&quot;credit&quot;:&quot;JOSUE FILHO FOTOGRAFIAA&quot;,&quot;camera&quot;:&quot;Canon EOS R6m2&quot;,&quot;caption&quot;:&quot;&quot;,&quot;created_timestamp&quot;:&quot;1755782092&quot;,&quot;copyright&quot;:&quot;PAUDALHO\\\/PE&quot;,&quot;focal_length&quot;:&quot;24&quot;,&quot;iso&quot;:&quot;800&quot;,&quot;shutter_speed&quot;:&quot;0.00625&quot;,&quot;title&quot;:&quot;&quot;,&quot;orientation&quot;:&quot;1&quot;}\" data-image-title=\"_FJF1879\" data-image-description=\"\" data-image-caption=\"\" data-medium-file=\"https:\/\/www.paudalho.pe.gov.br\/portal\/wp-content\/uploads\/2025\/08\/FJF1879-350x230.jpg\" data-large-file=\"https:\/\/www.paudalho.pe.gov.br\/portal\/wp-content\/uploads\/2025\/08\/FJF1879-800x450.jpg\" data-id=\"36875\" src=\"https:\/\/www.paudalho.pe.gov.br\/portal\/wp-content\/uploads\/2025\/08\/FJF1879-800x450.jpg\" alt=\"\" class=\"wp-image-36875\"\/><\/figure>\n\n\n\n<figure class=\"wp-block-image size-large\"><img loading=\"lazy\" decoding=\"async\" width=\"800\" height=\"450\" data-attachment-id=\"36878\" data-permalink=\"https:\/\/www.paudalho.pe.gov.br\/portal\/centro-de-parto-normal-gabrielly-ramos-celebra-7-anos-de-cuidado-acolhimento-e-historias-de-vida\/_fjf1892\/\" data-orig-file=\"https:\/\/www.paudalho.pe.gov.br\/portal\/wp-content\/uploads\/2025\/08\/FJF1892-scaled.jpg\" data-orig-size=\"1707,2560\" data-comments-opened=\"1\" data-image-meta=\"{&quot;aperture&quot;:&quot;4&quot;,&quot;credit&quot;:&quot;JOSUE FILHO FOTOGRAFIAA&quot;,&quot;camera&quot;:&quot;Canon EOS R6m2&quot;,&quot;caption&quot;:&quot;&quot;,&quot;created_timestamp&quot;:&quot;1755782415&quot;,&quot;copyright&quot;:&quot;PAUDALHO\\\/PE&quot;,&quot;focal_length&quot;:&quot;47&quot;,&quot;iso&quot;:&quot;1000&quot;,&quot;shutter_speed&quot;:&quot;0.00625&quot;,&quot;title&quot;:&quot;&quot;,&quot;orientation&quot;:&quot;1&quot;}\" data-image-title=\"_FJF1892\" data-image-description=\"\" data-image-caption=\"\" data-medium-file=\"https:\/\/www.paudalho.pe.gov.br\/portal\/wp-content\/uploads\/2025\/08\/FJF1892-350x230.jpg\" data-large-file=\"https:\/\/www.paudalho.pe.gov.br\/portal\/wp-content\/uploads\/2025\/08\/FJF1892-800x450.jpg\" data-id=\"36878\" src=\"https:\/\/www.paudalho.pe.gov.br\/portal\/wp-content\/uploads\/2025\/08\/FJF1892-800x450.jpg\" alt=\"\" class=\"wp-image-36878\"\/><\/figure>\n\n\n\n<figure class=\"wp-block-image size-large\"><img loading=\"lazy\" decoding=\"async\" width=\"800\" height=\"450\" data-attachment-id=\"36877\" data-permalink=\"https:\/\/www.paudalho.pe.gov.br\/portal\/centro-de-parto-normal-gabrielly-ramos-celebra-7-anos-de-cuidado-acolhimento-e-historias-de-vida\/_fjf1894\/\" data-orig-file=\"https:\/\/www.paudalho.pe.gov.br\/portal\/wp-content\/uploads\/2025\/08\/FJF1894-scaled.jpg\" data-orig-size=\"2560,1707\" data-comments-opened=\"1\" data-image-meta=\"{&quot;aperture&quot;:&quot;4.5&quot;,&quot;credit&quot;:&quot;JOSUE FILHO FOTOGRAFIAA&quot;,&quot;camera&quot;:&quot;Canon EOS R6m2&quot;,&quot;caption&quot;:&quot;&quot;,&quot;created_timestamp&quot;:&quot;1755782448&quot;,&quot;copyright&quot;:&quot;PAUDALHO\\\/PE&quot;,&quot;focal_length&quot;:&quot;47&quot;,&quot;iso&quot;:&quot;400&quot;,&quot;shutter_speed&quot;:&quot;0.008&quot;,&quot;title&quot;:&quot;&quot;,&quot;orientation&quot;:&quot;1&quot;}\" data-image-title=\"_FJF1894\" data-image-description=\"\" data-image-caption=\"\" data-medium-file=\"https:\/\/www.paudalho.pe.gov.br\/portal\/wp-content\/uploads\/2025\/08\/FJF1894-350x230.jpg\" data-large-file=\"https:\/\/www.paudalho.pe.gov.br\/portal\/wp-content\/uploads\/2025\/08\/FJF1894-800x450.jpg\" data-id=\"36877\" src=\"https:\/\/www.paudalho.pe.gov.br\/portal\/wp-content\/uploads\/2025\/08\/FJF1894-800x450.jpg\" alt=\"\" class=\"wp-image-36877\"\/><\/figure>\n\n\n\n<figure class=\"wp-block-image size-large\"><img loading=\"lazy\" decoding=\"async\" width=\"800\" height=\"450\" data-attachment-id=\"36876\" data-permalink=\"https:\/\/www.paudalho.pe.gov.br\/portal\/centro-de-parto-normal-gabrielly-ramos-celebra-7-anos-de-cuidado-acolhimento-e-historias-de-vida\/_fjf1925\/\" data-orig-file=\"https:\/\/www.paudalho.pe.gov.br\/portal\/wp-content\/uploads\/2025\/08\/FJF1925-scaled.jpg\" data-orig-size=\"2560,1707\" data-comments-opened=\"1\" data-image-meta=\"{&quot;aperture&quot;:&quot;5&quot;,&quot;credit&quot;:&quot;JOSUE FILHO FOTOGRAFIAA&quot;,&quot;camera&quot;:&quot;Canon EOS R6m2&quot;,&quot;caption&quot;:&quot;&quot;,&quot;created_timestamp&quot;:&quot;1755783105&quot;,&quot;copyright&quot;:&quot;PAUDALHO\\\/PE&quot;,&quot;focal_length&quot;:&quot;67&quot;,&quot;iso&quot;:&quot;400&quot;,&quot;shutter_speed&quot;:&quot;0.008&quot;,&quot;title&quot;:&quot;&quot;,&quot;orientation&quot;:&quot;1&quot;}\" data-image-title=\"_FJF1925\" data-image-description=\"\" data-image-caption=\"\" data-medium-file=\"https:\/\/www.paudalho.pe.gov.br\/portal\/wp-content\/uploads\/2025\/08\/FJF1925-350x230.jpg\" data-large-file=\"https:\/\/www.paudalho.pe.gov.br\/portal\/wp-content\/uploads\/2025\/08\/FJF1925-800x450.jpg\" data-id=\"36876\" src=\"https:\/\/www.paudalho.pe.gov.br\/portal\/wp-content\/uploads\/2025\/08\/FJF1925-800x450.jpg\" alt=\"\" class=\"wp-image-36876\"\/><\/figure>\n\n\n\n<figure class=\"wp-block-image size-large\"><img loading=\"lazy\" decoding=\"async\" width=\"800\" height=\"450\" data-attachment-id=\"36879\" data-permalink=\"https:\/\/www.paudalho.pe.gov.br\/portal\/centro-de-parto-normal-gabrielly-ramos-celebra-7-anos-de-cuidado-acolhimento-e-historias-de-vida\/_fjf1941\/\" data-orig-file=\"https:\/\/www.paudalho.pe.gov.br\/portal\/wp-content\/uploads\/2025\/08\/FJF1941-scaled.jpg\" data-orig-size=\"2560,1707\" data-comments-opened=\"1\" data-image-meta=\"{&quot;aperture&quot;:&quot;4&quot;,&quot;credit&quot;:&quot;JOSUE FILHO FOTOGRAFIAA&quot;,&quot;camera&quot;:&quot;Canon EOS R6m2&quot;,&quot;caption&quot;:&quot;&quot;,&quot;created_timestamp&quot;:&quot;1755783427&quot;,&quot;copyright&quot;:&quot;PAUDALHO\\\/PE&quot;,&quot;focal_length&quot;:&quot;105&quot;,&quot;iso&quot;:&quot;400&quot;,&quot;shutter_speed&quot;:&quot;0.008&quot;,&quot;title&quot;:&quot;&quot;,&quot;orientation&quot;:&quot;1&quot;}\" data-image-title=\"_FJF1941\" data-image-description=\"\" data-image-caption=\"\" data-medium-file=\"https:\/\/www.paudalho.pe.gov.br\/portal\/wp-content\/uploads\/2025\/08\/FJF1941-350x230.jpg\" data-large-file=\"https:\/\/www.paudalho.pe.gov.br\/portal\/wp-content\/uploads\/2025\/08\/FJF1941-800x450.jpg\" data-id=\"36879\" src=\"https:\/\/www.paudalho.pe.gov.br\/portal\/wp-content\/uploads\/2025\/08\/FJF1941-800x450.jpg\" alt=\"\" class=\"wp-image-36879\"\/><\/figure>\n\n\n\n<figure class=\"wp-block-image size-large\"><img loading=\"lazy\" decoding=\"async\" width=\"800\" height=\"450\" data-attachment-id=\"36880\" data-permalink=\"https:\/\/www.paudalho.pe.gov.br\/portal\/centro-de-parto-normal-gabrielly-ramos-celebra-7-anos-de-cuidado-acolhimento-e-historias-de-vida\/_fjf1957\/\" data-orig-file=\"https:\/\/www.paudalho.pe.gov.br\/portal\/wp-content\/uploads\/2025\/08\/FJF1957-scaled.jpg\" data-orig-size=\"2560,1707\" data-comments-opened=\"1\" data-image-meta=\"{&quot;aperture&quot;:&quot;4&quot;,&quot;credit&quot;:&quot;JOSUE FILHO FOTOGRAFIAA&quot;,&quot;camera&quot;:&quot;Canon EOS R6m2&quot;,&quot;caption&quot;:&quot;&quot;,&quot;created_timestamp&quot;:&quot;1755783693&quot;,&quot;copyright&quot;:&quot;PAUDALHO\\\/PE&quot;,&quot;focal_length&quot;:&quot;105&quot;,&quot;iso&quot;:&quot;400&quot;,&quot;shutter_speed&quot;:&quot;0.008&quot;,&quot;title&quot;:&quot;&quot;,&quot;orientation&quot;:&quot;1&quot;}\" data-image-title=\"_FJF1957\" data-image-description=\"\" data-image-caption=\"\" data-medium-file=\"https:\/\/www.paudalho.pe.gov.br\/portal\/wp-content\/uploads\/2025\/08\/FJF1957-350x230.jpg\" data-large-file=\"https:\/\/www.paudalho.pe.gov.br\/portal\/wp-content\/uploads\/2025\/08\/FJF1957-800x450.jpg\" data-id=\"36880\" src=\"https:\/\/www.paudalho.pe.gov.br\/portal\/wp-content\/uploads\/2025\/08\/FJF1957-800x450.jpg\" alt=\"\" class=\"wp-image-36880\"\/><\/figure>\n\n\n\n<figure class=\"wp-block-image size-large\"><img loading=\"lazy\" decoding=\"async\" width=\"800\" height=\"450\" data-attachment-id=\"36881\" data-permalink=\"https:\/\/www.paudalho.pe.gov.br\/portal\/centro-de-parto-normal-gabrielly-ramos-celebra-7-anos-de-cuidado-acolhimento-e-historias-de-vida\/_fjf1986\/\" data-orig-file=\"https:\/\/www.paudalho.pe.gov.br\/portal\/wp-content\/uploads\/2025\/08\/FJF1986-scaled.jpg\" data-orig-size=\"2560,1707\" data-comments-opened=\"1\" data-image-meta=\"{&quot;aperture&quot;:&quot;4&quot;,&quot;credit&quot;:&quot;JOSUE FILHO FOTOGRAFIAA&quot;,&quot;camera&quot;:&quot;Canon EOS R6m2&quot;,&quot;caption&quot;:&quot;&quot;,&quot;created_timestamp&quot;:&quot;1755784185&quot;,&quot;copyright&quot;:&quot;PAUDALHO\\\/PE&quot;,&quot;focal_length&quot;:&quot;47&quot;,&quot;iso&quot;:&quot;500&quot;,&quot;shutter_speed&quot;:&quot;0.008&quot;,&quot;title&quot;:&quot;&quot;,&quot;orientation&quot;:&quot;1&quot;}\" data-image-title=\"_FJF1986\" data-image-description=\"\" data-image-caption=\"\" data-medium-file=\"https:\/\/www.paudalho.pe.gov.br\/portal\/wp-content\/uploads\/2025\/08\/FJF1986-350x230.jpg\" data-large-file=\"https:\/\/www.paudalho.pe.gov.br\/portal\/wp-content\/uploads\/2025\/08\/FJF1986-800x450.jpg\" data-id=\"36881\" src=\"https:\/\/www.paudalho.pe.gov.br\/portal\/wp-content\/uploads\/2025\/08\/FJF1986-800x450.jpg\" alt=\"\" class=\"wp-image-36881\"\/><\/figure>\n\n\n\n<figure class=\"wp-block-image size-large\"><img loading=\"lazy\" decoding=\"async\" width=\"800\" height=\"450\" data-attachment-id=\"36882\" data-permalink=\"https:\/\/www.paudalho.pe.gov.br\/portal\/centro-de-parto-normal-gabrielly-ramos-celebra-7-anos-de-cuidado-acolhimento-e-historias-de-vida\/_fjf2010\/\" data-orig-file=\"https:\/\/www.paudalho.pe.gov.br\/portal\/wp-content\/uploads\/2025\/08\/FJF2010-scaled.jpg\" data-orig-size=\"2560,1707\" data-comments-opened=\"1\" data-image-meta=\"{&quot;aperture&quot;:&quot;4&quot;,&quot;credit&quot;:&quot;JOSUE FILHO FOTOGRAFIAA&quot;,&quot;camera&quot;:&quot;Canon EOS R6m2&quot;,&quot;caption&quot;:&quot;&quot;,&quot;created_timestamp&quot;:&quot;1755784545&quot;,&quot;copyright&quot;:&quot;PAUDALHO\\\/PE&quot;,&quot;focal_length&quot;:&quot;24&quot;,&quot;iso&quot;:&quot;1000&quot;,&quot;shutter_speed&quot;:&quot;0.016666666666667&quot;,&quot;title&quot;:&quot;&quot;,&quot;orientation&quot;:&quot;1&quot;}\" data-image-title=\"_FJF2010\" data-image-description=\"\" data-image-caption=\"\" data-medium-file=\"https:\/\/www.paudalho.pe.gov.br\/portal\/wp-content\/uploads\/2025\/08\/FJF2010-350x230.jpg\" data-large-file=\"https:\/\/www.paudalho.pe.gov.br\/portal\/wp-content\/uploads\/2025\/08\/FJF2010-800x450.jpg\" data-id=\"36882\" src=\"https:\/\/www.paudalho.pe.gov.br\/portal\/wp-content\/uploads\/2025\/08\/FJF2010-800x450.jpg\" alt=\"\" class=\"wp-image-36882\"\/><\/figure>\n\n\n\n<figure class=\"wp-block-image size-large\"><img loading=\"lazy\" decoding=\"async\" width=\"800\" height=\"450\" data-attachment-id=\"36883\" data-permalink=\"https:\/\/www.paudalho.pe.gov.br\/portal\/centro-de-parto-normal-gabrielly-ramos-celebra-7-anos-de-cuidado-acolhimento-e-historias-de-vida\/_fjf2016\/\" data-orig-file=\"https:\/\/www.paudalho.pe.gov.br\/portal\/wp-content\/uploads\/2025\/08\/FJF2016-scaled.jpg\" data-orig-size=\"2560,1707\" data-comments-opened=\"1\" data-image-meta=\"{&quot;aperture&quot;:&quot;4&quot;,&quot;credit&quot;:&quot;JOSUE FILHO FOTOGRAFIAA&quot;,&quot;camera&quot;:&quot;Canon EOS R6m2&quot;,&quot;caption&quot;:&quot;&quot;,&quot;created_timestamp&quot;:&quot;1755784632&quot;,&quot;copyright&quot;:&quot;PAUDALHO\\\/PE&quot;,&quot;focal_length&quot;:&quot;27&quot;,&quot;iso&quot;:&quot;1000&quot;,&quot;shutter_speed&quot;:&quot;0.016666666666667&quot;,&quot;title&quot;:&quot;&quot;,&quot;orientation&quot;:&quot;1&quot;}\" data-image-title=\"_FJF2016\" data-image-description=\"\" data-image-caption=\"\" data-medium-file=\"https:\/\/www.paudalho.pe.gov.br\/portal\/wp-content\/uploads\/2025\/08\/FJF2016-350x230.jpg\" data-large-file=\"https:\/\/www.paudalho.pe.gov.br\/portal\/wp-content\/uploads\/2025\/08\/FJF2016-800x450.jpg\" data-id=\"36883\" src=\"https:\/\/www.paudalho.pe.gov.br\/portal\/wp-content\/uploads\/2025\/08\/FJF2016-800x450.jpg\" alt=\"\" class=\"wp-image-36883\"\/><\/figure>\n<\/figure>\n","protected":false},"excerpt":{"rendered":"<p>Paudalho celebrou nesta semana os sete anos do Centro de Parto Normal Gabrielly Ramos, um espa\u00e7o que se consolidou como refer\u00eancia em atendimento humanizado, seguro e de qualidade para gestantes e rec\u00e9m-nascidos. Desde sua inaugura\u00e7\u00e3o, em agosto de 2018, o Centro j\u00e1 realizou mais de 1.400 partos, oferecendo \u00e0s m\u00e3es a oportunidade de nascerem e [&hellip;]<\/p>\n","protected":false},"author":17,"featured_media":36847,"comment_status":"open","ping_status":"open","sticky":false,"template":"","format":"standard","meta":{"_jetpack_newsletter_access":"","_jetpack_dont_email_post_to_subs":false,"_jetpack_newsletter_tier_id":0,"_jetpack_memberships_contains_paywalled_content":false,"_jetpack_memberships_contains_paid_content":false,"footnotes":""},"categories":[2,1,3],"tags":[],"class_list":["post-36840","post","type-post","status-publish","format-standard","has-post-thumbnail","hentry","category-destaque","category-noticias","category-saude"],"jetpack_featured_media_url":"https:\/\/www.paudalho.pe.gov.br\/portal\/wp-content\/uploads\/2025\/08\/FJF1999-scaled.jpg","jetpack_sharing_enabled":true,"jetpack_shortlink":"https:\/\/wp.me\/p98mS2-9Ac","_links":{"self":[{"href":"https:\/\/www.paudalho.pe.gov.br\/portal\/wp-json\/wp\/v2\/posts\/36840","targetHints":{"allow":["GET"]}}],"collection":[{"href":"https:\/\/www.paudalho.pe.gov.br\/portal\/wp-json\/wp\/v2\/posts"}],"about":[{"href":"https:\/\/www.paudalho.pe.gov.br\/portal\/wp-json\/wp\/v2\/types\/post"}],"author":[{"embeddable":true,"href":"https:\/\/www.paudalho.pe.gov.br\/portal\/wp-json\/wp\/v2\/users\/17"}],"replies":[{"embeddable":true,"href":"https:\/\/www.paudalho.pe.gov.br\/portal\/wp-json\/wp\/v2\/comments?post=36840"}],"version-history":[{"count":1,"href":"https:\/\/www.paudalho.pe.gov.br\/portal\/wp-json\/wp\/v2\/posts\/36840\/revisions"}],"predecessor-version":[{"id":36884,"href":"https:\/\/www.paudalho.pe.gov.br\/portal\/wp-json\/wp\/v2\/posts\/36840\/revisions\/36884"}],"wp:featuredmedia":[{"embeddable":true,"href":"https:\/\/www.paudalho.pe.gov.br\/portal\/wp-json\/wp\/v2\/media\/36847"}],"wp:attachment":[{"href":"https:\/\/www.paudalho.pe.gov.br\/portal\/wp-json\/wp\/v2\/media?parent=36840"}],"wp:term":[{"taxonomy":"category","embeddable":true,"href":"https:\/\/www.paudalho.pe.gov.br\/portal\/wp-json\/wp\/v2\/categories?post=36840"},{"taxonomy":"post_tag","embeddable":true,"href":"https:\/\/www.paudalho.pe.gov.br\/portal\/wp-json\/wp\/v2\/tags?post=36840"}],"curies":[{"name":"wp","href":"https:\/\/api.w.org\/{rel}","templated":true}]}}