{"id":36833,"date":"2025-08-19T14:00:09","date_gmt":"2025-08-19T17:00:09","guid":{"rendered":"https:\/\/www.paudalho.pe.gov.br\/portal\/?p=36833"},"modified":"2025-08-19T14:00:09","modified_gmt":"2025-08-19T17:00:09","slug":"participe-da-consulta-publica-politica-nacional-aldir-blanc","status":"publish","type":"post","link":"https:\/\/www.paudalho.pe.gov.br\/portal\/participe-da-consulta-publica-politica-nacional-aldir-blanc\/","title":{"rendered":"Participe da Consulta P\u00fablica: Pol\u00edtica Nacional Aldir Blanc"},"content":{"rendered":"\n<p><strong><em>A constru\u00e7\u00e3o coletiva do plano de aplica\u00e7\u00e3o de recursos culturais em Paudalho<\/em><\/strong><\/p>\n\n\n\n<p>A Prefeitura Municipal de Paudalho, por meio da Secretaria de Cultura e Turismo, convida todos os fazedores de cultura do munic\u00edpio para participar da consulta p\u00fablica sobre a Pol\u00edtica Nacional Aldir Blanc. Com o objetivo de construir de forma democr\u00e1tica o plano de aplica\u00e7\u00e3o dos recursos destinados \u00e0 cultura, foi disponibilizado um formul\u00e1rio que pode ser acessado de duas maneiras: online, pelo <a href=\"https:\/\/docs.google.com\/forms\/d\/e\/1FAIpQLSejfe67Ngupr6R_ZEQEQAYrrIAGkTcgm6A7o-LfalGCtduZWA\/viewform?usp=preview\">link <\/a>abaixo, ou presencialmente na sede da secretaria, garantindo a participa\u00e7\u00e3o daqueles que n\u00e3o possuem acesso \u00e0 internet.<\/p>\n\n\n\n<p>O formul\u00e1rio est\u00e1 dispon\u00edvel at\u00e9 o dia 25 de agosto. Esta \u00e9 uma oportunidade para apresentar propostas, ideias e sugest\u00f5es que contribuir\u00e3o diretamente para o fortalecimento das pol\u00edticas culturais locais.<\/p>\n\n\n\n<p>O resultado da consulta ser\u00e1 divulgado nos canais oficiais da Prefeitura de Paudalho e tamb\u00e9m na sede da Secretaria de Cultura e Turismo, promovendo transpar\u00eancia e envolvimento da comunidade.<\/p>\n\n\n\n<p>Para participar, acesse o formul\u00e1rio pelo link: <a href=\"https:\/\/docs.google.com\/forms\/d\/e\/1FAIpQLSejfe67Ngupr6R_ZEQEQAYrrIAGkTcgm6A7o-LfalGCtduZWA\/viewform?usp=preview\">https:\/\/docs.google.com\/forms\/d\/e\/1FAIpQLSejfe67Ngupr6R_ZEQEQAYrrIAGkTcgm6A7o-LfalGCtduZWA\/viewform?usp=preview<\/a> ou dirija-se \u00e0 Secretaria Municipal de Cultura e Turismo.<\/p>\n\n\n\n<p>Sua colabora\u00e7\u00e3o \u00e9 fundamental para promover e valorizar a cultura de Paudalho!<\/p>\n\n\n\n<p><\/p>\n","protected":false},"excerpt":{"rendered":"<p>A constru\u00e7\u00e3o coletiva do plano de aplica\u00e7\u00e3o de recursos culturais em Paudalho A Prefeitura Municipal de Paudalho, por meio da Secretaria de Cultura e Turismo, convida todos os fazedores de cultura do munic\u00edpio para participar da consulta p\u00fablica sobre a Pol\u00edtica Nacional Aldir Blanc. Com o objetivo de construir de forma democr\u00e1tica o plano de [&hellip;]<\/p>\n","protected":false},"author":15,"featured_media":36834,"comment_status":"open","ping_status":"open","sticky":false,"template":"","format":"standard","meta":{"_jetpack_newsletter_access":"","_jetpack_dont_email_post_to_subs":false,"_jetpack_newsletter_tier_id":0,"_jetpack_memberships_contains_paywalled_content":false,"_jetpack_memberships_contains_paid_content":false,"footnotes":""},"categories":[6,2,1568],"tags":[],"class_list":["post-36833","post","type-post","status-publish","format-standard","has-post-thumbnail","hentry","category-cultura","category-destaque","category-politica-nacional-aldir-blanc"],"jetpack_featured_media_url":"https:\/\/www.paudalho.pe.gov.br\/portal\/wp-content\/uploads\/2025\/08\/Gemini_Generated_Image_jdqav5jdqav5jdqa-1.png","jetpack_sharing_enabled":true,"jetpack_shortlink":"https:\/\/wp.me\/p98mS2-9A5","_links":{"self":[{"href":"https:\/\/www.paudalho.pe.gov.br\/portal\/wp-json\/wp\/v2\/posts\/36833","targetHints":{"allow":["GET"]}}],"collection":[{"href":"https:\/\/www.paudalho.pe.gov.br\/portal\/wp-json\/wp\/v2\/posts"}],"about":[{"href":"https:\/\/www.paudalho.pe.gov.br\/portal\/wp-json\/wp\/v2\/types\/post"}],"author":[{"embeddable":true,"href":"https:\/\/www.paudalho.pe.gov.br\/portal\/wp-json\/wp\/v2\/users\/15"}],"replies":[{"embeddable":true,"href":"https:\/\/www.paudalho.pe.gov.br\/portal\/wp-json\/wp\/v2\/comments?post=36833"}],"version-history":[{"count":1,"href":"https:\/\/www.paudalho.pe.gov.br\/portal\/wp-json\/wp\/v2\/posts\/36833\/revisions"}],"predecessor-version":[{"id":36835,"href":"https:\/\/www.paudalho.pe.gov.br\/portal\/wp-json\/wp\/v2\/posts\/36833\/revisions\/36835"}],"wp:featuredmedia":[{"embeddable":true,"href":"https:\/\/www.paudalho.pe.gov.br\/portal\/wp-json\/wp\/v2\/media\/36834"}],"wp:attachment":[{"href":"https:\/\/www.paudalho.pe.gov.br\/portal\/wp-json\/wp\/v2\/media?parent=36833"}],"wp:term":[{"taxonomy":"category","embeddable":true,"href":"https:\/\/www.paudalho.pe.gov.br\/portal\/wp-json\/wp\/v2\/categories?post=36833"},{"taxonomy":"post_tag","embeddable":true,"href":"https:\/\/www.paudalho.pe.gov.br\/portal\/wp-json\/wp\/v2\/tags?post=36833"}],"curies":[{"name":"wp","href":"https:\/\/api.w.org\/{rel}","templated":true}]}}