{"id":3680,"date":"2018-08-16T00:12:31","date_gmt":"2018-08-16T03:12:31","guid":{"rendered":"http:\/\/www.paudalho.pe.gov.br\/portal\/?p=3680"},"modified":"2018-08-16T00:24:18","modified_gmt":"2018-08-16T03:24:18","slug":"prefeitura-do-paudalho-inaugura-sala-de-coleta-e-recepcao-do-laboratorio-municipal-e-farmacia-central-nesta-quinta-feira","status":"publish","type":"post","link":"https:\/\/www.paudalho.pe.gov.br\/portal\/prefeitura-do-paudalho-inaugura-sala-de-coleta-e-recepcao-do-laboratorio-municipal-e-farmacia-central-nesta-quinta-feira\/","title":{"rendered":"Prefeitura do Paudalho inaugura Sala de Coleta e Recep\u00e7\u00e3o do Laborat\u00f3rio Municipal e Farm\u00e1cia Central nesta quinta-feira"},"content":{"rendered":"<p>Os avan\u00e7os no Munic\u00edpio do Paudalho, na Mata Norte de Pernambuco, n\u00e3o param. A Prefeitura da cidade realiza mais inaugura\u00e7\u00f5es nesta quinta-feira (15). Desta vez, ser\u00e3o inauguradas a Sala de Coleta e Recep\u00e7\u00e3o do Laborat\u00f3rio Municipal e a Farm\u00e1cia Central, a partir das 19h, na comunidade do Alto do Hospital, no bairro de Santa Tereza. \u201cTrata-se da entrega de mais dois servi\u00e7os de Sa\u00fade P\u00fablica 100% SUS, com conforto e seguran\u00e7a para o usu\u00e1rio do SUS de Paudalho\u201d, destacou o secret\u00e1rio de Sa\u00fade, Orlando Jorge.<\/p>\n<h2><strong>Novos espa\u00e7os<\/strong><\/h2>\n<p>Segundo a Secretaria de Sa\u00fade, as Salas de Coleta e Recep\u00e7\u00e3o do Laborat\u00f3rio atender\u00e3o 120 pacientes usu\u00e1rios do Sistema \u00danico de Sa\u00fade (SUS) diariamente. Inaugurado em 23 de maio de 2017, o Laborat\u00f3rio Municipal j\u00e1 \u00e9 um marco na sa\u00fade da cidade. S\u00e3o ofertados cerca de 700 exames laboratoriais por dia, registrando uma m\u00e9dia de 20 mil Exames por m\u00eas. Os populares podem realizar no local cerca de 75 tipos de exames que entre eles est\u00e3o: hemograma completo, glicemia, colesterol, triglicer\u00eddeo, horm\u00f4nios tireoidianos, FSH, LH, Beta-HCG, PSA total e livre, vitamina D, classifica\u00e7\u00e3o sangu\u00ednea, parasitol\u00f3gico de fezes, entre outros.<\/p>\n<p>O coordenador do Laborat\u00f3rio, Ricardo Escorel, detalha a praticidade que o local oferece aos mun\u00edcipes. \u201cO Laborat\u00f3rio de An\u00e1lises Cl\u00ednicas \u00e9 um dos pilares fundamentais do apoio diagn\u00f3sticos, devido a tal import\u00e2ncia, foi planejado e instalado com equipamento de ponta e uma equipe de profissionais habilitados. Temos o diferencial de levar comodidade e agilidade aos nossos usu\u00e1rios, \u00e0 medida que os resultados s\u00e3o disponibilizados via internet na p\u00e1gina da Prefeitura\u201d, destacou.<\/p>\n<h2><strong>Farm\u00e1cia Central<\/strong><\/h2>\n<p>J\u00e1 a Farm\u00e1cia Central realizar\u00e1 cerca de 30 dispensa\u00e7\u00f5es de medicamentos controlados por dia, atendendo uma m\u00e9dia de 700 usu\u00e1rios atendidos ao m\u00eas. Mensalmente, ainda s\u00e3o atendidos 350 pacientes insulinodependentes .O objetivo \u00e9 cada vez mais melhorar a qualidade de vida e a sa\u00fade da popula\u00e7\u00e3o paudalhense.<\/p>\n<h2><strong>Inaugura\u00e7\u00e3o que encantou: Centro do Parto Humanizado<\/strong><\/h2>\n<p>Mostrando preocupa\u00e7\u00e3o com a sa\u00fade, bem-estar e escolha da Mulher,<a href=\"http:\/\/www.paudalho.pe.gov.br\/portal\/com-estrutura-impressionante-centro-de-parto-normal-do-paudalho-gabrielly-ramos-e-inaugurado\/\"> a Prefeitura do Paudalho inaugurou no \u00faltimo s\u00e1bado (11) o Centro de Parto Normal do Paudalho Gabrielly Ramos<\/a>. Centenas de pessoas participaram da solenidade na unidade que fica na comunidade do Alto do Hospital, no bairro de Santa Tereza. O local impressionou pela estrutura que oferta su\u00edtes individuais para cada m\u00e3e, com banheiros equipados e ainda locais de banho de sol para o beb\u00ea.<\/p>\n<p>Cada quarto conta com equipamentos de \u00faltima gera\u00e7\u00e3o, wifi e Smarts TVs com servi\u00e7os de streaming. Na unidade de sa\u00fade, as gestantes v\u00e3o ter um atendimento humanizado com equipes de m\u00e9dicos, enfermeiras que receber\u00e3o capacita\u00e7\u00e3o com cerca de oito enfermeiras obstetras. \u201cNa hora de parir a gestante dar\u00e1 a \u201cluz\u201d\u201c a crian\u00e7a em uma banheira especializada para o processo. O objetivo \u00e9 respeitar a vontade da m\u00e3e. O Centro possui uma a\u00e9rea de aproximadamente 502 metros quadrados em um investimento total de quase R$ 1 Milh\u00e3o.<\/p>\n<p><img loading=\"lazy\" decoding=\"async\" data-attachment-id=\"3650\" data-permalink=\"https:\/\/www.paudalho.pe.gov.br\/portal\/com-estrutura-impressionante-centro-de-parto-normal-do-paudalho-gabrielly-ramos-e-inaugurado\/davi9845\/\" data-orig-file=\"https:\/\/www.paudalho.pe.gov.br\/portal\/wp-content\/uploads\/2018\/08\/DAVI9845.jpg\" data-orig-size=\"5760,3840\" data-comments-opened=\"1\" data-image-meta=\"{&quot;aperture&quot;:&quot;4.5&quot;,&quot;credit&quot;:&quot;&quot;,&quot;camera&quot;:&quot;Canon EOS 5D Mark III&quot;,&quot;caption&quot;:&quot;&quot;,&quot;created_timestamp&quot;:&quot;1534019296&quot;,&quot;copyright&quot;:&quot;&quot;,&quot;focal_length&quot;:&quot;24&quot;,&quot;iso&quot;:&quot;1600&quot;,&quot;shutter_speed&quot;:&quot;0.05&quot;,&quot;title&quot;:&quot;&quot;,&quot;orientation&quot;:&quot;0&quot;}\" data-image-title=\"DAVI9845\" data-image-description=\"\" data-image-caption=\"\" data-medium-file=\"https:\/\/www.paudalho.pe.gov.br\/portal\/wp-content\/uploads\/2018\/08\/DAVI9845-350x230.jpg\" data-large-file=\"https:\/\/www.paudalho.pe.gov.br\/portal\/wp-content\/uploads\/2018\/08\/DAVI9845-800x450.jpg\" class=\"alignnone wp-image-3650\" src=\"http:\/\/www.paudalho.pe.gov.br\/portal\/wp-content\/uploads\/2018\/08\/DAVI9845-350x230.jpg\" alt=\"\" width=\"548\" height=\"360\" \/><\/p>\n<p><img loading=\"lazy\" decoding=\"async\" data-attachment-id=\"3672\" data-permalink=\"https:\/\/www.paudalho.pe.gov.br\/portal\/com-estrutura-impressionante-centro-de-parto-normal-do-paudalho-gabrielly-ramos-e-inaugurado\/dsc06593\/\" data-orig-file=\"https:\/\/www.paudalho.pe.gov.br\/portal\/wp-content\/uploads\/2018\/08\/DSC06593.jpg\" data-orig-size=\"6000,3376\" data-comments-opened=\"1\" data-image-meta=\"{&quot;aperture&quot;:&quot;3.5&quot;,&quot;credit&quot;:&quot;&quot;,&quot;camera&quot;:&quot;ILCE-6500&quot;,&quot;caption&quot;:&quot;&quot;,&quot;created_timestamp&quot;:&quot;1531343485&quot;,&quot;copyright&quot;:&quot;&quot;,&quot;focal_length&quot;:&quot;18&quot;,&quot;iso&quot;:&quot;2000&quot;,&quot;shutter_speed&quot;:&quot;0.0125&quot;,&quot;title&quot;:&quot;&quot;,&quot;orientation&quot;:&quot;0&quot;}\" data-image-title=\"DSC06593\" data-image-description=\"\" data-image-caption=\"\" data-medium-file=\"https:\/\/www.paudalho.pe.gov.br\/portal\/wp-content\/uploads\/2018\/08\/DSC06593-350x230.jpg\" data-large-file=\"https:\/\/www.paudalho.pe.gov.br\/portal\/wp-content\/uploads\/2018\/08\/DSC06593-800x450.jpg\" class=\"alignnone wp-image-3672\" src=\"http:\/\/www.paudalho.pe.gov.br\/portal\/wp-content\/uploads\/2018\/08\/DSC06593-350x230.jpg\" alt=\"\" width=\"550\" height=\"361\" \/><\/p>\n","protected":false},"excerpt":{"rendered":"<p>Os avan\u00e7os no Munic\u00edpio do Paudalho, na Mata Norte de Pernambuco, n\u00e3o param. A Prefeitura da cidade realiza mais inaugura\u00e7\u00f5es nesta quinta-feira (15). Desta vez, ser\u00e3o inauguradas a Sala de Coleta e Recep\u00e7\u00e3o do Laborat\u00f3rio Municipal e a Farm\u00e1cia Central, a partir das 19h, na comunidade do Alto do Hospital, no bairro de Santa Tereza. [&hellip;]<\/p>\n","protected":false},"author":4,"featured_media":3681,"comment_status":"open","ping_status":"open","sticky":false,"template":"","format":"standard","meta":{"_jetpack_newsletter_access":"","_jetpack_dont_email_post_to_subs":false,"_jetpack_newsletter_tier_id":0,"_jetpack_memberships_contains_paywalled_content":false,"_jetpack_memberships_contains_paid_content":false,"footnotes":""},"categories":[2,1,3],"tags":[339,14,358],"class_list":["post-3680","post","type-post","status-publish","format-standard","has-post-thumbnail","hentry","category-destaque","category-noticias","category-saude","tag-inauguracao","tag-paudalho","tag-sala-de-coleta-e-recepcao-do-laboratorio-municipal-e-farmacia-central"],"jetpack_featured_media_url":"https:\/\/www.paudalho.pe.gov.br\/portal\/wp-content\/uploads\/2018\/08\/95ea88ce-4674-47dd-a569-92cc29b80a84.jpg","jetpack_sharing_enabled":true,"jetpack_shortlink":"https:\/\/wp.me\/p98mS2-Xm","_links":{"self":[{"href":"https:\/\/www.paudalho.pe.gov.br\/portal\/wp-json\/wp\/v2\/posts\/3680","targetHints":{"allow":["GET"]}}],"collection":[{"href":"https:\/\/www.paudalho.pe.gov.br\/portal\/wp-json\/wp\/v2\/posts"}],"about":[{"href":"https:\/\/www.paudalho.pe.gov.br\/portal\/wp-json\/wp\/v2\/types\/post"}],"author":[{"embeddable":true,"href":"https:\/\/www.paudalho.pe.gov.br\/portal\/wp-json\/wp\/v2\/users\/4"}],"replies":[{"embeddable":true,"href":"https:\/\/www.paudalho.pe.gov.br\/portal\/wp-json\/wp\/v2\/comments?post=3680"}],"version-history":[{"count":5,"href":"https:\/\/www.paudalho.pe.gov.br\/portal\/wp-json\/wp\/v2\/posts\/3680\/revisions"}],"predecessor-version":[{"id":3686,"href":"https:\/\/www.paudalho.pe.gov.br\/portal\/wp-json\/wp\/v2\/posts\/3680\/revisions\/3686"}],"wp:featuredmedia":[{"embeddable":true,"href":"https:\/\/www.paudalho.pe.gov.br\/portal\/wp-json\/wp\/v2\/media\/3681"}],"wp:attachment":[{"href":"https:\/\/www.paudalho.pe.gov.br\/portal\/wp-json\/wp\/v2\/media?parent=3680"}],"wp:term":[{"taxonomy":"category","embeddable":true,"href":"https:\/\/www.paudalho.pe.gov.br\/portal\/wp-json\/wp\/v2\/categories?post=3680"},{"taxonomy":"post_tag","embeddable":true,"href":"https:\/\/www.paudalho.pe.gov.br\/portal\/wp-json\/wp\/v2\/tags?post=3680"}],"curies":[{"name":"wp","href":"https:\/\/api.w.org\/{rel}","templated":true}]}}