{"id":36772,"date":"2025-04-29T14:42:00","date_gmt":"2025-04-29T17:42:00","guid":{"rendered":"https:\/\/www.paudalho.pe.gov.br\/portal\/?p=36772"},"modified":"2025-08-15T12:56:31","modified_gmt":"2025-08-15T15:56:31","slug":"prefeitura-de-paudalho-promove-mes-dos-povos-originarios-com-visitas-da-tribo-fulni-o-as-escolas-municipais","status":"publish","type":"post","link":"https:\/\/www.paudalho.pe.gov.br\/portal\/prefeitura-de-paudalho-promove-mes-dos-povos-originarios-com-visitas-da-tribo-fulni-o-as-escolas-municipais\/","title":{"rendered":"Prefeitura de Paudalho promove M\u00eas dos Povos Origin\u00e1rios com visitas da Tribo Fulni-\u00f4 \u00e0s escolas municipais"},"content":{"rendered":"\n<p>A Prefeitura do Paudalho, por meio da Secretaria Municipal de Educa\u00e7\u00e3o e Juventude, atrav\u00e9s da Ger\u00eancia de Desenvolvimento da Educa\u00e7\u00e3o, realiza uma programa\u00e7\u00e3o especial em celebra\u00e7\u00e3o ao M\u00eas dos Povos Origin\u00e1rios. De 28 a 30 de abril, estudantes da rede municipal est\u00e3o tendo a oportunidade de vivenciar de perto a cultura da Tribo Fulni-\u00f4, que visita diversas escolas do munic\u00edpio.<\/p>\n\n\n\n<p>A iniciativa tem como objetivo valorizar a cultura ind\u00edgena, fomentar o respeito \u00e0 diversidade e fortalecer a identidade cultural entre as crian\u00e7as e jovens paudalhenses. Durante as visitas, os Fulni-\u00f4 compartilham tradi\u00e7\u00f5es, dan\u00e7as, c\u00e2nticos e aspectos do seu cotidiano, proporcionando uma experi\u00eancia educativa e enriquecedora para todos os participantes.<\/p>\n\n\n\n<p>\u201cEstamos aqui para mostrar um pouco da nossa cultura, e achamos que o lugar mais importante para que isso aconte\u00e7a \u00e9 no ambiente escolar, onde a gente pode desconstruir um pouco o preconceito e demonstrar a realidade ind\u00edgena do povo Fulni-\u00f4\u201d, declarou Satx\u2019kya (Nayane Melgueiro).<\/p>\n\n\n\n<p>\u201cEu achei esse evento interessante por que a gente pode aprender mais sobre culturas que a gente n\u00e3o conhecia\u201d, comentou Gabriel Rufino, aluno do 8\u00ba ano do Col\u00e9gio Municipal de Paudalho, que esteve presente na a\u00e7\u00e3o da ter\u00e7a-feira (29). \u201cEu gostei por que eles ensinaram a falar a l\u00edngua deles, que n\u00e3o conhec\u00edamos, e gostei das dan\u00e7as que eles apresentaram\u201d.<\/p>\n\n\n\n<p>O M\u00eas dos Povos Origin\u00e1rios \u00e9 uma oportunidade de celebrar, preservar e divulgar as riquezas culturais dos primeiros habitantes do Brasil, al\u00e9m de promover um ambiente de di\u00e1logo e aprendizado entre gera\u00e7\u00f5es. A a\u00e7\u00e3o refor\u00e7a a import\u00e2ncia de reconhecer a contribui\u00e7\u00e3o dos povos ind\u00edgenas para a forma\u00e7\u00e3o da identidade brasileira, reafirmando o compromisso do munic\u00edpio com uma educa\u00e7\u00e3o inclusiva e multicultural.<\/p>\n\n\n\n<p>Cronograma:<\/p>\n\n\n\n<p>Na segunda-feira (28), a a\u00e7\u00e3o ocorreu com alunos das escolas: Esc. Mun. Prefeito Herculano, Esc. Mun. Jo\u00e3o Francisco, Esc. Mun. SAMAP, Esc. Mun. S\u00e3o Bernardo, Esc. Mun. Vereador Ananias, Esc. Mun. Gilda Barbosa, Col. Mun. de Guadalajara, Esc. Mun. de Guadalajara, Esc. Mun. Alcindo Lacerda.<\/p>\n\n\n\n<p>Ter\u00e7a-feira (29), com as escolas: CMP, Esc. Mun. Genilda Martins, Esc. Mun. Professora Marta Lira, Esc. Mun. Severino Jos\u00e9, Esc. Mun. Manoel da Rosa, Col. Mun. Tancredo Neves, Esc. Mun. Eliza Fidelis, Esc. Mun. Manoel da Rosa.<\/p>\n\n\n\n<p>O \u00faltimo dia, na quarta-feira (30), ser\u00e3o com: Esc. Mun. Sinh\u00f4 Bandeira, Esc. Mun. Severino Mauricio, Esc. Mun. Jos\u00e9 Bonif\u00e1cio, Esc. Mun. Cicero Lopes, Col. Mun. Maria de F\u00e1tima.<\/p>\n\n\n\n<figure class=\"wp-block-gallery has-nested-images columns-default is-cropped wp-block-gallery-1 is-layout-flex wp-block-gallery-is-layout-flex\">\n<figure class=\"wp-block-image size-large\"><img loading=\"lazy\" decoding=\"async\" width=\"800\" height=\"450\" data-attachment-id=\"36778\" data-permalink=\"https:\/\/www.paudalho.pe.gov.br\/portal\/prefeitura-de-paudalho-promove-mes-dos-povos-originarios-com-visitas-da-tribo-fulni-o-as-escolas-municipais\/img-20250815-wa0145\/\" data-orig-file=\"https:\/\/www.paudalho.pe.gov.br\/portal\/wp-content\/uploads\/2025\/08\/IMG-20250815-WA0145-scaled.jpg\" data-orig-size=\"2560,1920\" data-comments-opened=\"1\" data-image-meta=\"{&quot;aperture&quot;:&quot;0&quot;,&quot;credit&quot;:&quot;&quot;,&quot;camera&quot;:&quot;&quot;,&quot;caption&quot;:&quot;&quot;,&quot;created_timestamp&quot;:&quot;0&quot;,&quot;copyright&quot;:&quot;&quot;,&quot;focal_length&quot;:&quot;0&quot;,&quot;iso&quot;:&quot;0&quot;,&quot;shutter_speed&quot;:&quot;0&quot;,&quot;title&quot;:&quot;&quot;,&quot;orientation&quot;:&quot;0&quot;}\" data-image-title=\"IMG-20250815-WA0145\" data-image-description=\"\" data-image-caption=\"\" data-medium-file=\"https:\/\/www.paudalho.pe.gov.br\/portal\/wp-content\/uploads\/2025\/08\/IMG-20250815-WA0145-350x230.jpg\" data-large-file=\"https:\/\/www.paudalho.pe.gov.br\/portal\/wp-content\/uploads\/2025\/08\/IMG-20250815-WA0145-800x450.jpg\" data-id=\"36778\" src=\"https:\/\/www.paudalho.pe.gov.br\/portal\/wp-content\/uploads\/2025\/08\/IMG-20250815-WA0145-800x450.jpg\" alt=\"\" class=\"wp-image-36778\"\/><\/figure>\n\n\n\n<figure class=\"wp-block-image size-large\"><img loading=\"lazy\" decoding=\"async\" width=\"800\" height=\"450\" data-attachment-id=\"36775\" data-permalink=\"https:\/\/www.paudalho.pe.gov.br\/portal\/prefeitura-de-paudalho-promove-mes-dos-povos-originarios-com-visitas-da-tribo-fulni-o-as-escolas-municipais\/img-20250815-wa0144\/\" data-orig-file=\"https:\/\/www.paudalho.pe.gov.br\/portal\/wp-content\/uploads\/2025\/08\/IMG-20250815-WA0144-scaled.jpg\" data-orig-size=\"2560,1920\" data-comments-opened=\"1\" data-image-meta=\"{&quot;aperture&quot;:&quot;0&quot;,&quot;credit&quot;:&quot;&quot;,&quot;camera&quot;:&quot;&quot;,&quot;caption&quot;:&quot;&quot;,&quot;created_timestamp&quot;:&quot;0&quot;,&quot;copyright&quot;:&quot;&quot;,&quot;focal_length&quot;:&quot;0&quot;,&quot;iso&quot;:&quot;0&quot;,&quot;shutter_speed&quot;:&quot;0&quot;,&quot;title&quot;:&quot;&quot;,&quot;orientation&quot;:&quot;0&quot;}\" data-image-title=\"IMG-20250815-WA0144\" data-image-description=\"\" data-image-caption=\"\" data-medium-file=\"https:\/\/www.paudalho.pe.gov.br\/portal\/wp-content\/uploads\/2025\/08\/IMG-20250815-WA0144-350x230.jpg\" data-large-file=\"https:\/\/www.paudalho.pe.gov.br\/portal\/wp-content\/uploads\/2025\/08\/IMG-20250815-WA0144-800x450.jpg\" data-id=\"36775\" src=\"https:\/\/www.paudalho.pe.gov.br\/portal\/wp-content\/uploads\/2025\/08\/IMG-20250815-WA0144-800x450.jpg\" alt=\"\" class=\"wp-image-36775\"\/><\/figure>\n\n\n\n<figure class=\"wp-block-image size-large\"><img loading=\"lazy\" decoding=\"async\" width=\"800\" height=\"450\" data-attachment-id=\"36774\" data-permalink=\"https:\/\/www.paudalho.pe.gov.br\/portal\/prefeitura-de-paudalho-promove-mes-dos-povos-originarios-com-visitas-da-tribo-fulni-o-as-escolas-municipais\/img-20250815-wa0143\/\" data-orig-file=\"https:\/\/www.paudalho.pe.gov.br\/portal\/wp-content\/uploads\/2025\/08\/IMG-20250815-WA0143-scaled.jpg\" data-orig-size=\"2560,1920\" data-comments-opened=\"1\" data-image-meta=\"{&quot;aperture&quot;:&quot;0&quot;,&quot;credit&quot;:&quot;&quot;,&quot;camera&quot;:&quot;&quot;,&quot;caption&quot;:&quot;&quot;,&quot;created_timestamp&quot;:&quot;0&quot;,&quot;copyright&quot;:&quot;&quot;,&quot;focal_length&quot;:&quot;0&quot;,&quot;iso&quot;:&quot;0&quot;,&quot;shutter_speed&quot;:&quot;0&quot;,&quot;title&quot;:&quot;&quot;,&quot;orientation&quot;:&quot;0&quot;}\" data-image-title=\"IMG-20250815-WA0143\" data-image-description=\"\" data-image-caption=\"\" data-medium-file=\"https:\/\/www.paudalho.pe.gov.br\/portal\/wp-content\/uploads\/2025\/08\/IMG-20250815-WA0143-350x230.jpg\" data-large-file=\"https:\/\/www.paudalho.pe.gov.br\/portal\/wp-content\/uploads\/2025\/08\/IMG-20250815-WA0143-800x450.jpg\" data-id=\"36774\" src=\"https:\/\/www.paudalho.pe.gov.br\/portal\/wp-content\/uploads\/2025\/08\/IMG-20250815-WA0143-800x450.jpg\" alt=\"\" class=\"wp-image-36774\"\/><\/figure>\n\n\n\n<figure class=\"wp-block-image size-large\"><img loading=\"lazy\" decoding=\"async\" width=\"800\" height=\"450\" data-attachment-id=\"36773\" data-permalink=\"https:\/\/www.paudalho.pe.gov.br\/portal\/prefeitura-de-paudalho-promove-mes-dos-povos-originarios-com-visitas-da-tribo-fulni-o-as-escolas-municipais\/img-20250815-wa0142\/\" data-orig-file=\"https:\/\/www.paudalho.pe.gov.br\/portal\/wp-content\/uploads\/2025\/08\/IMG-20250815-WA0142-scaled.jpg\" data-orig-size=\"2560,1920\" data-comments-opened=\"1\" data-image-meta=\"{&quot;aperture&quot;:&quot;0&quot;,&quot;credit&quot;:&quot;&quot;,&quot;camera&quot;:&quot;&quot;,&quot;caption&quot;:&quot;&quot;,&quot;created_timestamp&quot;:&quot;0&quot;,&quot;copyright&quot;:&quot;&quot;,&quot;focal_length&quot;:&quot;0&quot;,&quot;iso&quot;:&quot;0&quot;,&quot;shutter_speed&quot;:&quot;0&quot;,&quot;title&quot;:&quot;&quot;,&quot;orientation&quot;:&quot;0&quot;}\" data-image-title=\"IMG-20250815-WA0142\" data-image-description=\"\" data-image-caption=\"\" data-medium-file=\"https:\/\/www.paudalho.pe.gov.br\/portal\/wp-content\/uploads\/2025\/08\/IMG-20250815-WA0142-350x230.jpg\" data-large-file=\"https:\/\/www.paudalho.pe.gov.br\/portal\/wp-content\/uploads\/2025\/08\/IMG-20250815-WA0142-800x450.jpg\" data-id=\"36773\" src=\"https:\/\/www.paudalho.pe.gov.br\/portal\/wp-content\/uploads\/2025\/08\/IMG-20250815-WA0142-800x450.jpg\" alt=\"\" class=\"wp-image-36773\"\/><\/figure>\n\n\n\n<figure class=\"wp-block-image size-large\"><img loading=\"lazy\" decoding=\"async\" width=\"800\" height=\"450\" data-attachment-id=\"36776\" data-permalink=\"https:\/\/www.paudalho.pe.gov.br\/portal\/prefeitura-de-paudalho-promove-mes-dos-povos-originarios-com-visitas-da-tribo-fulni-o-as-escolas-municipais\/img-20250815-wa0141\/\" data-orig-file=\"https:\/\/www.paudalho.pe.gov.br\/portal\/wp-content\/uploads\/2025\/08\/IMG-20250815-WA0141-scaled.jpg\" data-orig-size=\"2560,1920\" data-comments-opened=\"1\" data-image-meta=\"{&quot;aperture&quot;:&quot;0&quot;,&quot;credit&quot;:&quot;&quot;,&quot;camera&quot;:&quot;&quot;,&quot;caption&quot;:&quot;&quot;,&quot;created_timestamp&quot;:&quot;0&quot;,&quot;copyright&quot;:&quot;&quot;,&quot;focal_length&quot;:&quot;0&quot;,&quot;iso&quot;:&quot;0&quot;,&quot;shutter_speed&quot;:&quot;0&quot;,&quot;title&quot;:&quot;&quot;,&quot;orientation&quot;:&quot;0&quot;}\" data-image-title=\"IMG-20250815-WA0141\" data-image-description=\"\" data-image-caption=\"\" data-medium-file=\"https:\/\/www.paudalho.pe.gov.br\/portal\/wp-content\/uploads\/2025\/08\/IMG-20250815-WA0141-350x230.jpg\" data-large-file=\"https:\/\/www.paudalho.pe.gov.br\/portal\/wp-content\/uploads\/2025\/08\/IMG-20250815-WA0141-800x450.jpg\" data-id=\"36776\" src=\"https:\/\/www.paudalho.pe.gov.br\/portal\/wp-content\/uploads\/2025\/08\/IMG-20250815-WA0141-800x450.jpg\" alt=\"\" class=\"wp-image-36776\"\/><\/figure>\n\n\n\n<figure class=\"wp-block-image size-large\"><img loading=\"lazy\" decoding=\"async\" width=\"800\" height=\"450\" data-attachment-id=\"36777\" data-permalink=\"https:\/\/www.paudalho.pe.gov.br\/portal\/prefeitura-de-paudalho-promove-mes-dos-povos-originarios-com-visitas-da-tribo-fulni-o-as-escolas-municipais\/img-20250815-wa0140\/\" data-orig-file=\"https:\/\/www.paudalho.pe.gov.br\/portal\/wp-content\/uploads\/2025\/08\/IMG-20250815-WA0140-scaled.jpg\" data-orig-size=\"2560,1920\" data-comments-opened=\"1\" data-image-meta=\"{&quot;aperture&quot;:&quot;0&quot;,&quot;credit&quot;:&quot;&quot;,&quot;camera&quot;:&quot;&quot;,&quot;caption&quot;:&quot;&quot;,&quot;created_timestamp&quot;:&quot;0&quot;,&quot;copyright&quot;:&quot;&quot;,&quot;focal_length&quot;:&quot;0&quot;,&quot;iso&quot;:&quot;0&quot;,&quot;shutter_speed&quot;:&quot;0&quot;,&quot;title&quot;:&quot;&quot;,&quot;orientation&quot;:&quot;0&quot;}\" data-image-title=\"IMG-20250815-WA0140\" data-image-description=\"\" data-image-caption=\"\" data-medium-file=\"https:\/\/www.paudalho.pe.gov.br\/portal\/wp-content\/uploads\/2025\/08\/IMG-20250815-WA0140-350x230.jpg\" data-large-file=\"https:\/\/www.paudalho.pe.gov.br\/portal\/wp-content\/uploads\/2025\/08\/IMG-20250815-WA0140-800x450.jpg\" data-id=\"36777\" src=\"https:\/\/www.paudalho.pe.gov.br\/portal\/wp-content\/uploads\/2025\/08\/IMG-20250815-WA0140-800x450.jpg\" alt=\"\" class=\"wp-image-36777\"\/><\/figure>\n\n\n\n<figure class=\"wp-block-image size-large\"><img loading=\"lazy\" decoding=\"async\" width=\"800\" height=\"450\" data-attachment-id=\"36780\" data-permalink=\"https:\/\/www.paudalho.pe.gov.br\/portal\/prefeitura-de-paudalho-promove-mes-dos-povos-originarios-com-visitas-da-tribo-fulni-o-as-escolas-municipais\/img-20250815-wa0137\/\" data-orig-file=\"https:\/\/www.paudalho.pe.gov.br\/portal\/wp-content\/uploads\/2025\/08\/IMG-20250815-WA0137-scaled.jpg\" data-orig-size=\"2560,1920\" data-comments-opened=\"1\" data-image-meta=\"{&quot;aperture&quot;:&quot;0&quot;,&quot;credit&quot;:&quot;&quot;,&quot;camera&quot;:&quot;&quot;,&quot;caption&quot;:&quot;&quot;,&quot;created_timestamp&quot;:&quot;0&quot;,&quot;copyright&quot;:&quot;&quot;,&quot;focal_length&quot;:&quot;0&quot;,&quot;iso&quot;:&quot;0&quot;,&quot;shutter_speed&quot;:&quot;0&quot;,&quot;title&quot;:&quot;&quot;,&quot;orientation&quot;:&quot;0&quot;}\" data-image-title=\"IMG-20250815-WA0137\" data-image-description=\"\" data-image-caption=\"\" data-medium-file=\"https:\/\/www.paudalho.pe.gov.br\/portal\/wp-content\/uploads\/2025\/08\/IMG-20250815-WA0137-350x230.jpg\" data-large-file=\"https:\/\/www.paudalho.pe.gov.br\/portal\/wp-content\/uploads\/2025\/08\/IMG-20250815-WA0137-800x450.jpg\" data-id=\"36780\" src=\"https:\/\/www.paudalho.pe.gov.br\/portal\/wp-content\/uploads\/2025\/08\/IMG-20250815-WA0137-800x450.jpg\" alt=\"\" class=\"wp-image-36780\"\/><\/figure>\n\n\n\n<figure class=\"wp-block-image size-large\"><img loading=\"lazy\" decoding=\"async\" width=\"800\" height=\"450\" data-attachment-id=\"36779\" data-permalink=\"https:\/\/www.paudalho.pe.gov.br\/portal\/prefeitura-de-paudalho-promove-mes-dos-povos-originarios-com-visitas-da-tribo-fulni-o-as-escolas-municipais\/img-20250815-wa0138\/\" data-orig-file=\"https:\/\/www.paudalho.pe.gov.br\/portal\/wp-content\/uploads\/2025\/08\/IMG-20250815-WA0138-scaled.jpg\" data-orig-size=\"2560,1920\" data-comments-opened=\"1\" data-image-meta=\"{&quot;aperture&quot;:&quot;0&quot;,&quot;credit&quot;:&quot;&quot;,&quot;camera&quot;:&quot;&quot;,&quot;caption&quot;:&quot;&quot;,&quot;created_timestamp&quot;:&quot;0&quot;,&quot;copyright&quot;:&quot;&quot;,&quot;focal_length&quot;:&quot;0&quot;,&quot;iso&quot;:&quot;0&quot;,&quot;shutter_speed&quot;:&quot;0&quot;,&quot;title&quot;:&quot;&quot;,&quot;orientation&quot;:&quot;0&quot;}\" data-image-title=\"IMG-20250815-WA0138\" data-image-description=\"\" data-image-caption=\"\" data-medium-file=\"https:\/\/www.paudalho.pe.gov.br\/portal\/wp-content\/uploads\/2025\/08\/IMG-20250815-WA0138-350x230.jpg\" data-large-file=\"https:\/\/www.paudalho.pe.gov.br\/portal\/wp-content\/uploads\/2025\/08\/IMG-20250815-WA0138-800x450.jpg\" data-id=\"36779\" src=\"https:\/\/www.paudalho.pe.gov.br\/portal\/wp-content\/uploads\/2025\/08\/IMG-20250815-WA0138-800x450.jpg\" alt=\"\" class=\"wp-image-36779\"\/><\/figure>\n\n\n\n<figure class=\"wp-block-image size-large\"><img loading=\"lazy\" decoding=\"async\" width=\"800\" height=\"450\" data-attachment-id=\"36781\" data-permalink=\"https:\/\/www.paudalho.pe.gov.br\/portal\/prefeitura-de-paudalho-promove-mes-dos-povos-originarios-com-visitas-da-tribo-fulni-o-as-escolas-municipais\/img-20250815-wa0139\/\" data-orig-file=\"https:\/\/www.paudalho.pe.gov.br\/portal\/wp-content\/uploads\/2025\/08\/IMG-20250815-WA0139-scaled.jpg\" data-orig-size=\"2560,1920\" data-comments-opened=\"1\" data-image-meta=\"{&quot;aperture&quot;:&quot;0&quot;,&quot;credit&quot;:&quot;&quot;,&quot;camera&quot;:&quot;&quot;,&quot;caption&quot;:&quot;&quot;,&quot;created_timestamp&quot;:&quot;0&quot;,&quot;copyright&quot;:&quot;&quot;,&quot;focal_length&quot;:&quot;0&quot;,&quot;iso&quot;:&quot;0&quot;,&quot;shutter_speed&quot;:&quot;0&quot;,&quot;title&quot;:&quot;&quot;,&quot;orientation&quot;:&quot;0&quot;}\" data-image-title=\"IMG-20250815-WA0139\" data-image-description=\"\" data-image-caption=\"\" data-medium-file=\"https:\/\/www.paudalho.pe.gov.br\/portal\/wp-content\/uploads\/2025\/08\/IMG-20250815-WA0139-350x230.jpg\" data-large-file=\"https:\/\/www.paudalho.pe.gov.br\/portal\/wp-content\/uploads\/2025\/08\/IMG-20250815-WA0139-800x450.jpg\" data-id=\"36781\" src=\"https:\/\/www.paudalho.pe.gov.br\/portal\/wp-content\/uploads\/2025\/08\/IMG-20250815-WA0139-800x450.jpg\" alt=\"\" class=\"wp-image-36781\"\/><\/figure>\n\n\n\n<figure class=\"wp-block-image size-large\"><img loading=\"lazy\" decoding=\"async\" width=\"800\" height=\"450\" data-attachment-id=\"36782\" data-permalink=\"https:\/\/www.paudalho.pe.gov.br\/portal\/prefeitura-de-paudalho-promove-mes-dos-povos-originarios-com-visitas-da-tribo-fulni-o-as-escolas-municipais\/img-20250815-wa0134\/\" data-orig-file=\"https:\/\/www.paudalho.pe.gov.br\/portal\/wp-content\/uploads\/2025\/08\/IMG-20250815-WA0134.jpg\" data-orig-size=\"1600,900\" data-comments-opened=\"1\" data-image-meta=\"{&quot;aperture&quot;:&quot;0&quot;,&quot;credit&quot;:&quot;&quot;,&quot;camera&quot;:&quot;&quot;,&quot;caption&quot;:&quot;&quot;,&quot;created_timestamp&quot;:&quot;0&quot;,&quot;copyright&quot;:&quot;&quot;,&quot;focal_length&quot;:&quot;0&quot;,&quot;iso&quot;:&quot;0&quot;,&quot;shutter_speed&quot;:&quot;0&quot;,&quot;title&quot;:&quot;&quot;,&quot;orientation&quot;:&quot;0&quot;}\" data-image-title=\"IMG-20250815-WA0134\" data-image-description=\"\" data-image-caption=\"\" data-medium-file=\"https:\/\/www.paudalho.pe.gov.br\/portal\/wp-content\/uploads\/2025\/08\/IMG-20250815-WA0134-350x230.jpg\" data-large-file=\"https:\/\/www.paudalho.pe.gov.br\/portal\/wp-content\/uploads\/2025\/08\/IMG-20250815-WA0134-800x450.jpg\" data-id=\"36782\" src=\"https:\/\/www.paudalho.pe.gov.br\/portal\/wp-content\/uploads\/2025\/08\/IMG-20250815-WA0134-800x450.jpg\" alt=\"\" class=\"wp-image-36782\" srcset=\"https:\/\/www.paudalho.pe.gov.br\/portal\/wp-content\/uploads\/2025\/08\/IMG-20250815-WA0134-800x450.jpg 800w, https:\/\/www.paudalho.pe.gov.br\/portal\/wp-content\/uploads\/2025\/08\/IMG-20250815-WA0134-768x432.jpg 768w, https:\/\/www.paudalho.pe.gov.br\/portal\/wp-content\/uploads\/2025\/08\/IMG-20250815-WA0134-1536x864.jpg 1536w, https:\/\/www.paudalho.pe.gov.br\/portal\/wp-content\/uploads\/2025\/08\/IMG-20250815-WA0134.jpg 1600w\" sizes=\"auto, (max-width: 800px) 100vw, 800px\" \/><\/figure>\n\n\n\n<figure class=\"wp-block-image size-large\"><img loading=\"lazy\" decoding=\"async\" width=\"800\" height=\"450\" data-attachment-id=\"36783\" data-permalink=\"https:\/\/www.paudalho.pe.gov.br\/portal\/prefeitura-de-paudalho-promove-mes-dos-povos-originarios-com-visitas-da-tribo-fulni-o-as-escolas-municipais\/img-20250815-wa0136\/\" data-orig-file=\"https:\/\/www.paudalho.pe.gov.br\/portal\/wp-content\/uploads\/2025\/08\/IMG-20250815-WA0136-scaled.jpg\" data-orig-size=\"2560,1920\" data-comments-opened=\"1\" data-image-meta=\"{&quot;aperture&quot;:&quot;0&quot;,&quot;credit&quot;:&quot;&quot;,&quot;camera&quot;:&quot;&quot;,&quot;caption&quot;:&quot;&quot;,&quot;created_timestamp&quot;:&quot;0&quot;,&quot;copyright&quot;:&quot;&quot;,&quot;focal_length&quot;:&quot;0&quot;,&quot;iso&quot;:&quot;0&quot;,&quot;shutter_speed&quot;:&quot;0&quot;,&quot;title&quot;:&quot;&quot;,&quot;orientation&quot;:&quot;0&quot;}\" data-image-title=\"IMG-20250815-WA0136\" data-image-description=\"\" data-image-caption=\"\" data-medium-file=\"https:\/\/www.paudalho.pe.gov.br\/portal\/wp-content\/uploads\/2025\/08\/IMG-20250815-WA0136-350x230.jpg\" data-large-file=\"https:\/\/www.paudalho.pe.gov.br\/portal\/wp-content\/uploads\/2025\/08\/IMG-20250815-WA0136-800x450.jpg\" data-id=\"36783\" src=\"https:\/\/www.paudalho.pe.gov.br\/portal\/wp-content\/uploads\/2025\/08\/IMG-20250815-WA0136-800x450.jpg\" alt=\"\" class=\"wp-image-36783\"\/><\/figure>\n\n\n\n<figure class=\"wp-block-image size-large\"><img loading=\"lazy\" decoding=\"async\" width=\"800\" height=\"450\" data-attachment-id=\"36784\" data-permalink=\"https:\/\/www.paudalho.pe.gov.br\/portal\/prefeitura-de-paudalho-promove-mes-dos-povos-originarios-com-visitas-da-tribo-fulni-o-as-escolas-municipais\/img-20250815-wa0132\/\" data-orig-file=\"https:\/\/www.paudalho.pe.gov.br\/portal\/wp-content\/uploads\/2025\/08\/IMG-20250815-WA0132.jpg\" data-orig-size=\"900,1600\" data-comments-opened=\"1\" data-image-meta=\"{&quot;aperture&quot;:&quot;0&quot;,&quot;credit&quot;:&quot;&quot;,&quot;camera&quot;:&quot;&quot;,&quot;caption&quot;:&quot;&quot;,&quot;created_timestamp&quot;:&quot;0&quot;,&quot;copyright&quot;:&quot;&quot;,&quot;focal_length&quot;:&quot;0&quot;,&quot;iso&quot;:&quot;0&quot;,&quot;shutter_speed&quot;:&quot;0&quot;,&quot;title&quot;:&quot;&quot;,&quot;orientation&quot;:&quot;0&quot;}\" data-image-title=\"IMG-20250815-WA0132\" data-image-description=\"\" data-image-caption=\"\" data-medium-file=\"https:\/\/www.paudalho.pe.gov.br\/portal\/wp-content\/uploads\/2025\/08\/IMG-20250815-WA0132-350x230.jpg\" data-large-file=\"https:\/\/www.paudalho.pe.gov.br\/portal\/wp-content\/uploads\/2025\/08\/IMG-20250815-WA0132-800x450.jpg\" data-id=\"36784\" src=\"https:\/\/www.paudalho.pe.gov.br\/portal\/wp-content\/uploads\/2025\/08\/IMG-20250815-WA0132-800x450.jpg\" alt=\"\" class=\"wp-image-36784\"\/><\/figure>\n\n\n\n<figure class=\"wp-block-image size-large\"><img loading=\"lazy\" decoding=\"async\" width=\"800\" height=\"450\" data-attachment-id=\"36785\" data-permalink=\"https:\/\/www.paudalho.pe.gov.br\/portal\/prefeitura-de-paudalho-promove-mes-dos-povos-originarios-com-visitas-da-tribo-fulni-o-as-escolas-municipais\/img-20250815-wa0133\/\" data-orig-file=\"https:\/\/www.paudalho.pe.gov.br\/portal\/wp-content\/uploads\/2025\/08\/IMG-20250815-WA0133-scaled.jpg\" data-orig-size=\"2560,1920\" data-comments-opened=\"1\" data-image-meta=\"{&quot;aperture&quot;:&quot;0&quot;,&quot;credit&quot;:&quot;&quot;,&quot;camera&quot;:&quot;&quot;,&quot;caption&quot;:&quot;&quot;,&quot;created_timestamp&quot;:&quot;0&quot;,&quot;copyright&quot;:&quot;&quot;,&quot;focal_length&quot;:&quot;0&quot;,&quot;iso&quot;:&quot;0&quot;,&quot;shutter_speed&quot;:&quot;0&quot;,&quot;title&quot;:&quot;&quot;,&quot;orientation&quot;:&quot;0&quot;}\" data-image-title=\"IMG-20250815-WA0133\" data-image-description=\"\" data-image-caption=\"\" data-medium-file=\"https:\/\/www.paudalho.pe.gov.br\/portal\/wp-content\/uploads\/2025\/08\/IMG-20250815-WA0133-350x230.jpg\" data-large-file=\"https:\/\/www.paudalho.pe.gov.br\/portal\/wp-content\/uploads\/2025\/08\/IMG-20250815-WA0133-800x450.jpg\" data-id=\"36785\" src=\"https:\/\/www.paudalho.pe.gov.br\/portal\/wp-content\/uploads\/2025\/08\/IMG-20250815-WA0133-800x450.jpg\" alt=\"\" class=\"wp-image-36785\"\/><\/figure>\n\n\n\n<figure class=\"wp-block-image size-large\"><img loading=\"lazy\" decoding=\"async\" width=\"800\" height=\"450\" data-attachment-id=\"36786\" data-permalink=\"https:\/\/www.paudalho.pe.gov.br\/portal\/prefeitura-de-paudalho-promove-mes-dos-povos-originarios-com-visitas-da-tribo-fulni-o-as-escolas-municipais\/img-20250815-wa0135\/\" data-orig-file=\"https:\/\/www.paudalho.pe.gov.br\/portal\/wp-content\/uploads\/2025\/08\/IMG-20250815-WA0135.jpg\" data-orig-size=\"1600,900\" data-comments-opened=\"1\" data-image-meta=\"{&quot;aperture&quot;:&quot;0&quot;,&quot;credit&quot;:&quot;&quot;,&quot;camera&quot;:&quot;&quot;,&quot;caption&quot;:&quot;&quot;,&quot;created_timestamp&quot;:&quot;0&quot;,&quot;copyright&quot;:&quot;&quot;,&quot;focal_length&quot;:&quot;0&quot;,&quot;iso&quot;:&quot;0&quot;,&quot;shutter_speed&quot;:&quot;0&quot;,&quot;title&quot;:&quot;&quot;,&quot;orientation&quot;:&quot;0&quot;}\" data-image-title=\"IMG-20250815-WA0135\" data-image-description=\"\" data-image-caption=\"\" data-medium-file=\"https:\/\/www.paudalho.pe.gov.br\/portal\/wp-content\/uploads\/2025\/08\/IMG-20250815-WA0135-350x230.jpg\" data-large-file=\"https:\/\/www.paudalho.pe.gov.br\/portal\/wp-content\/uploads\/2025\/08\/IMG-20250815-WA0135-800x450.jpg\" data-id=\"36786\" src=\"https:\/\/www.paudalho.pe.gov.br\/portal\/wp-content\/uploads\/2025\/08\/IMG-20250815-WA0135-800x450.jpg\" alt=\"\" class=\"wp-image-36786\" srcset=\"https:\/\/www.paudalho.pe.gov.br\/portal\/wp-content\/uploads\/2025\/08\/IMG-20250815-WA0135-800x450.jpg 800w, https:\/\/www.paudalho.pe.gov.br\/portal\/wp-content\/uploads\/2025\/08\/IMG-20250815-WA0135-768x432.jpg 768w, https:\/\/www.paudalho.pe.gov.br\/portal\/wp-content\/uploads\/2025\/08\/IMG-20250815-WA0135-1536x864.jpg 1536w, https:\/\/www.paudalho.pe.gov.br\/portal\/wp-content\/uploads\/2025\/08\/IMG-20250815-WA0135.jpg 1600w\" sizes=\"auto, (max-width: 800px) 100vw, 800px\" \/><\/figure>\n<\/figure>\n","protected":false},"excerpt":{"rendered":"<p>A Prefeitura do Paudalho, por meio da Secretaria Municipal de Educa\u00e7\u00e3o e Juventude, atrav\u00e9s da Ger\u00eancia de Desenvolvimento da Educa\u00e7\u00e3o, realiza uma programa\u00e7\u00e3o especial em celebra\u00e7\u00e3o ao M\u00eas dos Povos Origin\u00e1rios. De 28 a 30 de abril, estudantes da rede municipal est\u00e3o tendo a oportunidade de vivenciar de perto a cultura da Tribo Fulni-\u00f4, que [&hellip;]<\/p>\n","protected":false},"author":17,"featured_media":36775,"comment_status":"open","ping_status":"open","sticky":false,"template":"","format":"standard","meta":{"_jetpack_newsletter_access":"","_jetpack_dont_email_post_to_subs":false,"_jetpack_newsletter_tier_id":0,"_jetpack_memberships_contains_paywalled_content":false,"_jetpack_memberships_contains_paid_content":false,"footnotes":""},"categories":[520,1],"tags":[],"class_list":["post-36772","post","type-post","status-publish","format-standard","has-post-thumbnail","hentry","category-educacao-2","category-noticias"],"jetpack_featured_media_url":"https:\/\/www.paudalho.pe.gov.br\/portal\/wp-content\/uploads\/2025\/08\/IMG-20250815-WA0144-scaled.jpg","jetpack_sharing_enabled":true,"jetpack_shortlink":"https:\/\/wp.me\/p98mS2-9z6","_links":{"self":[{"href":"https:\/\/www.paudalho.pe.gov.br\/portal\/wp-json\/wp\/v2\/posts\/36772","targetHints":{"allow":["GET"]}}],"collection":[{"href":"https:\/\/www.paudalho.pe.gov.br\/portal\/wp-json\/wp\/v2\/posts"}],"about":[{"href":"https:\/\/www.paudalho.pe.gov.br\/portal\/wp-json\/wp\/v2\/types\/post"}],"author":[{"embeddable":true,"href":"https:\/\/www.paudalho.pe.gov.br\/portal\/wp-json\/wp\/v2\/users\/17"}],"replies":[{"embeddable":true,"href":"https:\/\/www.paudalho.pe.gov.br\/portal\/wp-json\/wp\/v2\/comments?post=36772"}],"version-history":[{"count":1,"href":"https:\/\/www.paudalho.pe.gov.br\/portal\/wp-json\/wp\/v2\/posts\/36772\/revisions"}],"predecessor-version":[{"id":36787,"href":"https:\/\/www.paudalho.pe.gov.br\/portal\/wp-json\/wp\/v2\/posts\/36772\/revisions\/36787"}],"wp:featuredmedia":[{"embeddable":true,"href":"https:\/\/www.paudalho.pe.gov.br\/portal\/wp-json\/wp\/v2\/media\/36775"}],"wp:attachment":[{"href":"https:\/\/www.paudalho.pe.gov.br\/portal\/wp-json\/wp\/v2\/media?parent=36772"}],"wp:term":[{"taxonomy":"category","embeddable":true,"href":"https:\/\/www.paudalho.pe.gov.br\/portal\/wp-json\/wp\/v2\/categories?post=36772"},{"taxonomy":"post_tag","embeddable":true,"href":"https:\/\/www.paudalho.pe.gov.br\/portal\/wp-json\/wp\/v2\/tags?post=36772"}],"curies":[{"name":"wp","href":"https:\/\/api.w.org\/{rel}","templated":true}]}}