{"id":36721,"date":"2025-08-15T12:06:03","date_gmt":"2025-08-15T15:06:03","guid":{"rendered":"https:\/\/www.paudalho.pe.gov.br\/portal\/?p=36721"},"modified":"2025-08-15T12:09:31","modified_gmt":"2025-08-15T15:09:31","slug":"vi-jornada-do-patrimonio-cultural-segue-movimentando-escolas-da-rede-municipal-de-ensino-de-paudalho","status":"publish","type":"post","link":"https:\/\/www.paudalho.pe.gov.br\/portal\/vi-jornada-do-patrimonio-cultural-segue-movimentando-escolas-da-rede-municipal-de-ensino-de-paudalho\/","title":{"rendered":"VI Jornada do Patrim\u00f4nio Cultural segue movimentando escolas da Rede Municipal de Ensino de Paudalho"},"content":{"rendered":"\n<p>A programa\u00e7\u00e3o da VI Jornada do Patrim\u00f4nio Cultural em Paudalho, nesta quinta-feira (14), segue levando conhecimento e valoriza\u00e7\u00e3o da hist\u00f3ria local para estudantes da Rede Municipal de Ensino. A iniciativa tem como objetivo incentivar o reconhecimento e a preserva\u00e7\u00e3o dos bens materiais e imateriais que comp\u00f5em a identidade cultural do munic\u00edpio.<\/p>\n\n\n\n<p>Na Escola Municipal Jo\u00e3o Francisco Bezerra, no bairro da Primavera, os alunos iniciaram as atividades recriando instrumentos musicais com materiais recicl\u00e1veis. Em seguida, participaram da palestra \u201cConhecendo o Maestro Pereirinha \u2013 o L\u00edder da M\u00fasica\u201d.<\/p>\n\n\n\n<p>Ainda na Primavera, a Escola Municipal Prefeito Herculano Bandeira homenageou o artista Rosimar Lima, enquanto a Escola Municipal S\u00e3o Bernardo apresentou um trabalho sobre a romaria de S\u00e3o Severino do Ramos, um dos maiores eventos religiosos da regi\u00e3o. J\u00e1 na Escola Municipal Samap, o tema foi \u201cRa\u00edzes e Devo\u00e7\u00e3o: Hist\u00f3ria e F\u00e9 da Capela M\u00e3e Rainha\u201d.<\/p>\n\n\n\n<p>No bairro Alto Dois Irm\u00e3os, a EREM Confedera\u00e7\u00e3o do Equador abordou a tem\u00e1tica \u201cChamas da Liberdade \u2013 A Revolu\u00e7\u00e3o de Frei Caneca\u201d, destacando a trajet\u00f3ria do l\u00edder da Confedera\u00e7\u00e3o do Equador, importante movimento republicano da hist\u00f3ria do Brasil.<\/p>\n\n\n\n<p>A VI Jornada do Patrim\u00f4nio Cultural segue com atividades que unem hist\u00f3ria, arte e mem\u00f3ria, refor\u00e7ando o sentimento de pertencimento e a valoriza\u00e7\u00e3o da cultura paudalhense.<\/p>\n\n\n\n<figure class=\"wp-block-gallery has-nested-images columns-default is-cropped wp-block-gallery-1 is-layout-flex wp-block-gallery-is-layout-flex\">\n<figure class=\"wp-block-image size-large\"><img loading=\"lazy\" decoding=\"async\" width=\"800\" height=\"450\" data-attachment-id=\"36722\" data-permalink=\"https:\/\/www.paudalho.pe.gov.br\/portal\/vi-jornada-do-patrimonio-cultural-segue-movimentando-escolas-da-rede-municipal-de-ensino-de-paudalho\/img-20250815-wa0050\/\" data-orig-file=\"https:\/\/www.paudalho.pe.gov.br\/portal\/wp-content\/uploads\/2025\/08\/IMG-20250815-WA0050.jpg\" data-orig-size=\"1280,960\" data-comments-opened=\"1\" data-image-meta=\"{&quot;aperture&quot;:&quot;0&quot;,&quot;credit&quot;:&quot;&quot;,&quot;camera&quot;:&quot;&quot;,&quot;caption&quot;:&quot;&quot;,&quot;created_timestamp&quot;:&quot;0&quot;,&quot;copyright&quot;:&quot;&quot;,&quot;focal_length&quot;:&quot;0&quot;,&quot;iso&quot;:&quot;0&quot;,&quot;shutter_speed&quot;:&quot;0&quot;,&quot;title&quot;:&quot;&quot;,&quot;orientation&quot;:&quot;0&quot;}\" data-image-title=\"IMG-20250815-WA0050\" data-image-description=\"\" data-image-caption=\"\" data-medium-file=\"https:\/\/www.paudalho.pe.gov.br\/portal\/wp-content\/uploads\/2025\/08\/IMG-20250815-WA0050-350x230.jpg\" data-large-file=\"https:\/\/www.paudalho.pe.gov.br\/portal\/wp-content\/uploads\/2025\/08\/IMG-20250815-WA0050-800x450.jpg\" data-id=\"36722\" src=\"https:\/\/www.paudalho.pe.gov.br\/portal\/wp-content\/uploads\/2025\/08\/IMG-20250815-WA0050-800x450.jpg\" alt=\"\" class=\"wp-image-36722\"\/><\/figure>\n\n\n\n<figure class=\"wp-block-image size-large\"><img loading=\"lazy\" decoding=\"async\" width=\"800\" height=\"450\" data-attachment-id=\"36727\" data-permalink=\"https:\/\/www.paudalho.pe.gov.br\/portal\/vi-jornada-do-patrimonio-cultural-segue-movimentando-escolas-da-rede-municipal-de-ensino-de-paudalho\/img-20250815-wa0051\/\" data-orig-file=\"https:\/\/www.paudalho.pe.gov.br\/portal\/wp-content\/uploads\/2025\/08\/IMG-20250815-WA0051.jpg\" data-orig-size=\"1280,960\" data-comments-opened=\"1\" data-image-meta=\"{&quot;aperture&quot;:&quot;0&quot;,&quot;credit&quot;:&quot;&quot;,&quot;camera&quot;:&quot;&quot;,&quot;caption&quot;:&quot;&quot;,&quot;created_timestamp&quot;:&quot;0&quot;,&quot;copyright&quot;:&quot;&quot;,&quot;focal_length&quot;:&quot;0&quot;,&quot;iso&quot;:&quot;0&quot;,&quot;shutter_speed&quot;:&quot;0&quot;,&quot;title&quot;:&quot;&quot;,&quot;orientation&quot;:&quot;0&quot;}\" data-image-title=\"IMG-20250815-WA0051\" data-image-description=\"\" data-image-caption=\"\" data-medium-file=\"https:\/\/www.paudalho.pe.gov.br\/portal\/wp-content\/uploads\/2025\/08\/IMG-20250815-WA0051-350x230.jpg\" data-large-file=\"https:\/\/www.paudalho.pe.gov.br\/portal\/wp-content\/uploads\/2025\/08\/IMG-20250815-WA0051-800x450.jpg\" data-id=\"36727\" src=\"https:\/\/www.paudalho.pe.gov.br\/portal\/wp-content\/uploads\/2025\/08\/IMG-20250815-WA0051-800x450.jpg\" alt=\"\" class=\"wp-image-36727\"\/><\/figure>\n\n\n\n<figure class=\"wp-block-image size-large\"><img loading=\"lazy\" decoding=\"async\" width=\"800\" height=\"450\" data-attachment-id=\"36723\" data-permalink=\"https:\/\/www.paudalho.pe.gov.br\/portal\/vi-jornada-do-patrimonio-cultural-segue-movimentando-escolas-da-rede-municipal-de-ensino-de-paudalho\/img-20250815-wa0048\/\" data-orig-file=\"https:\/\/www.paudalho.pe.gov.br\/portal\/wp-content\/uploads\/2025\/08\/IMG-20250815-WA0048.jpg\" data-orig-size=\"1280,960\" data-comments-opened=\"1\" data-image-meta=\"{&quot;aperture&quot;:&quot;0&quot;,&quot;credit&quot;:&quot;&quot;,&quot;camera&quot;:&quot;&quot;,&quot;caption&quot;:&quot;&quot;,&quot;created_timestamp&quot;:&quot;0&quot;,&quot;copyright&quot;:&quot;&quot;,&quot;focal_length&quot;:&quot;0&quot;,&quot;iso&quot;:&quot;0&quot;,&quot;shutter_speed&quot;:&quot;0&quot;,&quot;title&quot;:&quot;&quot;,&quot;orientation&quot;:&quot;0&quot;}\" data-image-title=\"IMG-20250815-WA0048\" data-image-description=\"\" data-image-caption=\"\" data-medium-file=\"https:\/\/www.paudalho.pe.gov.br\/portal\/wp-content\/uploads\/2025\/08\/IMG-20250815-WA0048-350x230.jpg\" data-large-file=\"https:\/\/www.paudalho.pe.gov.br\/portal\/wp-content\/uploads\/2025\/08\/IMG-20250815-WA0048-800x450.jpg\" data-id=\"36723\" src=\"https:\/\/www.paudalho.pe.gov.br\/portal\/wp-content\/uploads\/2025\/08\/IMG-20250815-WA0048-800x450.jpg\" alt=\"\" class=\"wp-image-36723\"\/><\/figure>\n\n\n\n<figure class=\"wp-block-image size-large\"><img loading=\"lazy\" decoding=\"async\" width=\"800\" height=\"450\" data-attachment-id=\"36725\" data-permalink=\"https:\/\/www.paudalho.pe.gov.br\/portal\/vi-jornada-do-patrimonio-cultural-segue-movimentando-escolas-da-rede-municipal-de-ensino-de-paudalho\/img-20250815-wa0049\/\" data-orig-file=\"https:\/\/www.paudalho.pe.gov.br\/portal\/wp-content\/uploads\/2025\/08\/IMG-20250815-WA0049.jpg\" data-orig-size=\"1280,960\" data-comments-opened=\"1\" data-image-meta=\"{&quot;aperture&quot;:&quot;0&quot;,&quot;credit&quot;:&quot;&quot;,&quot;camera&quot;:&quot;&quot;,&quot;caption&quot;:&quot;&quot;,&quot;created_timestamp&quot;:&quot;0&quot;,&quot;copyright&quot;:&quot;&quot;,&quot;focal_length&quot;:&quot;0&quot;,&quot;iso&quot;:&quot;0&quot;,&quot;shutter_speed&quot;:&quot;0&quot;,&quot;title&quot;:&quot;&quot;,&quot;orientation&quot;:&quot;0&quot;}\" data-image-title=\"IMG-20250815-WA0049\" data-image-description=\"\" data-image-caption=\"\" data-medium-file=\"https:\/\/www.paudalho.pe.gov.br\/portal\/wp-content\/uploads\/2025\/08\/IMG-20250815-WA0049-350x230.jpg\" data-large-file=\"https:\/\/www.paudalho.pe.gov.br\/portal\/wp-content\/uploads\/2025\/08\/IMG-20250815-WA0049-800x450.jpg\" data-id=\"36725\" src=\"https:\/\/www.paudalho.pe.gov.br\/portal\/wp-content\/uploads\/2025\/08\/IMG-20250815-WA0049-800x450.jpg\" alt=\"\" class=\"wp-image-36725\"\/><\/figure>\n\n\n\n<figure class=\"wp-block-image size-large\"><img loading=\"lazy\" decoding=\"async\" width=\"800\" height=\"450\" data-attachment-id=\"36726\" data-permalink=\"https:\/\/www.paudalho.pe.gov.br\/portal\/vi-jornada-do-patrimonio-cultural-segue-movimentando-escolas-da-rede-municipal-de-ensino-de-paudalho\/img-20250815-wa0047\/\" data-orig-file=\"https:\/\/www.paudalho.pe.gov.br\/portal\/wp-content\/uploads\/2025\/08\/IMG-20250815-WA0047.jpg\" data-orig-size=\"1280,960\" data-comments-opened=\"1\" data-image-meta=\"{&quot;aperture&quot;:&quot;0&quot;,&quot;credit&quot;:&quot;&quot;,&quot;camera&quot;:&quot;&quot;,&quot;caption&quot;:&quot;&quot;,&quot;created_timestamp&quot;:&quot;0&quot;,&quot;copyright&quot;:&quot;&quot;,&quot;focal_length&quot;:&quot;0&quot;,&quot;iso&quot;:&quot;0&quot;,&quot;shutter_speed&quot;:&quot;0&quot;,&quot;title&quot;:&quot;&quot;,&quot;orientation&quot;:&quot;0&quot;}\" data-image-title=\"IMG-20250815-WA0047\" data-image-description=\"\" data-image-caption=\"\" data-medium-file=\"https:\/\/www.paudalho.pe.gov.br\/portal\/wp-content\/uploads\/2025\/08\/IMG-20250815-WA0047-350x230.jpg\" data-large-file=\"https:\/\/www.paudalho.pe.gov.br\/portal\/wp-content\/uploads\/2025\/08\/IMG-20250815-WA0047-800x450.jpg\" data-id=\"36726\" src=\"https:\/\/www.paudalho.pe.gov.br\/portal\/wp-content\/uploads\/2025\/08\/IMG-20250815-WA0047-800x450.jpg\" alt=\"\" class=\"wp-image-36726\"\/><\/figure>\n\n\n\n<figure class=\"wp-block-image size-large\"><img loading=\"lazy\" decoding=\"async\" width=\"800\" height=\"450\" data-attachment-id=\"36724\" data-permalink=\"https:\/\/www.paudalho.pe.gov.br\/portal\/vi-jornada-do-patrimonio-cultural-segue-movimentando-escolas-da-rede-municipal-de-ensino-de-paudalho\/img-20250815-wa0052\/\" data-orig-file=\"https:\/\/www.paudalho.pe.gov.br\/portal\/wp-content\/uploads\/2025\/08\/IMG-20250815-WA0052.jpg\" data-orig-size=\"1280,960\" data-comments-opened=\"1\" data-image-meta=\"{&quot;aperture&quot;:&quot;0&quot;,&quot;credit&quot;:&quot;&quot;,&quot;camera&quot;:&quot;&quot;,&quot;caption&quot;:&quot;&quot;,&quot;created_timestamp&quot;:&quot;0&quot;,&quot;copyright&quot;:&quot;&quot;,&quot;focal_length&quot;:&quot;0&quot;,&quot;iso&quot;:&quot;0&quot;,&quot;shutter_speed&quot;:&quot;0&quot;,&quot;title&quot;:&quot;&quot;,&quot;orientation&quot;:&quot;0&quot;}\" data-image-title=\"IMG-20250815-WA0052\" data-image-description=\"\" data-image-caption=\"\" data-medium-file=\"https:\/\/www.paudalho.pe.gov.br\/portal\/wp-content\/uploads\/2025\/08\/IMG-20250815-WA0052-350x230.jpg\" data-large-file=\"https:\/\/www.paudalho.pe.gov.br\/portal\/wp-content\/uploads\/2025\/08\/IMG-20250815-WA0052-800x450.jpg\" data-id=\"36724\" src=\"https:\/\/www.paudalho.pe.gov.br\/portal\/wp-content\/uploads\/2025\/08\/IMG-20250815-WA0052-800x450.jpg\" alt=\"\" class=\"wp-image-36724\"\/><\/figure>\n\n\n\n<figure class=\"wp-block-image size-large\"><img loading=\"lazy\" decoding=\"async\" width=\"800\" height=\"450\" data-attachment-id=\"36728\" data-permalink=\"https:\/\/www.paudalho.pe.gov.br\/portal\/vi-jornada-do-patrimonio-cultural-segue-movimentando-escolas-da-rede-municipal-de-ensino-de-paudalho\/img-20250815-wa0043\/\" data-orig-file=\"https:\/\/www.paudalho.pe.gov.br\/portal\/wp-content\/uploads\/2025\/08\/IMG-20250815-WA0043.jpg\" data-orig-size=\"1280,960\" data-comments-opened=\"1\" data-image-meta=\"{&quot;aperture&quot;:&quot;0&quot;,&quot;credit&quot;:&quot;&quot;,&quot;camera&quot;:&quot;&quot;,&quot;caption&quot;:&quot;&quot;,&quot;created_timestamp&quot;:&quot;0&quot;,&quot;copyright&quot;:&quot;&quot;,&quot;focal_length&quot;:&quot;0&quot;,&quot;iso&quot;:&quot;0&quot;,&quot;shutter_speed&quot;:&quot;0&quot;,&quot;title&quot;:&quot;&quot;,&quot;orientation&quot;:&quot;0&quot;}\" data-image-title=\"IMG-20250815-WA0043\" data-image-description=\"\" data-image-caption=\"\" data-medium-file=\"https:\/\/www.paudalho.pe.gov.br\/portal\/wp-content\/uploads\/2025\/08\/IMG-20250815-WA0043-350x230.jpg\" data-large-file=\"https:\/\/www.paudalho.pe.gov.br\/portal\/wp-content\/uploads\/2025\/08\/IMG-20250815-WA0043-800x450.jpg\" data-id=\"36728\" src=\"https:\/\/www.paudalho.pe.gov.br\/portal\/wp-content\/uploads\/2025\/08\/IMG-20250815-WA0043-800x450.jpg\" alt=\"\" class=\"wp-image-36728\"\/><\/figure>\n\n\n\n<figure class=\"wp-block-image size-large\"><img loading=\"lazy\" decoding=\"async\" width=\"800\" height=\"450\" data-attachment-id=\"36729\" data-permalink=\"https:\/\/www.paudalho.pe.gov.br\/portal\/vi-jornada-do-patrimonio-cultural-segue-movimentando-escolas-da-rede-municipal-de-ensino-de-paudalho\/img-20250815-wa0044\/\" data-orig-file=\"https:\/\/www.paudalho.pe.gov.br\/portal\/wp-content\/uploads\/2025\/08\/IMG-20250815-WA0044.jpg\" data-orig-size=\"1280,960\" data-comments-opened=\"1\" data-image-meta=\"{&quot;aperture&quot;:&quot;0&quot;,&quot;credit&quot;:&quot;&quot;,&quot;camera&quot;:&quot;&quot;,&quot;caption&quot;:&quot;&quot;,&quot;created_timestamp&quot;:&quot;0&quot;,&quot;copyright&quot;:&quot;&quot;,&quot;focal_length&quot;:&quot;0&quot;,&quot;iso&quot;:&quot;0&quot;,&quot;shutter_speed&quot;:&quot;0&quot;,&quot;title&quot;:&quot;&quot;,&quot;orientation&quot;:&quot;0&quot;}\" data-image-title=\"IMG-20250815-WA0044\" data-image-description=\"\" data-image-caption=\"\" data-medium-file=\"https:\/\/www.paudalho.pe.gov.br\/portal\/wp-content\/uploads\/2025\/08\/IMG-20250815-WA0044-350x230.jpg\" data-large-file=\"https:\/\/www.paudalho.pe.gov.br\/portal\/wp-content\/uploads\/2025\/08\/IMG-20250815-WA0044-800x450.jpg\" data-id=\"36729\" src=\"https:\/\/www.paudalho.pe.gov.br\/portal\/wp-content\/uploads\/2025\/08\/IMG-20250815-WA0044-800x450.jpg\" alt=\"\" class=\"wp-image-36729\"\/><\/figure>\n\n\n\n<figure class=\"wp-block-image size-large\"><img loading=\"lazy\" decoding=\"async\" width=\"800\" height=\"450\" data-attachment-id=\"36730\" data-permalink=\"https:\/\/www.paudalho.pe.gov.br\/portal\/vi-jornada-do-patrimonio-cultural-segue-movimentando-escolas-da-rede-municipal-de-ensino-de-paudalho\/img-20250815-wa0045\/\" data-orig-file=\"https:\/\/www.paudalho.pe.gov.br\/portal\/wp-content\/uploads\/2025\/08\/IMG-20250815-WA0045.jpg\" data-orig-size=\"1280,960\" data-comments-opened=\"1\" data-image-meta=\"{&quot;aperture&quot;:&quot;0&quot;,&quot;credit&quot;:&quot;&quot;,&quot;camera&quot;:&quot;&quot;,&quot;caption&quot;:&quot;&quot;,&quot;created_timestamp&quot;:&quot;0&quot;,&quot;copyright&quot;:&quot;&quot;,&quot;focal_length&quot;:&quot;0&quot;,&quot;iso&quot;:&quot;0&quot;,&quot;shutter_speed&quot;:&quot;0&quot;,&quot;title&quot;:&quot;&quot;,&quot;orientation&quot;:&quot;0&quot;}\" data-image-title=\"IMG-20250815-WA0045\" data-image-description=\"\" data-image-caption=\"\" data-medium-file=\"https:\/\/www.paudalho.pe.gov.br\/portal\/wp-content\/uploads\/2025\/08\/IMG-20250815-WA0045-350x230.jpg\" data-large-file=\"https:\/\/www.paudalho.pe.gov.br\/portal\/wp-content\/uploads\/2025\/08\/IMG-20250815-WA0045-800x450.jpg\" data-id=\"36730\" src=\"https:\/\/www.paudalho.pe.gov.br\/portal\/wp-content\/uploads\/2025\/08\/IMG-20250815-WA0045-800x450.jpg\" alt=\"\" class=\"wp-image-36730\"\/><\/figure>\n\n\n\n<figure class=\"wp-block-image size-large\"><img loading=\"lazy\" decoding=\"async\" width=\"800\" height=\"450\" data-attachment-id=\"36731\" data-permalink=\"https:\/\/www.paudalho.pe.gov.br\/portal\/vi-jornada-do-patrimonio-cultural-segue-movimentando-escolas-da-rede-municipal-de-ensino-de-paudalho\/img-20250815-wa0041\/\" data-orig-file=\"https:\/\/www.paudalho.pe.gov.br\/portal\/wp-content\/uploads\/2025\/08\/IMG-20250815-WA0041.jpg\" data-orig-size=\"1280,960\" data-comments-opened=\"1\" data-image-meta=\"{&quot;aperture&quot;:&quot;0&quot;,&quot;credit&quot;:&quot;&quot;,&quot;camera&quot;:&quot;&quot;,&quot;caption&quot;:&quot;&quot;,&quot;created_timestamp&quot;:&quot;0&quot;,&quot;copyright&quot;:&quot;&quot;,&quot;focal_length&quot;:&quot;0&quot;,&quot;iso&quot;:&quot;0&quot;,&quot;shutter_speed&quot;:&quot;0&quot;,&quot;title&quot;:&quot;&quot;,&quot;orientation&quot;:&quot;0&quot;}\" data-image-title=\"IMG-20250815-WA0041\" data-image-description=\"\" data-image-caption=\"\" data-medium-file=\"https:\/\/www.paudalho.pe.gov.br\/portal\/wp-content\/uploads\/2025\/08\/IMG-20250815-WA0041-350x230.jpg\" data-large-file=\"https:\/\/www.paudalho.pe.gov.br\/portal\/wp-content\/uploads\/2025\/08\/IMG-20250815-WA0041-800x450.jpg\" data-id=\"36731\" src=\"https:\/\/www.paudalho.pe.gov.br\/portal\/wp-content\/uploads\/2025\/08\/IMG-20250815-WA0041-800x450.jpg\" alt=\"\" class=\"wp-image-36731\"\/><\/figure>\n\n\n\n<figure class=\"wp-block-image size-large\"><img loading=\"lazy\" decoding=\"async\" width=\"800\" height=\"450\" data-attachment-id=\"36732\" data-permalink=\"https:\/\/www.paudalho.pe.gov.br\/portal\/vi-jornada-do-patrimonio-cultural-segue-movimentando-escolas-da-rede-municipal-de-ensino-de-paudalho\/img-20250815-wa0046\/\" data-orig-file=\"https:\/\/www.paudalho.pe.gov.br\/portal\/wp-content\/uploads\/2025\/08\/IMG-20250815-WA0046.jpg\" data-orig-size=\"1280,960\" data-comments-opened=\"1\" data-image-meta=\"{&quot;aperture&quot;:&quot;0&quot;,&quot;credit&quot;:&quot;&quot;,&quot;camera&quot;:&quot;&quot;,&quot;caption&quot;:&quot;&quot;,&quot;created_timestamp&quot;:&quot;0&quot;,&quot;copyright&quot;:&quot;&quot;,&quot;focal_length&quot;:&quot;0&quot;,&quot;iso&quot;:&quot;0&quot;,&quot;shutter_speed&quot;:&quot;0&quot;,&quot;title&quot;:&quot;&quot;,&quot;orientation&quot;:&quot;0&quot;}\" data-image-title=\"IMG-20250815-WA0046\" data-image-description=\"\" data-image-caption=\"\" data-medium-file=\"https:\/\/www.paudalho.pe.gov.br\/portal\/wp-content\/uploads\/2025\/08\/IMG-20250815-WA0046-350x230.jpg\" data-large-file=\"https:\/\/www.paudalho.pe.gov.br\/portal\/wp-content\/uploads\/2025\/08\/IMG-20250815-WA0046-800x450.jpg\" data-id=\"36732\" src=\"https:\/\/www.paudalho.pe.gov.br\/portal\/wp-content\/uploads\/2025\/08\/IMG-20250815-WA0046-800x450.jpg\" alt=\"\" class=\"wp-image-36732\"\/><\/figure>\n\n\n\n<figure class=\"wp-block-image size-large\"><img loading=\"lazy\" decoding=\"async\" width=\"800\" height=\"450\" data-attachment-id=\"36733\" data-permalink=\"https:\/\/www.paudalho.pe.gov.br\/portal\/vi-jornada-do-patrimonio-cultural-segue-movimentando-escolas-da-rede-municipal-de-ensino-de-paudalho\/img-20250815-wa0038\/\" data-orig-file=\"https:\/\/www.paudalho.pe.gov.br\/portal\/wp-content\/uploads\/2025\/08\/IMG-20250815-WA0038.jpg\" data-orig-size=\"1280,960\" data-comments-opened=\"1\" data-image-meta=\"{&quot;aperture&quot;:&quot;0&quot;,&quot;credit&quot;:&quot;&quot;,&quot;camera&quot;:&quot;&quot;,&quot;caption&quot;:&quot;&quot;,&quot;created_timestamp&quot;:&quot;0&quot;,&quot;copyright&quot;:&quot;&quot;,&quot;focal_length&quot;:&quot;0&quot;,&quot;iso&quot;:&quot;0&quot;,&quot;shutter_speed&quot;:&quot;0&quot;,&quot;title&quot;:&quot;&quot;,&quot;orientation&quot;:&quot;0&quot;}\" data-image-title=\"IMG-20250815-WA0038\" data-image-description=\"\" data-image-caption=\"\" data-medium-file=\"https:\/\/www.paudalho.pe.gov.br\/portal\/wp-content\/uploads\/2025\/08\/IMG-20250815-WA0038-350x230.jpg\" data-large-file=\"https:\/\/www.paudalho.pe.gov.br\/portal\/wp-content\/uploads\/2025\/08\/IMG-20250815-WA0038-800x450.jpg\" data-id=\"36733\" src=\"https:\/\/www.paudalho.pe.gov.br\/portal\/wp-content\/uploads\/2025\/08\/IMG-20250815-WA0038-800x450.jpg\" alt=\"\" class=\"wp-image-36733\"\/><\/figure>\n\n\n\n<figure class=\"wp-block-image size-large\"><img loading=\"lazy\" decoding=\"async\" width=\"800\" height=\"450\" data-attachment-id=\"36734\" data-permalink=\"https:\/\/www.paudalho.pe.gov.br\/portal\/vi-jornada-do-patrimonio-cultural-segue-movimentando-escolas-da-rede-municipal-de-ensino-de-paudalho\/img-20250815-wa0039\/\" data-orig-file=\"https:\/\/www.paudalho.pe.gov.br\/portal\/wp-content\/uploads\/2025\/08\/IMG-20250815-WA0039.jpg\" data-orig-size=\"1280,960\" data-comments-opened=\"1\" data-image-meta=\"{&quot;aperture&quot;:&quot;0&quot;,&quot;credit&quot;:&quot;&quot;,&quot;camera&quot;:&quot;&quot;,&quot;caption&quot;:&quot;&quot;,&quot;created_timestamp&quot;:&quot;0&quot;,&quot;copyright&quot;:&quot;&quot;,&quot;focal_length&quot;:&quot;0&quot;,&quot;iso&quot;:&quot;0&quot;,&quot;shutter_speed&quot;:&quot;0&quot;,&quot;title&quot;:&quot;&quot;,&quot;orientation&quot;:&quot;0&quot;}\" data-image-title=\"IMG-20250815-WA0039\" data-image-description=\"\" data-image-caption=\"\" data-medium-file=\"https:\/\/www.paudalho.pe.gov.br\/portal\/wp-content\/uploads\/2025\/08\/IMG-20250815-WA0039-350x230.jpg\" data-large-file=\"https:\/\/www.paudalho.pe.gov.br\/portal\/wp-content\/uploads\/2025\/08\/IMG-20250815-WA0039-800x450.jpg\" data-id=\"36734\" src=\"https:\/\/www.paudalho.pe.gov.br\/portal\/wp-content\/uploads\/2025\/08\/IMG-20250815-WA0039-800x450.jpg\" alt=\"\" class=\"wp-image-36734\"\/><\/figure>\n\n\n\n<figure class=\"wp-block-image size-large\"><img loading=\"lazy\" decoding=\"async\" width=\"800\" height=\"450\" data-attachment-id=\"36737\" data-permalink=\"https:\/\/www.paudalho.pe.gov.br\/portal\/vi-jornada-do-patrimonio-cultural-segue-movimentando-escolas-da-rede-municipal-de-ensino-de-paudalho\/img-20250815-wa0040\/\" data-orig-file=\"https:\/\/www.paudalho.pe.gov.br\/portal\/wp-content\/uploads\/2025\/08\/IMG-20250815-WA0040.jpg\" data-orig-size=\"1280,960\" data-comments-opened=\"1\" data-image-meta=\"{&quot;aperture&quot;:&quot;0&quot;,&quot;credit&quot;:&quot;&quot;,&quot;camera&quot;:&quot;&quot;,&quot;caption&quot;:&quot;&quot;,&quot;created_timestamp&quot;:&quot;0&quot;,&quot;copyright&quot;:&quot;&quot;,&quot;focal_length&quot;:&quot;0&quot;,&quot;iso&quot;:&quot;0&quot;,&quot;shutter_speed&quot;:&quot;0&quot;,&quot;title&quot;:&quot;&quot;,&quot;orientation&quot;:&quot;0&quot;}\" data-image-title=\"IMG-20250815-WA0040\" data-image-description=\"\" data-image-caption=\"\" data-medium-file=\"https:\/\/www.paudalho.pe.gov.br\/portal\/wp-content\/uploads\/2025\/08\/IMG-20250815-WA0040-350x230.jpg\" data-large-file=\"https:\/\/www.paudalho.pe.gov.br\/portal\/wp-content\/uploads\/2025\/08\/IMG-20250815-WA0040-800x450.jpg\" data-id=\"36737\" src=\"https:\/\/www.paudalho.pe.gov.br\/portal\/wp-content\/uploads\/2025\/08\/IMG-20250815-WA0040-800x450.jpg\" alt=\"\" class=\"wp-image-36737\"\/><\/figure>\n\n\n\n<figure class=\"wp-block-image size-large\"><img loading=\"lazy\" decoding=\"async\" width=\"800\" height=\"450\" data-attachment-id=\"36736\" data-permalink=\"https:\/\/www.paudalho.pe.gov.br\/portal\/vi-jornada-do-patrimonio-cultural-segue-movimentando-escolas-da-rede-municipal-de-ensino-de-paudalho\/img-20250815-wa0037\/\" data-orig-file=\"https:\/\/www.paudalho.pe.gov.br\/portal\/wp-content\/uploads\/2025\/08\/IMG-20250815-WA0037.jpg\" data-orig-size=\"1280,960\" data-comments-opened=\"1\" data-image-meta=\"{&quot;aperture&quot;:&quot;0&quot;,&quot;credit&quot;:&quot;&quot;,&quot;camera&quot;:&quot;&quot;,&quot;caption&quot;:&quot;&quot;,&quot;created_timestamp&quot;:&quot;0&quot;,&quot;copyright&quot;:&quot;&quot;,&quot;focal_length&quot;:&quot;0&quot;,&quot;iso&quot;:&quot;0&quot;,&quot;shutter_speed&quot;:&quot;0&quot;,&quot;title&quot;:&quot;&quot;,&quot;orientation&quot;:&quot;0&quot;}\" data-image-title=\"IMG-20250815-WA0037\" data-image-description=\"\" data-image-caption=\"\" data-medium-file=\"https:\/\/www.paudalho.pe.gov.br\/portal\/wp-content\/uploads\/2025\/08\/IMG-20250815-WA0037-350x230.jpg\" data-large-file=\"https:\/\/www.paudalho.pe.gov.br\/portal\/wp-content\/uploads\/2025\/08\/IMG-20250815-WA0037-800x450.jpg\" data-id=\"36736\" src=\"https:\/\/www.paudalho.pe.gov.br\/portal\/wp-content\/uploads\/2025\/08\/IMG-20250815-WA0037-800x450.jpg\" alt=\"\" class=\"wp-image-36736\"\/><\/figure>\n\n\n\n<figure class=\"wp-block-image size-large\"><img loading=\"lazy\" decoding=\"async\" width=\"800\" height=\"450\" data-attachment-id=\"36735\" data-permalink=\"https:\/\/www.paudalho.pe.gov.br\/portal\/vi-jornada-do-patrimonio-cultural-segue-movimentando-escolas-da-rede-municipal-de-ensino-de-paudalho\/img-20250815-wa0034\/\" data-orig-file=\"https:\/\/www.paudalho.pe.gov.br\/portal\/wp-content\/uploads\/2025\/08\/IMG-20250815-WA0034.jpg\" data-orig-size=\"1280,960\" data-comments-opened=\"1\" data-image-meta=\"{&quot;aperture&quot;:&quot;0&quot;,&quot;credit&quot;:&quot;&quot;,&quot;camera&quot;:&quot;&quot;,&quot;caption&quot;:&quot;&quot;,&quot;created_timestamp&quot;:&quot;0&quot;,&quot;copyright&quot;:&quot;&quot;,&quot;focal_length&quot;:&quot;0&quot;,&quot;iso&quot;:&quot;0&quot;,&quot;shutter_speed&quot;:&quot;0&quot;,&quot;title&quot;:&quot;&quot;,&quot;orientation&quot;:&quot;0&quot;}\" data-image-title=\"IMG-20250815-WA0034\" data-image-description=\"\" data-image-caption=\"\" data-medium-file=\"https:\/\/www.paudalho.pe.gov.br\/portal\/wp-content\/uploads\/2025\/08\/IMG-20250815-WA0034-350x230.jpg\" data-large-file=\"https:\/\/www.paudalho.pe.gov.br\/portal\/wp-content\/uploads\/2025\/08\/IMG-20250815-WA0034-800x450.jpg\" data-id=\"36735\" src=\"https:\/\/www.paudalho.pe.gov.br\/portal\/wp-content\/uploads\/2025\/08\/IMG-20250815-WA0034-800x450.jpg\" alt=\"\" class=\"wp-image-36735\"\/><\/figure>\n\n\n\n<figure class=\"wp-block-image size-large\"><img loading=\"lazy\" decoding=\"async\" width=\"800\" height=\"450\" data-attachment-id=\"36738\" data-permalink=\"https:\/\/www.paudalho.pe.gov.br\/portal\/vi-jornada-do-patrimonio-cultural-segue-movimentando-escolas-da-rede-municipal-de-ensino-de-paudalho\/img-20250815-wa0035\/\" data-orig-file=\"https:\/\/www.paudalho.pe.gov.br\/portal\/wp-content\/uploads\/2025\/08\/IMG-20250815-WA0035.jpg\" data-orig-size=\"1280,960\" data-comments-opened=\"1\" data-image-meta=\"{&quot;aperture&quot;:&quot;0&quot;,&quot;credit&quot;:&quot;&quot;,&quot;camera&quot;:&quot;&quot;,&quot;caption&quot;:&quot;&quot;,&quot;created_timestamp&quot;:&quot;0&quot;,&quot;copyright&quot;:&quot;&quot;,&quot;focal_length&quot;:&quot;0&quot;,&quot;iso&quot;:&quot;0&quot;,&quot;shutter_speed&quot;:&quot;0&quot;,&quot;title&quot;:&quot;&quot;,&quot;orientation&quot;:&quot;0&quot;}\" data-image-title=\"IMG-20250815-WA0035\" data-image-description=\"\" data-image-caption=\"\" data-medium-file=\"https:\/\/www.paudalho.pe.gov.br\/portal\/wp-content\/uploads\/2025\/08\/IMG-20250815-WA0035-350x230.jpg\" data-large-file=\"https:\/\/www.paudalho.pe.gov.br\/portal\/wp-content\/uploads\/2025\/08\/IMG-20250815-WA0035-800x450.jpg\" data-id=\"36738\" src=\"https:\/\/www.paudalho.pe.gov.br\/portal\/wp-content\/uploads\/2025\/08\/IMG-20250815-WA0035-800x450.jpg\" alt=\"\" class=\"wp-image-36738\"\/><\/figure>\n\n\n\n<figure class=\"wp-block-image size-large\"><img loading=\"lazy\" decoding=\"async\" width=\"800\" height=\"450\" data-attachment-id=\"36739\" data-permalink=\"https:\/\/www.paudalho.pe.gov.br\/portal\/vi-jornada-do-patrimonio-cultural-segue-movimentando-escolas-da-rede-municipal-de-ensino-de-paudalho\/img-20250815-wa0036\/\" data-orig-file=\"https:\/\/www.paudalho.pe.gov.br\/portal\/wp-content\/uploads\/2025\/08\/IMG-20250815-WA0036.jpg\" data-orig-size=\"1280,960\" data-comments-opened=\"1\" data-image-meta=\"{&quot;aperture&quot;:&quot;0&quot;,&quot;credit&quot;:&quot;&quot;,&quot;camera&quot;:&quot;&quot;,&quot;caption&quot;:&quot;&quot;,&quot;created_timestamp&quot;:&quot;0&quot;,&quot;copyright&quot;:&quot;&quot;,&quot;focal_length&quot;:&quot;0&quot;,&quot;iso&quot;:&quot;0&quot;,&quot;shutter_speed&quot;:&quot;0&quot;,&quot;title&quot;:&quot;&quot;,&quot;orientation&quot;:&quot;0&quot;}\" data-image-title=\"IMG-20250815-WA0036\" data-image-description=\"\" data-image-caption=\"\" data-medium-file=\"https:\/\/www.paudalho.pe.gov.br\/portal\/wp-content\/uploads\/2025\/08\/IMG-20250815-WA0036-350x230.jpg\" data-large-file=\"https:\/\/www.paudalho.pe.gov.br\/portal\/wp-content\/uploads\/2025\/08\/IMG-20250815-WA0036-800x450.jpg\" data-id=\"36739\" src=\"https:\/\/www.paudalho.pe.gov.br\/portal\/wp-content\/uploads\/2025\/08\/IMG-20250815-WA0036-800x450.jpg\" alt=\"\" class=\"wp-image-36739\"\/><\/figure>\n\n\n\n<figure class=\"wp-block-image size-large\"><img loading=\"lazy\" decoding=\"async\" width=\"800\" height=\"450\" data-attachment-id=\"36741\" data-permalink=\"https:\/\/www.paudalho.pe.gov.br\/portal\/vi-jornada-do-patrimonio-cultural-segue-movimentando-escolas-da-rede-municipal-de-ensino-de-paudalho\/img-20250815-wa0042\/\" data-orig-file=\"https:\/\/www.paudalho.pe.gov.br\/portal\/wp-content\/uploads\/2025\/08\/IMG-20250815-WA0042.jpg\" data-orig-size=\"1280,960\" data-comments-opened=\"1\" data-image-meta=\"{&quot;aperture&quot;:&quot;0&quot;,&quot;credit&quot;:&quot;&quot;,&quot;camera&quot;:&quot;&quot;,&quot;caption&quot;:&quot;&quot;,&quot;created_timestamp&quot;:&quot;0&quot;,&quot;copyright&quot;:&quot;&quot;,&quot;focal_length&quot;:&quot;0&quot;,&quot;iso&quot;:&quot;0&quot;,&quot;shutter_speed&quot;:&quot;0&quot;,&quot;title&quot;:&quot;&quot;,&quot;orientation&quot;:&quot;0&quot;}\" data-image-title=\"IMG-20250815-WA0042\" data-image-description=\"\" data-image-caption=\"\" data-medium-file=\"https:\/\/www.paudalho.pe.gov.br\/portal\/wp-content\/uploads\/2025\/08\/IMG-20250815-WA0042-350x230.jpg\" data-large-file=\"https:\/\/www.paudalho.pe.gov.br\/portal\/wp-content\/uploads\/2025\/08\/IMG-20250815-WA0042-800x450.jpg\" data-id=\"36741\" src=\"https:\/\/www.paudalho.pe.gov.br\/portal\/wp-content\/uploads\/2025\/08\/IMG-20250815-WA0042-800x450.jpg\" alt=\"\" class=\"wp-image-36741\"\/><\/figure>\n\n\n\n<figure class=\"wp-block-image size-large\"><img loading=\"lazy\" decoding=\"async\" width=\"800\" height=\"450\" data-attachment-id=\"36740\" data-permalink=\"https:\/\/www.paudalho.pe.gov.br\/portal\/vi-jornada-do-patrimonio-cultural-segue-movimentando-escolas-da-rede-municipal-de-ensino-de-paudalho\/img-20250815-wa0030\/\" data-orig-file=\"https:\/\/www.paudalho.pe.gov.br\/portal\/wp-content\/uploads\/2025\/08\/IMG-20250815-WA0030.jpg\" data-orig-size=\"1280,960\" data-comments-opened=\"1\" data-image-meta=\"{&quot;aperture&quot;:&quot;0&quot;,&quot;credit&quot;:&quot;&quot;,&quot;camera&quot;:&quot;&quot;,&quot;caption&quot;:&quot;&quot;,&quot;created_timestamp&quot;:&quot;0&quot;,&quot;copyright&quot;:&quot;&quot;,&quot;focal_length&quot;:&quot;0&quot;,&quot;iso&quot;:&quot;0&quot;,&quot;shutter_speed&quot;:&quot;0&quot;,&quot;title&quot;:&quot;&quot;,&quot;orientation&quot;:&quot;0&quot;}\" data-image-title=\"IMG-20250815-WA0030\" data-image-description=\"\" data-image-caption=\"\" data-medium-file=\"https:\/\/www.paudalho.pe.gov.br\/portal\/wp-content\/uploads\/2025\/08\/IMG-20250815-WA0030-350x230.jpg\" data-large-file=\"https:\/\/www.paudalho.pe.gov.br\/portal\/wp-content\/uploads\/2025\/08\/IMG-20250815-WA0030-800x450.jpg\" data-id=\"36740\" src=\"https:\/\/www.paudalho.pe.gov.br\/portal\/wp-content\/uploads\/2025\/08\/IMG-20250815-WA0030-800x450.jpg\" alt=\"\" class=\"wp-image-36740\"\/><\/figure>\n\n\n\n<figure class=\"wp-block-image size-large\"><img loading=\"lazy\" decoding=\"async\" width=\"800\" height=\"450\" data-attachment-id=\"36742\" data-permalink=\"https:\/\/www.paudalho.pe.gov.br\/portal\/vi-jornada-do-patrimonio-cultural-segue-movimentando-escolas-da-rede-municipal-de-ensino-de-paudalho\/img-20250815-wa0031\/\" data-orig-file=\"https:\/\/www.paudalho.pe.gov.br\/portal\/wp-content\/uploads\/2025\/08\/IMG-20250815-WA0031.jpg\" data-orig-size=\"1280,960\" data-comments-opened=\"1\" data-image-meta=\"{&quot;aperture&quot;:&quot;0&quot;,&quot;credit&quot;:&quot;&quot;,&quot;camera&quot;:&quot;&quot;,&quot;caption&quot;:&quot;&quot;,&quot;created_timestamp&quot;:&quot;0&quot;,&quot;copyright&quot;:&quot;&quot;,&quot;focal_length&quot;:&quot;0&quot;,&quot;iso&quot;:&quot;0&quot;,&quot;shutter_speed&quot;:&quot;0&quot;,&quot;title&quot;:&quot;&quot;,&quot;orientation&quot;:&quot;0&quot;}\" data-image-title=\"IMG-20250815-WA0031\" data-image-description=\"\" data-image-caption=\"\" data-medium-file=\"https:\/\/www.paudalho.pe.gov.br\/portal\/wp-content\/uploads\/2025\/08\/IMG-20250815-WA0031-350x230.jpg\" data-large-file=\"https:\/\/www.paudalho.pe.gov.br\/portal\/wp-content\/uploads\/2025\/08\/IMG-20250815-WA0031-800x450.jpg\" data-id=\"36742\" src=\"https:\/\/www.paudalho.pe.gov.br\/portal\/wp-content\/uploads\/2025\/08\/IMG-20250815-WA0031-800x450.jpg\" alt=\"\" class=\"wp-image-36742\"\/><\/figure>\n<\/figure>\n\n\n\n<p><\/p>\n","protected":false},"excerpt":{"rendered":"<p>A programa\u00e7\u00e3o da VI Jornada do Patrim\u00f4nio Cultural em Paudalho, nesta quinta-feira (14), segue levando conhecimento e valoriza\u00e7\u00e3o da hist\u00f3ria local para estudantes da Rede Municipal de Ensino. A iniciativa tem como objetivo incentivar o reconhecimento e a preserva\u00e7\u00e3o dos bens materiais e imateriais que comp\u00f5em a identidade cultural do munic\u00edpio. Na Escola Municipal Jo\u00e3o [&hellip;]<\/p>\n","protected":false},"author":17,"featured_media":36722,"comment_status":"open","ping_status":"open","sticky":false,"template":"","format":"standard","meta":{"_jetpack_newsletter_access":"","_jetpack_dont_email_post_to_subs":false,"_jetpack_newsletter_tier_id":0,"_jetpack_memberships_contains_paywalled_content":false,"_jetpack_memberships_contains_paid_content":false,"footnotes":""},"categories":[1184,2,520,1],"tags":[],"class_list":["post-36721","post","type-post","status-publish","format-standard","has-post-thumbnail","hentry","category-cultura-2","category-destaque","category-educacao-2","category-noticias"],"jetpack_featured_media_url":"https:\/\/www.paudalho.pe.gov.br\/portal\/wp-content\/uploads\/2025\/08\/IMG-20250815-WA0050.jpg","jetpack_sharing_enabled":true,"jetpack_shortlink":"https:\/\/wp.me\/p98mS2-9yh","_links":{"self":[{"href":"https:\/\/www.paudalho.pe.gov.br\/portal\/wp-json\/wp\/v2\/posts\/36721","targetHints":{"allow":["GET"]}}],"collection":[{"href":"https:\/\/www.paudalho.pe.gov.br\/portal\/wp-json\/wp\/v2\/posts"}],"about":[{"href":"https:\/\/www.paudalho.pe.gov.br\/portal\/wp-json\/wp\/v2\/types\/post"}],"author":[{"embeddable":true,"href":"https:\/\/www.paudalho.pe.gov.br\/portal\/wp-json\/wp\/v2\/users\/17"}],"replies":[{"embeddable":true,"href":"https:\/\/www.paudalho.pe.gov.br\/portal\/wp-json\/wp\/v2\/comments?post=36721"}],"version-history":[{"count":1,"href":"https:\/\/www.paudalho.pe.gov.br\/portal\/wp-json\/wp\/v2\/posts\/36721\/revisions"}],"predecessor-version":[{"id":36743,"href":"https:\/\/www.paudalho.pe.gov.br\/portal\/wp-json\/wp\/v2\/posts\/36721\/revisions\/36743"}],"wp:featuredmedia":[{"embeddable":true,"href":"https:\/\/www.paudalho.pe.gov.br\/portal\/wp-json\/wp\/v2\/media\/36722"}],"wp:attachment":[{"href":"https:\/\/www.paudalho.pe.gov.br\/portal\/wp-json\/wp\/v2\/media?parent=36721"}],"wp:term":[{"taxonomy":"category","embeddable":true,"href":"https:\/\/www.paudalho.pe.gov.br\/portal\/wp-json\/wp\/v2\/categories?post=36721"},{"taxonomy":"post_tag","embeddable":true,"href":"https:\/\/www.paudalho.pe.gov.br\/portal\/wp-json\/wp\/v2\/tags?post=36721"}],"curies":[{"name":"wp","href":"https:\/\/api.w.org\/{rel}","templated":true}]}}