{"id":36695,"date":"2025-08-15T11:30:17","date_gmt":"2025-08-15T14:30:17","guid":{"rendered":"https:\/\/www.paudalho.pe.gov.br\/portal\/?p=36695"},"modified":"2025-08-15T11:30:17","modified_gmt":"2025-08-15T14:30:17","slug":"respeito-e-dialogo-inter-religioso-marcam-atividades-da-vi-jornada-do-patrimonio-cultural-em-paudalho","status":"publish","type":"post","link":"https:\/\/www.paudalho.pe.gov.br\/portal\/respeito-e-dialogo-inter-religioso-marcam-atividades-da-vi-jornada-do-patrimonio-cultural-em-paudalho\/","title":{"rendered":"Respeito e Di\u00e1logo Inter-religioso marcam atividades da VI Jornada do Patrim\u00f4nio Cultural em Paudalho"},"content":{"rendered":"\n<p>A Prefeitura do Paudalho, por meio da Secretaria de Cultura e Turismo e da Secretaria de Educa\u00e7\u00e3o e Juventudes, levou nesta ter\u00e7a-feira (12) para a Escola Municipal Alcindo Lacerda, em Ch\u00e3 de Capoeira, uma a\u00e7\u00e3o especial da VI Jornada do Patrim\u00f4nio Cultural dedicada ao Respeito e ao Di\u00e1logo Inter-religioso.<\/p>\n\n\n\n<p>A iniciativa teve como objetivo promover a compreens\u00e3o e a valoriza\u00e7\u00e3o das diferentes express\u00f5es de f\u00e9. Por meio de din\u00e2micas, debates e apresenta\u00e7\u00f5es culturais, estudantes e comunidade escolar refletiram sobre a import\u00e2ncia de construir pontes de di\u00e1logo entre as diversas comunidades religiosas, fomentando o respeito m\u00fatuo e fortalecendo a conviv\u00eancia pac\u00edfica.<\/p>\n\n\n\n<p>O encontro possibilitou que os alunos reconhecessem a diversidade como um patrim\u00f4nio cultural imaterial do munic\u00edpio, refor\u00e7ando que a educa\u00e7\u00e3o e o di\u00e1logo s\u00e3o caminhos para uma sociedade mais inclusiva e tolerante.<\/p>\n\n\n\n<p>A programa\u00e7\u00e3o da VI Jornada do Patrim\u00f4nio Cultural de Paudalho segue levando para as escolas da Rede Municipal de Ensino atividades que valorizam a hist\u00f3ria local, as manifesta\u00e7\u00f5es culturais e os valores que unem&nbsp;a&nbsp;comunidade.<\/p>\n\n\n\n<figure class=\"wp-block-gallery has-nested-images columns-default is-cropped wp-block-gallery-1 is-layout-flex wp-block-gallery-is-layout-flex\">\n<figure class=\"wp-block-image size-large\"><img loading=\"lazy\" decoding=\"async\" width=\"800\" height=\"450\" data-attachment-id=\"36697\" data-permalink=\"https:\/\/www.paudalho.pe.gov.br\/portal\/respeito-e-dialogo-inter-religioso-marcam-atividades-da-vi-jornada-do-patrimonio-cultural-em-paudalho\/img-20250815-wa0104-2\/\" data-orig-file=\"https:\/\/www.paudalho.pe.gov.br\/portal\/wp-content\/uploads\/2025\/08\/IMG-20250815-WA0104-1-scaled.jpg\" data-orig-size=\"2560,1440\" data-comments-opened=\"1\" data-image-meta=\"{&quot;aperture&quot;:&quot;0&quot;,&quot;credit&quot;:&quot;&quot;,&quot;camera&quot;:&quot;&quot;,&quot;caption&quot;:&quot;&quot;,&quot;created_timestamp&quot;:&quot;0&quot;,&quot;copyright&quot;:&quot;&quot;,&quot;focal_length&quot;:&quot;0&quot;,&quot;iso&quot;:&quot;0&quot;,&quot;shutter_speed&quot;:&quot;0&quot;,&quot;title&quot;:&quot;&quot;,&quot;orientation&quot;:&quot;0&quot;}\" data-image-title=\"IMG-20250815-WA0104\" data-image-description=\"\" data-image-caption=\"\" data-medium-file=\"https:\/\/www.paudalho.pe.gov.br\/portal\/wp-content\/uploads\/2025\/08\/IMG-20250815-WA0104-1-350x230.jpg\" data-large-file=\"https:\/\/www.paudalho.pe.gov.br\/portal\/wp-content\/uploads\/2025\/08\/IMG-20250815-WA0104-1-800x450.jpg\" data-id=\"36697\" src=\"https:\/\/www.paudalho.pe.gov.br\/portal\/wp-content\/uploads\/2025\/08\/IMG-20250815-WA0104-1-800x450.jpg\" alt=\"\" class=\"wp-image-36697\" srcset=\"https:\/\/www.paudalho.pe.gov.br\/portal\/wp-content\/uploads\/2025\/08\/IMG-20250815-WA0104-1-800x450.jpg 800w, https:\/\/www.paudalho.pe.gov.br\/portal\/wp-content\/uploads\/2025\/08\/IMG-20250815-WA0104-1-768x432.jpg 768w, https:\/\/www.paudalho.pe.gov.br\/portal\/wp-content\/uploads\/2025\/08\/IMG-20250815-WA0104-1-1536x864.jpg 1536w, https:\/\/www.paudalho.pe.gov.br\/portal\/wp-content\/uploads\/2025\/08\/IMG-20250815-WA0104-1-2048x1152.jpg 2048w\" sizes=\"auto, (max-width: 800px) 100vw, 800px\" \/><\/figure>\n\n\n\n<figure class=\"wp-block-image size-large\"><img loading=\"lazy\" decoding=\"async\" width=\"800\" height=\"450\" data-attachment-id=\"36702\" data-permalink=\"https:\/\/www.paudalho.pe.gov.br\/portal\/respeito-e-dialogo-inter-religioso-marcam-atividades-da-vi-jornada-do-patrimonio-cultural-em-paudalho\/img-20250815-wa0105\/\" data-orig-file=\"https:\/\/www.paudalho.pe.gov.br\/portal\/wp-content\/uploads\/2025\/08\/IMG-20250815-WA0105-scaled.jpg\" data-orig-size=\"2560,1956\" data-comments-opened=\"1\" data-image-meta=\"{&quot;aperture&quot;:&quot;0&quot;,&quot;credit&quot;:&quot;&quot;,&quot;camera&quot;:&quot;&quot;,&quot;caption&quot;:&quot;&quot;,&quot;created_timestamp&quot;:&quot;0&quot;,&quot;copyright&quot;:&quot;&quot;,&quot;focal_length&quot;:&quot;0&quot;,&quot;iso&quot;:&quot;0&quot;,&quot;shutter_speed&quot;:&quot;0&quot;,&quot;title&quot;:&quot;&quot;,&quot;orientation&quot;:&quot;0&quot;}\" data-image-title=\"IMG-20250815-WA0105\" data-image-description=\"\" data-image-caption=\"\" data-medium-file=\"https:\/\/www.paudalho.pe.gov.br\/portal\/wp-content\/uploads\/2025\/08\/IMG-20250815-WA0105-350x230.jpg\" data-large-file=\"https:\/\/www.paudalho.pe.gov.br\/portal\/wp-content\/uploads\/2025\/08\/IMG-20250815-WA0105-800x450.jpg\" data-id=\"36702\" src=\"https:\/\/www.paudalho.pe.gov.br\/portal\/wp-content\/uploads\/2025\/08\/IMG-20250815-WA0105-800x450.jpg\" alt=\"\" class=\"wp-image-36702\"\/><\/figure>\n\n\n\n<figure class=\"wp-block-image size-large\"><img loading=\"lazy\" decoding=\"async\" width=\"800\" height=\"450\" data-attachment-id=\"36698\" data-permalink=\"https:\/\/www.paudalho.pe.gov.br\/portal\/respeito-e-dialogo-inter-religioso-marcam-atividades-da-vi-jornada-do-patrimonio-cultural-em-paudalho\/img-20250815-wa0100\/\" data-orig-file=\"https:\/\/www.paudalho.pe.gov.br\/portal\/wp-content\/uploads\/2025\/08\/IMG-20250815-WA0100-scaled.jpg\" data-orig-size=\"1440,2560\" data-comments-opened=\"1\" data-image-meta=\"{&quot;aperture&quot;:&quot;0&quot;,&quot;credit&quot;:&quot;&quot;,&quot;camera&quot;:&quot;&quot;,&quot;caption&quot;:&quot;&quot;,&quot;created_timestamp&quot;:&quot;0&quot;,&quot;copyright&quot;:&quot;&quot;,&quot;focal_length&quot;:&quot;0&quot;,&quot;iso&quot;:&quot;0&quot;,&quot;shutter_speed&quot;:&quot;0&quot;,&quot;title&quot;:&quot;&quot;,&quot;orientation&quot;:&quot;0&quot;}\" data-image-title=\"IMG-20250815-WA0100\" data-image-description=\"\" data-image-caption=\"\" data-medium-file=\"https:\/\/www.paudalho.pe.gov.br\/portal\/wp-content\/uploads\/2025\/08\/IMG-20250815-WA0100-350x230.jpg\" data-large-file=\"https:\/\/www.paudalho.pe.gov.br\/portal\/wp-content\/uploads\/2025\/08\/IMG-20250815-WA0100-800x450.jpg\" data-id=\"36698\" src=\"https:\/\/www.paudalho.pe.gov.br\/portal\/wp-content\/uploads\/2025\/08\/IMG-20250815-WA0100-800x450.jpg\" alt=\"\" class=\"wp-image-36698\"\/><\/figure>\n\n\n\n<figure class=\"wp-block-image size-large\"><img loading=\"lazy\" decoding=\"async\" width=\"800\" height=\"450\" data-attachment-id=\"36699\" data-permalink=\"https:\/\/www.paudalho.pe.gov.br\/portal\/respeito-e-dialogo-inter-religioso-marcam-atividades-da-vi-jornada-do-patrimonio-cultural-em-paudalho\/img-20250815-wa0101\/\" data-orig-file=\"https:\/\/www.paudalho.pe.gov.br\/portal\/wp-content\/uploads\/2025\/08\/IMG-20250815-WA0101-scaled.jpg\" data-orig-size=\"2560,1440\" data-comments-opened=\"1\" data-image-meta=\"{&quot;aperture&quot;:&quot;0&quot;,&quot;credit&quot;:&quot;&quot;,&quot;camera&quot;:&quot;&quot;,&quot;caption&quot;:&quot;&quot;,&quot;created_timestamp&quot;:&quot;0&quot;,&quot;copyright&quot;:&quot;&quot;,&quot;focal_length&quot;:&quot;0&quot;,&quot;iso&quot;:&quot;0&quot;,&quot;shutter_speed&quot;:&quot;0&quot;,&quot;title&quot;:&quot;&quot;,&quot;orientation&quot;:&quot;0&quot;}\" data-image-title=\"IMG-20250815-WA0101\" data-image-description=\"\" data-image-caption=\"\" data-medium-file=\"https:\/\/www.paudalho.pe.gov.br\/portal\/wp-content\/uploads\/2025\/08\/IMG-20250815-WA0101-350x230.jpg\" data-large-file=\"https:\/\/www.paudalho.pe.gov.br\/portal\/wp-content\/uploads\/2025\/08\/IMG-20250815-WA0101-800x450.jpg\" data-id=\"36699\" src=\"https:\/\/www.paudalho.pe.gov.br\/portal\/wp-content\/uploads\/2025\/08\/IMG-20250815-WA0101-800x450.jpg\" alt=\"\" class=\"wp-image-36699\" srcset=\"https:\/\/www.paudalho.pe.gov.br\/portal\/wp-content\/uploads\/2025\/08\/IMG-20250815-WA0101-800x450.jpg 800w, https:\/\/www.paudalho.pe.gov.br\/portal\/wp-content\/uploads\/2025\/08\/IMG-20250815-WA0101-768x432.jpg 768w, https:\/\/www.paudalho.pe.gov.br\/portal\/wp-content\/uploads\/2025\/08\/IMG-20250815-WA0101-1536x864.jpg 1536w, https:\/\/www.paudalho.pe.gov.br\/portal\/wp-content\/uploads\/2025\/08\/IMG-20250815-WA0101-2048x1152.jpg 2048w\" sizes=\"auto, (max-width: 800px) 100vw, 800px\" \/><\/figure>\n\n\n\n<figure class=\"wp-block-image size-large\"><img loading=\"lazy\" decoding=\"async\" width=\"800\" height=\"450\" data-attachment-id=\"36701\" data-permalink=\"https:\/\/www.paudalho.pe.gov.br\/portal\/respeito-e-dialogo-inter-religioso-marcam-atividades-da-vi-jornada-do-patrimonio-cultural-em-paudalho\/img-20250815-wa0103\/\" data-orig-file=\"https:\/\/www.paudalho.pe.gov.br\/portal\/wp-content\/uploads\/2025\/08\/IMG-20250815-WA0103-scaled.jpg\" data-orig-size=\"2560,2475\" data-comments-opened=\"1\" data-image-meta=\"{&quot;aperture&quot;:&quot;0&quot;,&quot;credit&quot;:&quot;&quot;,&quot;camera&quot;:&quot;&quot;,&quot;caption&quot;:&quot;&quot;,&quot;created_timestamp&quot;:&quot;0&quot;,&quot;copyright&quot;:&quot;&quot;,&quot;focal_length&quot;:&quot;0&quot;,&quot;iso&quot;:&quot;0&quot;,&quot;shutter_speed&quot;:&quot;0&quot;,&quot;title&quot;:&quot;&quot;,&quot;orientation&quot;:&quot;0&quot;}\" data-image-title=\"IMG-20250815-WA0103\" data-image-description=\"\" data-image-caption=\"\" data-medium-file=\"https:\/\/www.paudalho.pe.gov.br\/portal\/wp-content\/uploads\/2025\/08\/IMG-20250815-WA0103-350x230.jpg\" data-large-file=\"https:\/\/www.paudalho.pe.gov.br\/portal\/wp-content\/uploads\/2025\/08\/IMG-20250815-WA0103-800x450.jpg\" data-id=\"36701\" src=\"https:\/\/www.paudalho.pe.gov.br\/portal\/wp-content\/uploads\/2025\/08\/IMG-20250815-WA0103-800x450.jpg\" alt=\"\" class=\"wp-image-36701\"\/><\/figure>\n\n\n\n<figure class=\"wp-block-image size-large\"><img loading=\"lazy\" decoding=\"async\" width=\"800\" height=\"450\" data-attachment-id=\"36700\" data-permalink=\"https:\/\/www.paudalho.pe.gov.br\/portal\/respeito-e-dialogo-inter-religioso-marcam-atividades-da-vi-jornada-do-patrimonio-cultural-em-paudalho\/img-20250815-wa0095\/\" data-orig-file=\"https:\/\/www.paudalho.pe.gov.br\/portal\/wp-content\/uploads\/2025\/08\/IMG-20250815-WA0095-scaled.jpg\" data-orig-size=\"2560,1919\" data-comments-opened=\"1\" data-image-meta=\"{&quot;aperture&quot;:&quot;0&quot;,&quot;credit&quot;:&quot;&quot;,&quot;camera&quot;:&quot;&quot;,&quot;caption&quot;:&quot;&quot;,&quot;created_timestamp&quot;:&quot;0&quot;,&quot;copyright&quot;:&quot;&quot;,&quot;focal_length&quot;:&quot;0&quot;,&quot;iso&quot;:&quot;0&quot;,&quot;shutter_speed&quot;:&quot;0&quot;,&quot;title&quot;:&quot;&quot;,&quot;orientation&quot;:&quot;0&quot;}\" data-image-title=\"IMG-20250815-WA0095\" data-image-description=\"\" data-image-caption=\"\" data-medium-file=\"https:\/\/www.paudalho.pe.gov.br\/portal\/wp-content\/uploads\/2025\/08\/IMG-20250815-WA0095-350x230.jpg\" data-large-file=\"https:\/\/www.paudalho.pe.gov.br\/portal\/wp-content\/uploads\/2025\/08\/IMG-20250815-WA0095-800x450.jpg\" data-id=\"36700\" src=\"https:\/\/www.paudalho.pe.gov.br\/portal\/wp-content\/uploads\/2025\/08\/IMG-20250815-WA0095-800x450.jpg\" alt=\"\" class=\"wp-image-36700\"\/><\/figure>\n\n\n\n<figure class=\"wp-block-image size-large\"><img loading=\"lazy\" decoding=\"async\" width=\"800\" height=\"450\" data-attachment-id=\"36703\" data-permalink=\"https:\/\/www.paudalho.pe.gov.br\/portal\/respeito-e-dialogo-inter-religioso-marcam-atividades-da-vi-jornada-do-patrimonio-cultural-em-paudalho\/img-20250815-wa0096\/\" data-orig-file=\"https:\/\/www.paudalho.pe.gov.br\/portal\/wp-content\/uploads\/2025\/08\/IMG-20250815-WA0096-scaled.jpg\" data-orig-size=\"2560,1921\" data-comments-opened=\"1\" data-image-meta=\"{&quot;aperture&quot;:&quot;0&quot;,&quot;credit&quot;:&quot;&quot;,&quot;camera&quot;:&quot;&quot;,&quot;caption&quot;:&quot;&quot;,&quot;created_timestamp&quot;:&quot;0&quot;,&quot;copyright&quot;:&quot;&quot;,&quot;focal_length&quot;:&quot;0&quot;,&quot;iso&quot;:&quot;0&quot;,&quot;shutter_speed&quot;:&quot;0&quot;,&quot;title&quot;:&quot;&quot;,&quot;orientation&quot;:&quot;0&quot;}\" data-image-title=\"IMG-20250815-WA0096\" data-image-description=\"\" data-image-caption=\"\" data-medium-file=\"https:\/\/www.paudalho.pe.gov.br\/portal\/wp-content\/uploads\/2025\/08\/IMG-20250815-WA0096-350x230.jpg\" data-large-file=\"https:\/\/www.paudalho.pe.gov.br\/portal\/wp-content\/uploads\/2025\/08\/IMG-20250815-WA0096-800x450.jpg\" data-id=\"36703\" src=\"https:\/\/www.paudalho.pe.gov.br\/portal\/wp-content\/uploads\/2025\/08\/IMG-20250815-WA0096-800x450.jpg\" alt=\"\" class=\"wp-image-36703\"\/><\/figure>\n\n\n\n<figure class=\"wp-block-image size-large\"><img loading=\"lazy\" decoding=\"async\" width=\"800\" height=\"450\" data-attachment-id=\"36704\" data-permalink=\"https:\/\/www.paudalho.pe.gov.br\/portal\/respeito-e-dialogo-inter-religioso-marcam-atividades-da-vi-jornada-do-patrimonio-cultural-em-paudalho\/img-20250815-wa0097\/\" data-orig-file=\"https:\/\/www.paudalho.pe.gov.br\/portal\/wp-content\/uploads\/2025\/08\/IMG-20250815-WA0097-scaled.jpg\" data-orig-size=\"2560,1440\" data-comments-opened=\"1\" data-image-meta=\"{&quot;aperture&quot;:&quot;0&quot;,&quot;credit&quot;:&quot;&quot;,&quot;camera&quot;:&quot;&quot;,&quot;caption&quot;:&quot;&quot;,&quot;created_timestamp&quot;:&quot;0&quot;,&quot;copyright&quot;:&quot;&quot;,&quot;focal_length&quot;:&quot;0&quot;,&quot;iso&quot;:&quot;0&quot;,&quot;shutter_speed&quot;:&quot;0&quot;,&quot;title&quot;:&quot;&quot;,&quot;orientation&quot;:&quot;0&quot;}\" data-image-title=\"IMG-20250815-WA0097\" data-image-description=\"\" data-image-caption=\"\" data-medium-file=\"https:\/\/www.paudalho.pe.gov.br\/portal\/wp-content\/uploads\/2025\/08\/IMG-20250815-WA0097-350x230.jpg\" data-large-file=\"https:\/\/www.paudalho.pe.gov.br\/portal\/wp-content\/uploads\/2025\/08\/IMG-20250815-WA0097-800x450.jpg\" data-id=\"36704\" src=\"https:\/\/www.paudalho.pe.gov.br\/portal\/wp-content\/uploads\/2025\/08\/IMG-20250815-WA0097-800x450.jpg\" alt=\"\" class=\"wp-image-36704\" srcset=\"https:\/\/www.paudalho.pe.gov.br\/portal\/wp-content\/uploads\/2025\/08\/IMG-20250815-WA0097-800x450.jpg 800w, https:\/\/www.paudalho.pe.gov.br\/portal\/wp-content\/uploads\/2025\/08\/IMG-20250815-WA0097-768x432.jpg 768w, https:\/\/www.paudalho.pe.gov.br\/portal\/wp-content\/uploads\/2025\/08\/IMG-20250815-WA0097-1536x864.jpg 1536w, https:\/\/www.paudalho.pe.gov.br\/portal\/wp-content\/uploads\/2025\/08\/IMG-20250815-WA0097-2048x1152.jpg 2048w\" sizes=\"auto, (max-width: 800px) 100vw, 800px\" \/><\/figure>\n\n\n\n<figure class=\"wp-block-image size-large\"><img loading=\"lazy\" decoding=\"async\" width=\"800\" height=\"450\" data-attachment-id=\"36705\" data-permalink=\"https:\/\/www.paudalho.pe.gov.br\/portal\/respeito-e-dialogo-inter-religioso-marcam-atividades-da-vi-jornada-do-patrimonio-cultural-em-paudalho\/img-20250815-wa0098\/\" data-orig-file=\"https:\/\/www.paudalho.pe.gov.br\/portal\/wp-content\/uploads\/2025\/08\/IMG-20250815-WA0098-scaled.jpg\" data-orig-size=\"2143,2560\" data-comments-opened=\"1\" data-image-meta=\"{&quot;aperture&quot;:&quot;0&quot;,&quot;credit&quot;:&quot;&quot;,&quot;camera&quot;:&quot;&quot;,&quot;caption&quot;:&quot;&quot;,&quot;created_timestamp&quot;:&quot;0&quot;,&quot;copyright&quot;:&quot;&quot;,&quot;focal_length&quot;:&quot;0&quot;,&quot;iso&quot;:&quot;0&quot;,&quot;shutter_speed&quot;:&quot;0&quot;,&quot;title&quot;:&quot;&quot;,&quot;orientation&quot;:&quot;0&quot;}\" data-image-title=\"IMG-20250815-WA0098\" data-image-description=\"\" data-image-caption=\"\" data-medium-file=\"https:\/\/www.paudalho.pe.gov.br\/portal\/wp-content\/uploads\/2025\/08\/IMG-20250815-WA0098-350x230.jpg\" data-large-file=\"https:\/\/www.paudalho.pe.gov.br\/portal\/wp-content\/uploads\/2025\/08\/IMG-20250815-WA0098-800x450.jpg\" data-id=\"36705\" src=\"https:\/\/www.paudalho.pe.gov.br\/portal\/wp-content\/uploads\/2025\/08\/IMG-20250815-WA0098-800x450.jpg\" alt=\"\" class=\"wp-image-36705\"\/><\/figure>\n\n\n\n<figure class=\"wp-block-image size-large\"><img loading=\"lazy\" decoding=\"async\" width=\"800\" height=\"450\" data-attachment-id=\"36706\" data-permalink=\"https:\/\/www.paudalho.pe.gov.br\/portal\/respeito-e-dialogo-inter-religioso-marcam-atividades-da-vi-jornada-do-patrimonio-cultural-em-paudalho\/img-20250815-wa0099\/\" data-orig-file=\"https:\/\/www.paudalho.pe.gov.br\/portal\/wp-content\/uploads\/2025\/08\/IMG-20250815-WA0099-scaled.jpg\" data-orig-size=\"2560,1860\" data-comments-opened=\"1\" data-image-meta=\"{&quot;aperture&quot;:&quot;0&quot;,&quot;credit&quot;:&quot;&quot;,&quot;camera&quot;:&quot;&quot;,&quot;caption&quot;:&quot;&quot;,&quot;created_timestamp&quot;:&quot;0&quot;,&quot;copyright&quot;:&quot;&quot;,&quot;focal_length&quot;:&quot;0&quot;,&quot;iso&quot;:&quot;0&quot;,&quot;shutter_speed&quot;:&quot;0&quot;,&quot;title&quot;:&quot;&quot;,&quot;orientation&quot;:&quot;0&quot;}\" data-image-title=\"IMG-20250815-WA0099\" data-image-description=\"\" data-image-caption=\"\" data-medium-file=\"https:\/\/www.paudalho.pe.gov.br\/portal\/wp-content\/uploads\/2025\/08\/IMG-20250815-WA0099-350x230.jpg\" data-large-file=\"https:\/\/www.paudalho.pe.gov.br\/portal\/wp-content\/uploads\/2025\/08\/IMG-20250815-WA0099-800x450.jpg\" data-id=\"36706\" src=\"https:\/\/www.paudalho.pe.gov.br\/portal\/wp-content\/uploads\/2025\/08\/IMG-20250815-WA0099-800x450.jpg\" alt=\"\" class=\"wp-image-36706\"\/><\/figure>\n\n\n\n<figure class=\"wp-block-image size-large\"><img loading=\"lazy\" decoding=\"async\" width=\"800\" height=\"450\" data-attachment-id=\"36707\" data-permalink=\"https:\/\/www.paudalho.pe.gov.br\/portal\/respeito-e-dialogo-inter-religioso-marcam-atividades-da-vi-jornada-do-patrimonio-cultural-em-paudalho\/img-20250815-wa0102\/\" data-orig-file=\"https:\/\/www.paudalho.pe.gov.br\/portal\/wp-content\/uploads\/2025\/08\/IMG-20250815-WA0102-scaled.jpg\" data-orig-size=\"1440,2560\" data-comments-opened=\"1\" data-image-meta=\"{&quot;aperture&quot;:&quot;0&quot;,&quot;credit&quot;:&quot;&quot;,&quot;camera&quot;:&quot;&quot;,&quot;caption&quot;:&quot;&quot;,&quot;created_timestamp&quot;:&quot;0&quot;,&quot;copyright&quot;:&quot;&quot;,&quot;focal_length&quot;:&quot;0&quot;,&quot;iso&quot;:&quot;0&quot;,&quot;shutter_speed&quot;:&quot;0&quot;,&quot;title&quot;:&quot;&quot;,&quot;orientation&quot;:&quot;0&quot;}\" data-image-title=\"IMG-20250815-WA0102\" data-image-description=\"\" data-image-caption=\"\" data-medium-file=\"https:\/\/www.paudalho.pe.gov.br\/portal\/wp-content\/uploads\/2025\/08\/IMG-20250815-WA0102-350x230.jpg\" data-large-file=\"https:\/\/www.paudalho.pe.gov.br\/portal\/wp-content\/uploads\/2025\/08\/IMG-20250815-WA0102-800x450.jpg\" data-id=\"36707\" src=\"https:\/\/www.paudalho.pe.gov.br\/portal\/wp-content\/uploads\/2025\/08\/IMG-20250815-WA0102-800x450.jpg\" alt=\"\" class=\"wp-image-36707\"\/><\/figure>\n\n\n\n<figure class=\"wp-block-image size-large\"><img loading=\"lazy\" decoding=\"async\" width=\"800\" height=\"450\" data-attachment-id=\"36708\" data-permalink=\"https:\/\/www.paudalho.pe.gov.br\/portal\/respeito-e-dialogo-inter-religioso-marcam-atividades-da-vi-jornada-do-patrimonio-cultural-em-paudalho\/img-20250815-wa0033\/\" data-orig-file=\"https:\/\/www.paudalho.pe.gov.br\/portal\/wp-content\/uploads\/2025\/08\/IMG-20250815-WA0033-scaled.jpg\" data-orig-size=\"2560,1228\" data-comments-opened=\"1\" data-image-meta=\"{&quot;aperture&quot;:&quot;0&quot;,&quot;credit&quot;:&quot;&quot;,&quot;camera&quot;:&quot;&quot;,&quot;caption&quot;:&quot;&quot;,&quot;created_timestamp&quot;:&quot;0&quot;,&quot;copyright&quot;:&quot;&quot;,&quot;focal_length&quot;:&quot;0&quot;,&quot;iso&quot;:&quot;0&quot;,&quot;shutter_speed&quot;:&quot;0&quot;,&quot;title&quot;:&quot;&quot;,&quot;orientation&quot;:&quot;0&quot;}\" data-image-title=\"IMG-20250815-WA0033\" data-image-description=\"\" data-image-caption=\"\" data-medium-file=\"https:\/\/www.paudalho.pe.gov.br\/portal\/wp-content\/uploads\/2025\/08\/IMG-20250815-WA0033-350x230.jpg\" data-large-file=\"https:\/\/www.paudalho.pe.gov.br\/portal\/wp-content\/uploads\/2025\/08\/IMG-20250815-WA0033-800x450.jpg\" data-id=\"36708\" src=\"https:\/\/www.paudalho.pe.gov.br\/portal\/wp-content\/uploads\/2025\/08\/IMG-20250815-WA0033-800x450.jpg\" alt=\"\" class=\"wp-image-36708\"\/><\/figure>\n<\/figure>\n","protected":false},"excerpt":{"rendered":"<p>A Prefeitura do Paudalho, por meio da Secretaria de Cultura e Turismo e da Secretaria de Educa\u00e7\u00e3o e Juventudes, levou nesta ter\u00e7a-feira (12) para a Escola Municipal Alcindo Lacerda, em Ch\u00e3 de Capoeira, uma a\u00e7\u00e3o especial da VI Jornada do Patrim\u00f4nio Cultural dedicada ao Respeito e ao Di\u00e1logo Inter-religioso. A iniciativa teve como objetivo promover [&hellip;]<\/p>\n","protected":false},"author":17,"featured_media":36699,"comment_status":"open","ping_status":"open","sticky":false,"template":"","format":"standard","meta":{"_jetpack_newsletter_access":"","_jetpack_dont_email_post_to_subs":false,"_jetpack_newsletter_tier_id":0,"_jetpack_memberships_contains_paywalled_content":false,"_jetpack_memberships_contains_paid_content":false,"footnotes":""},"categories":[1184,2,520,1],"tags":[],"class_list":["post-36695","post","type-post","status-publish","format-standard","has-post-thumbnail","hentry","category-cultura-2","category-destaque","category-educacao-2","category-noticias"],"jetpack_featured_media_url":"https:\/\/www.paudalho.pe.gov.br\/portal\/wp-content\/uploads\/2025\/08\/IMG-20250815-WA0101-scaled.jpg","jetpack_sharing_enabled":true,"jetpack_shortlink":"https:\/\/wp.me\/p98mS2-9xR","_links":{"self":[{"href":"https:\/\/www.paudalho.pe.gov.br\/portal\/wp-json\/wp\/v2\/posts\/36695","targetHints":{"allow":["GET"]}}],"collection":[{"href":"https:\/\/www.paudalho.pe.gov.br\/portal\/wp-json\/wp\/v2\/posts"}],"about":[{"href":"https:\/\/www.paudalho.pe.gov.br\/portal\/wp-json\/wp\/v2\/types\/post"}],"author":[{"embeddable":true,"href":"https:\/\/www.paudalho.pe.gov.br\/portal\/wp-json\/wp\/v2\/users\/17"}],"replies":[{"embeddable":true,"href":"https:\/\/www.paudalho.pe.gov.br\/portal\/wp-json\/wp\/v2\/comments?post=36695"}],"version-history":[{"count":1,"href":"https:\/\/www.paudalho.pe.gov.br\/portal\/wp-json\/wp\/v2\/posts\/36695\/revisions"}],"predecessor-version":[{"id":36709,"href":"https:\/\/www.paudalho.pe.gov.br\/portal\/wp-json\/wp\/v2\/posts\/36695\/revisions\/36709"}],"wp:featuredmedia":[{"embeddable":true,"href":"https:\/\/www.paudalho.pe.gov.br\/portal\/wp-json\/wp\/v2\/media\/36699"}],"wp:attachment":[{"href":"https:\/\/www.paudalho.pe.gov.br\/portal\/wp-json\/wp\/v2\/media?parent=36695"}],"wp:term":[{"taxonomy":"category","embeddable":true,"href":"https:\/\/www.paudalho.pe.gov.br\/portal\/wp-json\/wp\/v2\/categories?post=36695"},{"taxonomy":"post_tag","embeddable":true,"href":"https:\/\/www.paudalho.pe.gov.br\/portal\/wp-json\/wp\/v2\/tags?post=36695"}],"curies":[{"name":"wp","href":"https:\/\/api.w.org\/{rel}","templated":true}]}}