{"id":36691,"date":"2025-08-13T12:53:18","date_gmt":"2025-08-13T15:53:18","guid":{"rendered":"https:\/\/www.paudalho.pe.gov.br\/portal\/?p=36691"},"modified":"2025-08-13T12:53:18","modified_gmt":"2025-08-13T15:53:18","slug":"prefeitura-de-paudalho-realiza-3o-encontro-de-formadores-do-programa-crianca-alfabetizada","status":"publish","type":"post","link":"https:\/\/www.paudalho.pe.gov.br\/portal\/prefeitura-de-paudalho-realiza-3o-encontro-de-formadores-do-programa-crianca-alfabetizada\/","title":{"rendered":"Prefeitura de Paudalho realiza 3\u00ba encontro de formadores do Programa Crian\u00e7a Alfabetizada"},"content":{"rendered":"\n<p>A Prefeitura do Paudalho, por meio da Secretaria de Educa\u00e7\u00e3o e Juventudes e da Ger\u00eancia de Desenvolvimento Educacional (GDE), realizou nesta ter\u00e7a-feira (12) o 3\u00ba encontro de formadores do Programa Crian\u00e7a Alfabetizada, voltado para professores do 1\u00ba e 2\u00ba ano do Ensino Fundamental, na disciplina de L\u00edngua Portuguesa.<\/p>\n\n\n\n<p>O encontro aconteceu na Escola Municipal Professora Marta Lira e teve como tema \u201cEnsino e Avalia\u00e7\u00e3o da Produ\u00e7\u00e3o Textual em Turmas do 1\u00ba e 2\u00ba anos\u201d. A forma\u00e7\u00e3o buscou fortalecer pr\u00e1ticas pedag\u00f3gicas que incentivem a escrita e o desenvolvimento das compet\u00eancias lingu\u00edsticas dos estudantes, contribuindo para o avan\u00e7o da alfabetiza\u00e7\u00e3o no munic\u00edpio.<\/p>\n\n\n\n<figure class=\"wp-block-gallery has-nested-images columns-default is-cropped wp-block-gallery-1 is-layout-flex wp-block-gallery-is-layout-flex\">\n<figure class=\"wp-block-image size-large\"><img loading=\"lazy\" decoding=\"async\" width=\"800\" height=\"450\" data-attachment-id=\"36693\" data-permalink=\"https:\/\/www.paudalho.pe.gov.br\/portal\/prefeitura-de-paudalho-realiza-3o-encontro-de-formadores-do-programa-crianca-alfabetizada\/3fbbb73d-6de9-4d61-a8b1-000ba7bc7330\/\" data-orig-file=\"https:\/\/www.paudalho.pe.gov.br\/portal\/wp-content\/uploads\/2025\/08\/3fbbb73d-6de9-4d61-a8b1-000ba7bc7330.jpeg\" data-orig-size=\"1280,963\" data-comments-opened=\"1\" data-image-meta=\"{&quot;aperture&quot;:&quot;0&quot;,&quot;credit&quot;:&quot;&quot;,&quot;camera&quot;:&quot;&quot;,&quot;caption&quot;:&quot;&quot;,&quot;created_timestamp&quot;:&quot;0&quot;,&quot;copyright&quot;:&quot;&quot;,&quot;focal_length&quot;:&quot;0&quot;,&quot;iso&quot;:&quot;0&quot;,&quot;shutter_speed&quot;:&quot;0&quot;,&quot;title&quot;:&quot;&quot;,&quot;orientation&quot;:&quot;0&quot;}\" data-image-title=\"3fbbb73d-6de9-4d61-a8b1-000ba7bc7330\" data-image-description=\"\" data-image-caption=\"\" data-medium-file=\"https:\/\/www.paudalho.pe.gov.br\/portal\/wp-content\/uploads\/2025\/08\/3fbbb73d-6de9-4d61-a8b1-000ba7bc7330-350x230.jpeg\" data-large-file=\"https:\/\/www.paudalho.pe.gov.br\/portal\/wp-content\/uploads\/2025\/08\/3fbbb73d-6de9-4d61-a8b1-000ba7bc7330-800x450.jpeg\" data-id=\"36693\" src=\"https:\/\/www.paudalho.pe.gov.br\/portal\/wp-content\/uploads\/2025\/08\/3fbbb73d-6de9-4d61-a8b1-000ba7bc7330-800x450.jpeg\" alt=\"\" class=\"wp-image-36693\"\/><\/figure>\n<\/figure>\n","protected":false},"excerpt":{"rendered":"<p>A Prefeitura do Paudalho, por meio da Secretaria de Educa\u00e7\u00e3o e Juventudes e da Ger\u00eancia de Desenvolvimento Educacional (GDE), realizou nesta ter\u00e7a-feira (12) o 3\u00ba encontro de formadores do Programa Crian\u00e7a Alfabetizada, voltado para professores do 1\u00ba e 2\u00ba ano do Ensino Fundamental, na disciplina de L\u00edngua Portuguesa. O encontro aconteceu na Escola Municipal Professora [&hellip;]<\/p>\n","protected":false},"author":17,"featured_media":36692,"comment_status":"open","ping_status":"open","sticky":false,"template":"","format":"standard","meta":{"_jetpack_newsletter_access":"","_jetpack_dont_email_post_to_subs":false,"_jetpack_newsletter_tier_id":0,"_jetpack_memberships_contains_paywalled_content":false,"_jetpack_memberships_contains_paid_content":false,"footnotes":""},"categories":[2,520,1],"tags":[],"class_list":["post-36691","post","type-post","status-publish","format-standard","has-post-thumbnail","hentry","category-destaque","category-educacao-2","category-noticias"],"jetpack_featured_media_url":"https:\/\/www.paudalho.pe.gov.br\/portal\/wp-content\/uploads\/2025\/08\/e44f95a7-825f-4a6d-9d47-dddb7d3e390f.jpeg","jetpack_sharing_enabled":true,"jetpack_shortlink":"https:\/\/wp.me\/p98mS2-9xN","_links":{"self":[{"href":"https:\/\/www.paudalho.pe.gov.br\/portal\/wp-json\/wp\/v2\/posts\/36691","targetHints":{"allow":["GET"]}}],"collection":[{"href":"https:\/\/www.paudalho.pe.gov.br\/portal\/wp-json\/wp\/v2\/posts"}],"about":[{"href":"https:\/\/www.paudalho.pe.gov.br\/portal\/wp-json\/wp\/v2\/types\/post"}],"author":[{"embeddable":true,"href":"https:\/\/www.paudalho.pe.gov.br\/portal\/wp-json\/wp\/v2\/users\/17"}],"replies":[{"embeddable":true,"href":"https:\/\/www.paudalho.pe.gov.br\/portal\/wp-json\/wp\/v2\/comments?post=36691"}],"version-history":[{"count":1,"href":"https:\/\/www.paudalho.pe.gov.br\/portal\/wp-json\/wp\/v2\/posts\/36691\/revisions"}],"predecessor-version":[{"id":36694,"href":"https:\/\/www.paudalho.pe.gov.br\/portal\/wp-json\/wp\/v2\/posts\/36691\/revisions\/36694"}],"wp:featuredmedia":[{"embeddable":true,"href":"https:\/\/www.paudalho.pe.gov.br\/portal\/wp-json\/wp\/v2\/media\/36692"}],"wp:attachment":[{"href":"https:\/\/www.paudalho.pe.gov.br\/portal\/wp-json\/wp\/v2\/media?parent=36691"}],"wp:term":[{"taxonomy":"category","embeddable":true,"href":"https:\/\/www.paudalho.pe.gov.br\/portal\/wp-json\/wp\/v2\/categories?post=36691"},{"taxonomy":"post_tag","embeddable":true,"href":"https:\/\/www.paudalho.pe.gov.br\/portal\/wp-json\/wp\/v2\/tags?post=36691"}],"curies":[{"name":"wp","href":"https:\/\/api.w.org\/{rel}","templated":true}]}}