{"id":36686,"date":"2025-08-13T12:42:31","date_gmt":"2025-08-13T15:42:31","guid":{"rendered":"https:\/\/www.paudalho.pe.gov.br\/portal\/?p=36686"},"modified":"2025-08-13T12:42:31","modified_gmt":"2025-08-13T15:42:31","slug":"prefeitura-de-paudalho-inicia-vi-jornada-do-patrimonio-cultural-com-atividades-nas-escolas-e-exposicao-historica","status":"publish","type":"post","link":"https:\/\/www.paudalho.pe.gov.br\/portal\/prefeitura-de-paudalho-inicia-vi-jornada-do-patrimonio-cultural-com-atividades-nas-escolas-e-exposicao-historica\/","title":{"rendered":"Prefeitura de Paudalho inicia VI Jornada do Patrim\u00f4nio Cultural com atividades nas escolas e exposi\u00e7\u00e3o hist\u00f3rica"},"content":{"rendered":"\n<p>A Prefeitura do Paudalho, por meio da Secretaria de Cultura e Turismo e da Secretaria de Educa\u00e7\u00e3o e Juventudes, deu in\u00edcio nesta ter\u00e7a-feira (12) \u00e0 VI Jornada do Patrim\u00f4nio Cultural de Paudalho.<\/p>\n\n\n\n<p>A programa\u00e7\u00e3o levar\u00e1 \u00e0s escolas da Rede Municipal de Ensino a hist\u00f3ria da cidade, suas manifesta\u00e7\u00f5es culturais e seus lugares mais marcantes, promovendo um aprendizado que valoriza as ra\u00edzes e fortalece a identidade local.<\/p>\n\n\n\n<p>No primeiro dia, os estudantes da Escola Paulo VI, em Ch\u00e3 de Pinheiro, participaram de uma aula especial sobre a hist\u00f3ria do bairro onde vivem. J\u00e1 na Escola Alcindo Lacerda, em Ch\u00e3 de Capoeira, houve uma imers\u00e3o sobre respeito \u00e0 diversidade de cren\u00e7a e o di\u00e1logo inter-religioso.<\/p>\n\n\n\n<p>Como parte das atividades, a Sociedade de Cultura Art\u00edstica 22 de Novembro lan\u00e7ou a exposi\u00e7\u00e3o \u201cBanda 22 de Novembro: 173 anos alicer\u00e7ando as bases da musicalidade paudalhense\u201d. A mostra est\u00e1 aberta para visita\u00e7\u00e3o de mun\u00edcipes e estudantes, proporcionando um contato direto com a rica tradi\u00e7\u00e3o musical da cidade.<\/p>\n\n\n\n<figure class=\"wp-block-gallery has-nested-images columns-default is-cropped wp-block-gallery-1 is-layout-flex wp-block-gallery-is-layout-flex\">\n<figure class=\"wp-block-image size-large\"><img loading=\"lazy\" decoding=\"async\" width=\"800\" height=\"450\" data-attachment-id=\"36687\" data-permalink=\"https:\/\/www.paudalho.pe.gov.br\/portal\/prefeitura-de-paudalho-inicia-vi-jornada-do-patrimonio-cultural-com-atividades-nas-escolas-e-exposicao-historica\/a4349335-ee47-45b4-a462-3030479068d2\/\" data-orig-file=\"https:\/\/www.paudalho.pe.gov.br\/portal\/wp-content\/uploads\/2025\/08\/a4349335-ee47-45b4-a462-3030479068d2.jpeg\" data-orig-size=\"1600,1200\" data-comments-opened=\"1\" data-image-meta=\"{&quot;aperture&quot;:&quot;0&quot;,&quot;credit&quot;:&quot;&quot;,&quot;camera&quot;:&quot;&quot;,&quot;caption&quot;:&quot;&quot;,&quot;created_timestamp&quot;:&quot;0&quot;,&quot;copyright&quot;:&quot;&quot;,&quot;focal_length&quot;:&quot;0&quot;,&quot;iso&quot;:&quot;0&quot;,&quot;shutter_speed&quot;:&quot;0&quot;,&quot;title&quot;:&quot;&quot;,&quot;orientation&quot;:&quot;0&quot;}\" data-image-title=\"a4349335-ee47-45b4-a462-3030479068d2\" data-image-description=\"\" data-image-caption=\"\" data-medium-file=\"https:\/\/www.paudalho.pe.gov.br\/portal\/wp-content\/uploads\/2025\/08\/a4349335-ee47-45b4-a462-3030479068d2-350x230.jpeg\" data-large-file=\"https:\/\/www.paudalho.pe.gov.br\/portal\/wp-content\/uploads\/2025\/08\/a4349335-ee47-45b4-a462-3030479068d2-800x450.jpeg\" data-id=\"36687\" src=\"https:\/\/www.paudalho.pe.gov.br\/portal\/wp-content\/uploads\/2025\/08\/a4349335-ee47-45b4-a462-3030479068d2-800x450.jpeg\" alt=\"\" class=\"wp-image-36687\"\/><\/figure>\n<\/figure>\n","protected":false},"excerpt":{"rendered":"<p>A Prefeitura do Paudalho, por meio da Secretaria de Cultura e Turismo e da Secretaria de Educa\u00e7\u00e3o e Juventudes, deu in\u00edcio nesta ter\u00e7a-feira (12) \u00e0 VI Jornada do Patrim\u00f4nio Cultural de Paudalho. A programa\u00e7\u00e3o levar\u00e1 \u00e0s escolas da Rede Municipal de Ensino a hist\u00f3ria da cidade, suas manifesta\u00e7\u00f5es culturais e seus lugares mais marcantes, promovendo [&hellip;]<\/p>\n","protected":false},"author":17,"featured_media":36688,"comment_status":"open","ping_status":"open","sticky":false,"template":"","format":"standard","meta":{"_jetpack_newsletter_access":"","_jetpack_dont_email_post_to_subs":false,"_jetpack_newsletter_tier_id":0,"_jetpack_memberships_contains_paywalled_content":false,"_jetpack_memberships_contains_paid_content":false,"footnotes":""},"categories":[1184,2,520,1],"tags":[],"class_list":["post-36686","post","type-post","status-publish","format-standard","has-post-thumbnail","hentry","category-cultura-2","category-destaque","category-educacao-2","category-noticias"],"jetpack_featured_media_url":"https:\/\/www.paudalho.pe.gov.br\/portal\/wp-content\/uploads\/2025\/08\/cc87219c-7073-433f-8264-24e4edf4a4c4.jpeg","jetpack_sharing_enabled":true,"jetpack_shortlink":"https:\/\/wp.me\/p98mS2-9xI","_links":{"self":[{"href":"https:\/\/www.paudalho.pe.gov.br\/portal\/wp-json\/wp\/v2\/posts\/36686","targetHints":{"allow":["GET"]}}],"collection":[{"href":"https:\/\/www.paudalho.pe.gov.br\/portal\/wp-json\/wp\/v2\/posts"}],"about":[{"href":"https:\/\/www.paudalho.pe.gov.br\/portal\/wp-json\/wp\/v2\/types\/post"}],"author":[{"embeddable":true,"href":"https:\/\/www.paudalho.pe.gov.br\/portal\/wp-json\/wp\/v2\/users\/17"}],"replies":[{"embeddable":true,"href":"https:\/\/www.paudalho.pe.gov.br\/portal\/wp-json\/wp\/v2\/comments?post=36686"}],"version-history":[{"count":1,"href":"https:\/\/www.paudalho.pe.gov.br\/portal\/wp-json\/wp\/v2\/posts\/36686\/revisions"}],"predecessor-version":[{"id":36689,"href":"https:\/\/www.paudalho.pe.gov.br\/portal\/wp-json\/wp\/v2\/posts\/36686\/revisions\/36689"}],"wp:featuredmedia":[{"embeddable":true,"href":"https:\/\/www.paudalho.pe.gov.br\/portal\/wp-json\/wp\/v2\/media\/36688"}],"wp:attachment":[{"href":"https:\/\/www.paudalho.pe.gov.br\/portal\/wp-json\/wp\/v2\/media?parent=36686"}],"wp:term":[{"taxonomy":"category","embeddable":true,"href":"https:\/\/www.paudalho.pe.gov.br\/portal\/wp-json\/wp\/v2\/categories?post=36686"},{"taxonomy":"post_tag","embeddable":true,"href":"https:\/\/www.paudalho.pe.gov.br\/portal\/wp-json\/wp\/v2\/tags?post=36686"}],"curies":[{"name":"wp","href":"https:\/\/api.w.org\/{rel}","templated":true}]}}