{"id":36682,"date":"2025-08-13T12:27:28","date_gmt":"2025-08-13T15:27:28","guid":{"rendered":"https:\/\/www.paudalho.pe.gov.br\/portal\/?p=36682"},"modified":"2025-08-13T12:37:01","modified_gmt":"2025-08-13T15:37:01","slug":"paudalho-aprova-realizacao-da-10a-conferencia-municipal-de-saude","status":"publish","type":"post","link":"https:\/\/www.paudalho.pe.gov.br\/portal\/paudalho-aprova-realizacao-da-10a-conferencia-municipal-de-saude\/","title":{"rendered":"Paudalho aprova realiza\u00e7\u00e3o da 10\u00aa Confer\u00eancia Municipal de Sa\u00fade"},"content":{"rendered":"\n<p>O Conselho Municipal de Sa\u00fade de Paudalho, em conformidade com suas atribui\u00e7\u00f5es legais e com a Lei Federal n\u00ba 8.142\/1990, aprovou por meio da Resolu\u00e7\u00e3o n\u00ba 002\/2025 a cria\u00e7\u00e3o do Grupo de Trabalho respons\u00e1vel pela organiza\u00e7\u00e3o da 10\u00aa Confer\u00eancia Municipal de Sa\u00fade.<\/p>\n\n\n\n<div data-wp-interactive=\"core\/file\" class=\"wp-block-file\"><object data-wp-bind--hidden=\"!state.hasPdfPreview\" hidden class=\"wp-block-file__embed\" data=\"https:\/\/www.paudalho.pe.gov.br\/portal\/wp-content\/uploads\/2025\/08\/Resolucao_002_2025.pdf\" type=\"application\/pdf\" style=\"width:100%;height:600px\" aria-label=\"Incorporado de Resolucao_002_2025.\"><\/object><a id=\"wp-block-file--media-ab579aff-3af4-4320-a758-c346ad5fc8bc\" href=\"https:\/\/www.paudalho.pe.gov.br\/portal\/wp-content\/uploads\/2025\/08\/Resolucao_002_2025.pdf\">Resolucao_002_2025<\/a><a href=\"https:\/\/www.paudalho.pe.gov.br\/portal\/wp-content\/uploads\/2025\/08\/Resolucao_002_2025.pdf\" class=\"wp-block-file__button wp-element-button\" download aria-describedby=\"wp-block-file--media-ab579aff-3af4-4320-a758-c346ad5fc8bc\">Baixar<\/a><\/div>\n\n\n\n<p>O evento ser\u00e1 realizado no dia 27 de agosto de 2025, das 8h \u00e0s 17h, no Clube Estrela do Paudalho, e ter\u00e1 como tema central: &#8220;Avan\u00e7os do SUS em Paudalho: Fortalecendo a Rede do Cuidado&#8221;. A confer\u00eancia contar\u00e1 com a palestra de Rebeca Portela e abordar\u00e1 quatro eixos tem\u00e1ticos:<\/p>\n\n\n\n<p>Aten\u00e7\u00e3o Prim\u00e1ria \u2013 Fortalecendo o acesso da popula\u00e7\u00e3o paudalhense;<\/p>\n\n\n\n<p>M\u00e9dia e Alta Complexidade \u2013 Integra\u00e7\u00e3o do cuidado nas redes de aten\u00e7\u00e3o municipal;<\/p>\n\n\n\n<p>Vigil\u00e2ncia em Sa\u00fade \u2013 Estrat\u00e9gias para preven\u00e7\u00e3o e cuidado;<\/p>\n\n\n\n<p>Sa\u00fade do Trabalhador \u2013 Garantindo prote\u00e7\u00e3o e qualidade de vida no ambiente laboral.<\/p>\n\n\n\n<p>O encontro ser\u00e1 um espa\u00e7o democr\u00e1tico para a participa\u00e7\u00e3o da comunidade, profissionais e gestores, visando fortalecer as pol\u00edticas p\u00fablicas de sa\u00fade e aprimorar a rede de atendimento no munic\u00edpio.<\/p>\n\n\n\n<p>As inscri\u00e7\u00f5es j\u00e1 est\u00e3o abertas e podem ser feitas de forma online, atrav\u00e9s do link: <a href=\"https:\/\/forms.gle\/5WF4ZPu6NxUcShgV7\">https:\/\/forms.gle\/5WF4ZPu6NxUcShgV7<\/a><\/p>\n\n\n\n<p>A resolu\u00e7\u00e3o foi homologada pela secret\u00e1ria municipal de Sa\u00fade, Maria L\u00facia Matias Ferreira, refor\u00e7ando o compromisso da Prefeitura do Paudalho com a transpar\u00eancia e a constru\u00e7\u00e3o coletiva de um sistema de sa\u00fade mais eficiente e humanizado.<\/p>\n","protected":false},"excerpt":{"rendered":"<p>O Conselho Municipal de Sa\u00fade de Paudalho, em conformidade com suas atribui\u00e7\u00f5es legais e com a Lei Federal n\u00ba 8.142\/1990, aprovou por meio da Resolu\u00e7\u00e3o n\u00ba 002\/2025 a cria\u00e7\u00e3o do Grupo de Trabalho respons\u00e1vel pela organiza\u00e7\u00e3o da 10\u00aa Confer\u00eancia Municipal de Sa\u00fade. O evento ser\u00e1 realizado no dia 27 de agosto de 2025, das 8h [&hellip;]<\/p>\n","protected":false},"author":15,"featured_media":36684,"comment_status":"open","ping_status":"open","sticky":false,"template":"","format":"standard","meta":{"_jetpack_newsletter_access":"","_jetpack_dont_email_post_to_subs":false,"_jetpack_newsletter_tier_id":0,"_jetpack_memberships_contains_paywalled_content":false,"_jetpack_memberships_contains_paid_content":false,"footnotes":""},"categories":[2,1,3],"tags":[],"class_list":["post-36682","post","type-post","status-publish","format-standard","has-post-thumbnail","hentry","category-destaque","category-noticias","category-saude"],"jetpack_featured_media_url":"https:\/\/www.paudalho.pe.gov.br\/portal\/wp-content\/uploads\/2025\/08\/foto.webp","jetpack_sharing_enabled":true,"jetpack_shortlink":"https:\/\/wp.me\/p98mS2-9xE","_links":{"self":[{"href":"https:\/\/www.paudalho.pe.gov.br\/portal\/wp-json\/wp\/v2\/posts\/36682","targetHints":{"allow":["GET"]}}],"collection":[{"href":"https:\/\/www.paudalho.pe.gov.br\/portal\/wp-json\/wp\/v2\/posts"}],"about":[{"href":"https:\/\/www.paudalho.pe.gov.br\/portal\/wp-json\/wp\/v2\/types\/post"}],"author":[{"embeddable":true,"href":"https:\/\/www.paudalho.pe.gov.br\/portal\/wp-json\/wp\/v2\/users\/15"}],"replies":[{"embeddable":true,"href":"https:\/\/www.paudalho.pe.gov.br\/portal\/wp-json\/wp\/v2\/comments?post=36682"}],"version-history":[{"count":1,"href":"https:\/\/www.paudalho.pe.gov.br\/portal\/wp-json\/wp\/v2\/posts\/36682\/revisions"}],"predecessor-version":[{"id":36685,"href":"https:\/\/www.paudalho.pe.gov.br\/portal\/wp-json\/wp\/v2\/posts\/36682\/revisions\/36685"}],"wp:featuredmedia":[{"embeddable":true,"href":"https:\/\/www.paudalho.pe.gov.br\/portal\/wp-json\/wp\/v2\/media\/36684"}],"wp:attachment":[{"href":"https:\/\/www.paudalho.pe.gov.br\/portal\/wp-json\/wp\/v2\/media?parent=36682"}],"wp:term":[{"taxonomy":"category","embeddable":true,"href":"https:\/\/www.paudalho.pe.gov.br\/portal\/wp-json\/wp\/v2\/categories?post=36682"},{"taxonomy":"post_tag","embeddable":true,"href":"https:\/\/www.paudalho.pe.gov.br\/portal\/wp-json\/wp\/v2\/tags?post=36682"}],"curies":[{"name":"wp","href":"https:\/\/api.w.org\/{rel}","templated":true}]}}