{"id":36521,"date":"2025-07-10T16:10:00","date_gmt":"2025-07-10T19:10:00","guid":{"rendered":"https:\/\/www.paudalho.pe.gov.br\/portal\/?p=36521"},"modified":"2025-07-10T19:06:16","modified_gmt":"2025-07-10T22:06:16","slug":"gestores-escolares-participam-de-formacao-sobre-educacao-patrimonial-em-paudalho","status":"publish","type":"post","link":"https:\/\/www.paudalho.pe.gov.br\/portal\/gestores-escolares-participam-de-formacao-sobre-educacao-patrimonial-em-paudalho\/","title":{"rendered":"Gestores escolares participam de forma\u00e7\u00e3o sobre Educa\u00e7\u00e3o Patrimonial em Paudalho"},"content":{"rendered":"\n<p>A Prefeitura do Paudalho, por meio de uma parceria entre a Secretaria de Cultura e Turismo e a Secretaria de Educa\u00e7\u00e3o e Juventude, realizou nesta quarta-feira (9) uma forma\u00e7\u00e3o voltada para gestores da rede municipal de ensino, com o tema:<br>\u201cSaberes perif\u00e9ricos no centro do debate: Educa\u00e7\u00e3o Patrimonial e experi\u00eancias que potencializam a vida\u201d.<\/p>\n\n\n\n<p>O encontro foi realizado no CineTeatro Marco Camarotti e teve como foco a valoriza\u00e7\u00e3o da cultura local como elemento essencial para a forma\u00e7\u00e3o das novas gera\u00e7\u00f5es. A proposta foi refletir sobre a import\u00e2ncia da educa\u00e7\u00e3o patrimonial como ferramenta para fortalecer a identidade cultural e perpetuar os saberes tradicionais do munic\u00edpio.<\/p>\n\n\n\n<p>Durante a forma\u00e7\u00e3o, tamb\u00e9m foram discutidas as a\u00e7\u00f5es da 6\u00aa Jornada do Patrim\u00f4nio Cultural de Paudalho, que ocorrer\u00e1 entre os dias 12 e 22 de agosto, com apresenta\u00e7\u00f5es nas escolas da rede municipal. O evento ter\u00e1 como tema norteador \u201cTodos pela preserva\u00e7\u00e3o\u201d e ser\u00e1 realizado em parceria com o Governo do Estado de Pernambuco, por meio da FUNDARPE.<\/p>\n\n\n\n<p>A iniciativa refor\u00e7a o compromisso da gest\u00e3o municipal com a preserva\u00e7\u00e3o da mem\u00f3ria cultural, a valoriza\u00e7\u00e3o dos territ\u00f3rios e o fortalecimento das pr\u00e1ticas pedag\u00f3gicas conectadas \u00e0 realidade dos estudantes.<\/p>\n\n\n\n<figure class=\"wp-block-image size-large\"><img loading=\"lazy\" decoding=\"async\" width=\"800\" height=\"450\" data-attachment-id=\"36522\" data-permalink=\"https:\/\/www.paudalho.pe.gov.br\/portal\/gestores-escolares-participam-de-formacao-sobre-educacao-patrimonial-em-paudalho\/6512963a-2cb7-4c73-861b-9d469510714c\/\" data-orig-file=\"https:\/\/www.paudalho.pe.gov.br\/portal\/wp-content\/uploads\/2025\/07\/6512963a-2cb7-4c73-861b-9d469510714c-scaled.jpeg\" data-orig-size=\"2560,1920\" data-comments-opened=\"1\" data-image-meta=\"{&quot;aperture&quot;:&quot;0&quot;,&quot;credit&quot;:&quot;&quot;,&quot;camera&quot;:&quot;&quot;,&quot;caption&quot;:&quot;&quot;,&quot;created_timestamp&quot;:&quot;1752092358&quot;,&quot;copyright&quot;:&quot;&quot;,&quot;focal_length&quot;:&quot;0&quot;,&quot;iso&quot;:&quot;0&quot;,&quot;shutter_speed&quot;:&quot;0&quot;,&quot;title&quot;:&quot;&quot;,&quot;orientation&quot;:&quot;0&quot;}\" data-image-title=\"6512963a-2cb7-4c73-861b-9d469510714c\" data-image-description=\"\" data-image-caption=\"\" data-medium-file=\"https:\/\/www.paudalho.pe.gov.br\/portal\/wp-content\/uploads\/2025\/07\/6512963a-2cb7-4c73-861b-9d469510714c-350x230.jpeg\" data-large-file=\"https:\/\/www.paudalho.pe.gov.br\/portal\/wp-content\/uploads\/2025\/07\/6512963a-2cb7-4c73-861b-9d469510714c-800x450.jpeg\" src=\"https:\/\/www.paudalho.pe.gov.br\/portal\/wp-content\/uploads\/2025\/07\/6512963a-2cb7-4c73-861b-9d469510714c-800x450.jpeg\" alt=\"\" class=\"wp-image-36522\"\/><\/figure>\n\n\n\n<figure class=\"wp-block-image size-large\"><img loading=\"lazy\" decoding=\"async\" width=\"800\" height=\"450\" data-attachment-id=\"36523\" data-permalink=\"https:\/\/www.paudalho.pe.gov.br\/portal\/gestores-escolares-participam-de-formacao-sobre-educacao-patrimonial-em-paudalho\/bcc17186-88ce-46a0-9d84-888e087ac9b3\/\" data-orig-file=\"https:\/\/www.paudalho.pe.gov.br\/portal\/wp-content\/uploads\/2025\/07\/bcc17186-88ce-46a0-9d84-888e087ac9b3-scaled.jpeg\" data-orig-size=\"2560,1920\" data-comments-opened=\"1\" data-image-meta=\"{&quot;aperture&quot;:&quot;0&quot;,&quot;credit&quot;:&quot;&quot;,&quot;camera&quot;:&quot;&quot;,&quot;caption&quot;:&quot;&quot;,&quot;created_timestamp&quot;:&quot;1752092359&quot;,&quot;copyright&quot;:&quot;&quot;,&quot;focal_length&quot;:&quot;0&quot;,&quot;iso&quot;:&quot;0&quot;,&quot;shutter_speed&quot;:&quot;0&quot;,&quot;title&quot;:&quot;&quot;,&quot;orientation&quot;:&quot;0&quot;}\" data-image-title=\"bcc17186-88ce-46a0-9d84-888e087ac9b3\" data-image-description=\"\" data-image-caption=\"\" data-medium-file=\"https:\/\/www.paudalho.pe.gov.br\/portal\/wp-content\/uploads\/2025\/07\/bcc17186-88ce-46a0-9d84-888e087ac9b3-350x230.jpeg\" data-large-file=\"https:\/\/www.paudalho.pe.gov.br\/portal\/wp-content\/uploads\/2025\/07\/bcc17186-88ce-46a0-9d84-888e087ac9b3-800x450.jpeg\" src=\"https:\/\/www.paudalho.pe.gov.br\/portal\/wp-content\/uploads\/2025\/07\/bcc17186-88ce-46a0-9d84-888e087ac9b3-800x450.jpeg\" alt=\"\" class=\"wp-image-36523\"\/><\/figure>\n\n\n\n<figure class=\"wp-block-image size-large\"><img loading=\"lazy\" decoding=\"async\" width=\"800\" height=\"450\" data-attachment-id=\"36524\" data-permalink=\"https:\/\/www.paudalho.pe.gov.br\/portal\/gestores-escolares-participam-de-formacao-sobre-educacao-patrimonial-em-paudalho\/3b48ac22-53f6-41ab-98e7-3897a485ef12\/\" data-orig-file=\"https:\/\/www.paudalho.pe.gov.br\/portal\/wp-content\/uploads\/2025\/07\/3b48ac22-53f6-41ab-98e7-3897a485ef12-scaled.jpeg\" data-orig-size=\"2560,1920\" data-comments-opened=\"1\" data-image-meta=\"{&quot;aperture&quot;:&quot;0&quot;,&quot;credit&quot;:&quot;&quot;,&quot;camera&quot;:&quot;&quot;,&quot;caption&quot;:&quot;&quot;,&quot;created_timestamp&quot;:&quot;1752092359&quot;,&quot;copyright&quot;:&quot;&quot;,&quot;focal_length&quot;:&quot;0&quot;,&quot;iso&quot;:&quot;0&quot;,&quot;shutter_speed&quot;:&quot;0&quot;,&quot;title&quot;:&quot;&quot;,&quot;orientation&quot;:&quot;0&quot;}\" data-image-title=\"3b48ac22-53f6-41ab-98e7-3897a485ef12\" data-image-description=\"\" data-image-caption=\"\" data-medium-file=\"https:\/\/www.paudalho.pe.gov.br\/portal\/wp-content\/uploads\/2025\/07\/3b48ac22-53f6-41ab-98e7-3897a485ef12-350x230.jpeg\" data-large-file=\"https:\/\/www.paudalho.pe.gov.br\/portal\/wp-content\/uploads\/2025\/07\/3b48ac22-53f6-41ab-98e7-3897a485ef12-800x450.jpeg\" src=\"https:\/\/www.paudalho.pe.gov.br\/portal\/wp-content\/uploads\/2025\/07\/3b48ac22-53f6-41ab-98e7-3897a485ef12-800x450.jpeg\" alt=\"\" class=\"wp-image-36524\"\/><\/figure>\n","protected":false},"excerpt":{"rendered":"<p>A Prefeitura do Paudalho, por meio de uma parceria entre a Secretaria de Cultura e Turismo e a Secretaria de Educa\u00e7\u00e3o e Juventude, realizou nesta quarta-feira (9) uma forma\u00e7\u00e3o voltada para gestores da rede municipal de ensino, com o tema:\u201cSaberes perif\u00e9ricos no centro do debate: Educa\u00e7\u00e3o Patrimonial e experi\u00eancias que potencializam a vida\u201d. O encontro [&hellip;]<\/p>\n","protected":false},"author":17,"featured_media":36525,"comment_status":"open","ping_status":"open","sticky":false,"template":"","format":"standard","meta":{"_jetpack_newsletter_access":"","_jetpack_dont_email_post_to_subs":false,"_jetpack_newsletter_tier_id":0,"_jetpack_memberships_contains_paywalled_content":false,"_jetpack_memberships_contains_paid_content":false,"footnotes":""},"categories":[1184,4,1],"tags":[],"class_list":["post-36521","post","type-post","status-publish","format-standard","has-post-thumbnail","hentry","category-cultura-2","category-educacao","category-noticias"],"jetpack_featured_media_url":"https:\/\/www.paudalho.pe.gov.br\/portal\/wp-content\/uploads\/2025\/07\/6103ef3b-e28c-4171-952e-f47d25712367-scaled.jpeg","jetpack_sharing_enabled":true,"jetpack_shortlink":"https:\/\/wp.me\/p98mS2-9v3","_links":{"self":[{"href":"https:\/\/www.paudalho.pe.gov.br\/portal\/wp-json\/wp\/v2\/posts\/36521","targetHints":{"allow":["GET"]}}],"collection":[{"href":"https:\/\/www.paudalho.pe.gov.br\/portal\/wp-json\/wp\/v2\/posts"}],"about":[{"href":"https:\/\/www.paudalho.pe.gov.br\/portal\/wp-json\/wp\/v2\/types\/post"}],"author":[{"embeddable":true,"href":"https:\/\/www.paudalho.pe.gov.br\/portal\/wp-json\/wp\/v2\/users\/17"}],"replies":[{"embeddable":true,"href":"https:\/\/www.paudalho.pe.gov.br\/portal\/wp-json\/wp\/v2\/comments?post=36521"}],"version-history":[{"count":1,"href":"https:\/\/www.paudalho.pe.gov.br\/portal\/wp-json\/wp\/v2\/posts\/36521\/revisions"}],"predecessor-version":[{"id":36526,"href":"https:\/\/www.paudalho.pe.gov.br\/portal\/wp-json\/wp\/v2\/posts\/36521\/revisions\/36526"}],"wp:featuredmedia":[{"embeddable":true,"href":"https:\/\/www.paudalho.pe.gov.br\/portal\/wp-json\/wp\/v2\/media\/36525"}],"wp:attachment":[{"href":"https:\/\/www.paudalho.pe.gov.br\/portal\/wp-json\/wp\/v2\/media?parent=36521"}],"wp:term":[{"taxonomy":"category","embeddable":true,"href":"https:\/\/www.paudalho.pe.gov.br\/portal\/wp-json\/wp\/v2\/categories?post=36521"},{"taxonomy":"post_tag","embeddable":true,"href":"https:\/\/www.paudalho.pe.gov.br\/portal\/wp-json\/wp\/v2\/tags?post=36521"}],"curies":[{"name":"wp","href":"https:\/\/api.w.org\/{rel}","templated":true}]}}