{"id":3649,"date":"2018-08-13T00:05:47","date_gmt":"2018-08-13T03:05:47","guid":{"rendered":"http:\/\/www.paudalho.pe.gov.br\/portal\/?p=3649"},"modified":"2018-08-13T00:43:10","modified_gmt":"2018-08-13T03:43:10","slug":"com-estrutura-impressionante-centro-de-parto-normal-do-paudalho-gabrielly-ramos-e-inaugurado","status":"publish","type":"post","link":"https:\/\/www.paudalho.pe.gov.br\/portal\/com-estrutura-impressionante-centro-de-parto-normal-do-paudalho-gabrielly-ramos-e-inaugurado\/","title":{"rendered":"Com estrutura impressionante,  Centro de Parto Normal do Paudalho Gabrielly Ramos \u00e9 inaugurado"},"content":{"rendered":"<p>Num esfor\u00e7o de reduzir as ces\u00e1reas no mundo, a Organiza\u00e7\u00e3o Mundial da Sa\u00fade (OMS) publicou no m\u00eas de fevereiro de 2018, novas recomenda\u00e7\u00f5es sobre padr\u00f5es de tratamento e cuidados relacionados \u00e0s mulheres gr\u00e1vidas. A a\u00e7\u00e3o visa reduzir interven\u00e7\u00f5es m\u00e9dicas desnecess\u00e1rias. Segundo a OMS, dados de 2016 mostram que o Brasil \u00e9 um dos l\u00edderes em ces\u00e1reas no mundo e alerta que o aumento nas pr\u00e1ticas em partos se transformou em uma \u201cepidemia\u201d. A organiza\u00e7\u00e3o estima que a taxa m\u00e9dia mundial de ces\u00e1reas seja de 18,6% dos partos. Em 1990, esse \u00edndice representava apenas 6%.<\/p>\n<p>Em m\u00e9dia, o percentual de ces\u00e1reas hoje na Europa \u00e9 de 25%, h\u00e1 20 anos o n\u00famero era de 15%. Nos EUA, a taxa \u00e9 de 32,8%. J\u00e1 no Brasil, os dados de 2016 apontam que 55,6% dos partos no pa\u00eds foram de cesarianas, a segunda maior taxa do mundo, j\u00e1 que o pa\u00eds s\u00f3 fica atr\u00e1s da Rep\u00fablica Dominicana, que aparece com 56%. Segundo dados divulgados em 2017 pelo Minist\u00e9rio da Sa\u00fade, pela primeira vez desde 2010, o n\u00famero de cesarianas na rede p\u00fablica e privada de sa\u00fade n\u00e3o havia crescido no pa\u00eds. O tipo de procedimento caiu 1,5 ponto percentual em 2015. Dos tr\u00eas milh\u00f5es de partos realizados no Brasil no per\u00edodo, 55,5% foram ces\u00e1reas e 44,5% foram partos normais. Os n\u00fameros mostram ainda que, considerando apenas partos realizados no Sistema \u00danico de Sa\u00fade (SUS), o percentual \u00e9 de 59,8% de partos normais, contra 40,2% de cesarianas.<\/p>\n<p>E mostrando preocupa\u00e7\u00e3o com a sa\u00fade, bem-estar e escolha da Mulher, a Prefeitura do Paudalho inaugurou no \u00faltimo s\u00e1bado (11) o Centro de Parto Normal do Paudalho Gabrielly Ramos. Centenas de pessoas participaram da solenidade na unidade que fica na comunidade do Alto do Hospital, no bairro de Santa Tereza. O local impressionou pela estrutura que oferta su\u00edtes individuais para cada m\u00e3e, com banheiros equipados e ainda locais de banho de sol para o beb\u00ea.<\/p>\n<p>Cada quarto conta com equipamentos de \u00faltima gera\u00e7\u00e3o, wifi e Smarts TVs com servi\u00e7os de streaming. Na unidade de sa\u00fade, as gestantes v\u00e3o ter um atendimento humanizado com equipes de m\u00e9dicos, enfermeiras que receber\u00e3o capacita\u00e7\u00e3o com cerca de oito enfermeiras obstetras. \u201cNa hora de parir a gestante dar\u00e1 a \u201cluz\u201d\u201c a crian\u00e7a em uma banheira especializada para o processo. O objetivo \u00e9 respeitar a vontade da m\u00e3e. O Centro possui uma a\u00e9rea de aproximadamente 502 metros quadrados em um investimento total de quase R$ 1 Milh\u00e3o.<\/p>\n\r\n\t\t<style type='text\/css'>\r\n\t\t\t#gallery-1 {\r\n\t\t\t\tmargin: auto;\r\n\t\t\t}\r\n\t\t\t#gallery-1 .gallery-item {\r\n\t\t\t\tfloat: left;\r\n\t\t\t\tmargin-top: 10px;\r\n\t\t\t\ttext-align: center;\r\n\t\t\t\twidth: 33%;\r\n\t\t\t}\r\n\t\t\t#gallery-1 img {\r\n\t\t\t\tborder: 2px solid #cfcfcf;\r\n\t\t\t}\r\n\t\t\t#gallery-1 .gallery-caption {\r\n\t\t\t\tmargin-left: 0;\r\n\t\t\t}\r\n\t\t<\/style>\r\n\t\t<!-- see gallery_shortcode() in wp-includes\/media.php -->\n\t\t<div data-carousel-extra='{\"blog_id\":1,\"permalink\":\"https:\\\/\\\/www.paudalho.pe.gov.br\\\/portal\\\/com-estrutura-impressionante-centro-de-parto-normal-do-paudalho-gabrielly-ramos-e-inaugurado\\\/\"}' id='gallery-1' class='gallery galleryid-3649 gallery-columns-3 gallery-size-thumbnail gallery1'><script type=\"text\/javascript\">\r\n\/\/ <![CDATA[\r\n\tjQuery(document).ready(function () {\r\n\t\tjQuery(\".gallery1 a\").attr(\"rel\",\"gallery1\");\t\r\n\t\tjQuery('a[rel=\"gallery1\"]').colorbox({maxWidth:\"95%\", maxHeight:\"95%\",title: function(){ return jQuery(this).children().attr(\"alt\"); }, });\r\n\t});\r\n\/\/ ]]>\r\n<\/script>\n<dl class=\"gallery-item\">\n<dt class=\"gallery-icon\">\r\n<a href=\"https:\/\/www.paudalho.pe.gov.br\/portal\/wp-content\/uploads\/2018\/08\/9db787d9-b058-4b75-aca2-13c7222be78b.jpg\" title=\"\" rel=\"gallery1\"><img loading=\"lazy\" decoding=\"async\" src=\"https:\/\/www.paudalho.pe.gov.br\/portal\/wp-content\/uploads\/2018\/08\/9db787d9-b058-4b75-aca2-13c7222be78b-200x160.jpg\" width=\"150\" height=\"120\" alt=\"\" \/><\/a>\r\n<\/dt><\/dl><dl class=\"gallery-item\">\n<dt class=\"gallery-icon\">\r\n<a href=\"https:\/\/www.paudalho.pe.gov.br\/portal\/wp-content\/uploads\/2018\/08\/5697128b-2cbc-402f-af4c-0398ca844720.jpg\" title=\"\" rel=\"gallery1\"><img loading=\"lazy\" decoding=\"async\" src=\"https:\/\/www.paudalho.pe.gov.br\/portal\/wp-content\/uploads\/2018\/08\/5697128b-2cbc-402f-af4c-0398ca844720-200x160.jpg\" width=\"150\" height=\"120\" alt=\"\" \/><\/a>\r\n<\/dt><\/dl><dl class=\"gallery-item\">\n<dt class=\"gallery-icon\">\r\n<a href=\"https:\/\/www.paudalho.pe.gov.br\/portal\/wp-content\/uploads\/2018\/08\/DAVI9781.jpg\" title=\"\" rel=\"gallery1\"><img loading=\"lazy\" decoding=\"async\" src=\"https:\/\/www.paudalho.pe.gov.br\/portal\/wp-content\/uploads\/2018\/08\/DAVI9781-200x160.jpg\" width=\"150\" height=\"120\" alt=\"\" \/><\/a>\r\n<\/dt><\/dl><br style=\"clear: both\" \/><dl class=\"gallery-item\">\n<dt class=\"gallery-icon\">\r\n<a href=\"https:\/\/www.paudalho.pe.gov.br\/portal\/wp-content\/uploads\/2018\/08\/DAVI9785-1.jpg\" title=\"\" rel=\"gallery1\"><img loading=\"lazy\" decoding=\"async\" src=\"https:\/\/www.paudalho.pe.gov.br\/portal\/wp-content\/uploads\/2018\/08\/DAVI9785-1-200x160.jpg\" width=\"150\" height=\"120\" alt=\"\" \/><\/a>\r\n<\/dt><\/dl><dl class=\"gallery-item\">\n<dt class=\"gallery-icon\">\r\n<a href=\"https:\/\/www.paudalho.pe.gov.br\/portal\/wp-content\/uploads\/2018\/08\/DAVI9786.jpg\" title=\"\" rel=\"gallery1\"><img loading=\"lazy\" decoding=\"async\" src=\"https:\/\/www.paudalho.pe.gov.br\/portal\/wp-content\/uploads\/2018\/08\/DAVI9786-200x160.jpg\" width=\"150\" height=\"120\" alt=\"\" \/><\/a>\r\n<\/dt><\/dl><dl class=\"gallery-item\">\n<dt class=\"gallery-icon\">\r\n<a href=\"https:\/\/www.paudalho.pe.gov.br\/portal\/wp-content\/uploads\/2018\/08\/DAVI9787.jpg\" title=\"\" rel=\"gallery1\"><img loading=\"lazy\" decoding=\"async\" src=\"https:\/\/www.paudalho.pe.gov.br\/portal\/wp-content\/uploads\/2018\/08\/DAVI9787-200x160.jpg\" width=\"150\" height=\"120\" alt=\"\" \/><\/a>\r\n<\/dt><\/dl><br style=\"clear: both\" \/><dl class=\"gallery-item\">\n<dt class=\"gallery-icon\">\r\n<a href=\"https:\/\/www.paudalho.pe.gov.br\/portal\/wp-content\/uploads\/2018\/08\/DAVI9790.jpg\" title=\"\" rel=\"gallery1\"><img loading=\"lazy\" decoding=\"async\" src=\"https:\/\/www.paudalho.pe.gov.br\/portal\/wp-content\/uploads\/2018\/08\/DAVI9790-200x160.jpg\" width=\"150\" height=\"120\" alt=\"\" \/><\/a>\r\n<\/dt><\/dl><dl class=\"gallery-item\">\n<dt class=\"gallery-icon\">\r\n<a href=\"https:\/\/www.paudalho.pe.gov.br\/portal\/wp-content\/uploads\/2018\/08\/DAVI9792.jpg\" title=\"\" rel=\"gallery1\"><img loading=\"lazy\" decoding=\"async\" src=\"https:\/\/www.paudalho.pe.gov.br\/portal\/wp-content\/uploads\/2018\/08\/DAVI9792-200x160.jpg\" width=\"150\" height=\"120\" alt=\"\" \/><\/a>\r\n<\/dt><\/dl><dl class=\"gallery-item\">\n<dt class=\"gallery-icon\">\r\n<a href=\"https:\/\/www.paudalho.pe.gov.br\/portal\/wp-content\/uploads\/2018\/08\/DAVI9796.jpg\" title=\"\" rel=\"gallery1\"><img loading=\"lazy\" decoding=\"async\" src=\"https:\/\/www.paudalho.pe.gov.br\/portal\/wp-content\/uploads\/2018\/08\/DAVI9796-200x160.jpg\" width=\"150\" height=\"120\" alt=\"\" \/><\/a>\r\n<\/dt><\/dl><br style=\"clear: both\" \/><dl class=\"gallery-item\">\n<dt class=\"gallery-icon\">\r\n<a href=\"https:\/\/www.paudalho.pe.gov.br\/portal\/wp-content\/uploads\/2018\/08\/DAVI9800.jpg\" title=\"\" rel=\"gallery1\"><img loading=\"lazy\" decoding=\"async\" src=\"https:\/\/www.paudalho.pe.gov.br\/portal\/wp-content\/uploads\/2018\/08\/DAVI9800-200x160.jpg\" width=\"150\" height=\"120\" alt=\"\" \/><\/a>\r\n<\/dt><\/dl><dl class=\"gallery-item\">\n<dt class=\"gallery-icon\">\r\n<a href=\"https:\/\/www.paudalho.pe.gov.br\/portal\/wp-content\/uploads\/2018\/08\/DAVI9805.jpg\" title=\"\" rel=\"gallery1\"><img loading=\"lazy\" decoding=\"async\" src=\"https:\/\/www.paudalho.pe.gov.br\/portal\/wp-content\/uploads\/2018\/08\/DAVI9805-200x160.jpg\" width=\"150\" height=\"120\" alt=\"\" \/><\/a>\r\n<\/dt><\/dl><dl class=\"gallery-item\">\n<dt class=\"gallery-icon\">\r\n<a href=\"https:\/\/www.paudalho.pe.gov.br\/portal\/wp-content\/uploads\/2018\/08\/DAVI9848.jpg\" title=\"\" rel=\"gallery1\"><img loading=\"lazy\" decoding=\"async\" src=\"https:\/\/www.paudalho.pe.gov.br\/portal\/wp-content\/uploads\/2018\/08\/DAVI9848-200x160.jpg\" width=\"150\" height=\"120\" alt=\"\" \/><\/a>\r\n<\/dt><\/dl><br style=\"clear: both\" \/><dl class=\"gallery-item\">\n<dt class=\"gallery-icon\">\r\n<a href=\"https:\/\/www.paudalho.pe.gov.br\/portal\/wp-content\/uploads\/2018\/08\/DAVI9911.jpg\" title=\"\" rel=\"gallery1\"><img loading=\"lazy\" decoding=\"async\" src=\"https:\/\/www.paudalho.pe.gov.br\/portal\/wp-content\/uploads\/2018\/08\/DAVI9911-200x160.jpg\" width=\"150\" height=\"120\" alt=\"\" \/><\/a>\r\n<\/dt><\/dl><dl class=\"gallery-item\">\n<dt class=\"gallery-icon\">\r\n<a href=\"https:\/\/www.paudalho.pe.gov.br\/portal\/wp-content\/uploads\/2018\/08\/DSC06593.jpg\" title=\"\" rel=\"gallery1\"><img loading=\"lazy\" decoding=\"async\" src=\"https:\/\/www.paudalho.pe.gov.br\/portal\/wp-content\/uploads\/2018\/08\/DSC06593-200x160.jpg\" width=\"150\" height=\"120\" alt=\"\" \/><\/a>\r\n<\/dt><\/dl>\r\n\t\t\t<br style='clear: both' \/>\r\n\t\t<\/div>\n\n<p>A servi\u00e7o gerais, Lindinalva Maria, de 32 anos, participou da inaugura\u00e7\u00e3o e comemorou mais uma vit\u00f3ria da Sa\u00fade no Munic\u00edpio. \u201cEst\u00e1 tudo muito lindo, os quartos, as salas, o local todo. Nota 10. \u00c9 muito bom saber que agora a gente vai ter um lugar para ter nosso filhos com seguran\u00e7a\u201d, disse.<\/p>\n<p>De acordo com a gest\u00e3o, o objetivo principal da unidade \u00e9 devolver aos paudalhenses o direito de nascer em Paudalho. Emocionado e visivelmente feliz, o prefeito Marcelo Gouveia comentou que o Centro foi pensado em cada detalhe. \u201cEu acho que as grandes coisas est\u00e3o nos detalhes. N\u00f3s pensamos em cada pequeno aqui. Pensamos na porta autom\u00e1tica, nos quadrinhos de cada porta para as m\u00e3es colocarem o nome dos filhos. Nas camas, nas TVs, na comodidade de ter at\u00e9 aplicativos para filmes. Tudo isso foi pensado e eu estou muito feliz porque, agora o paudalhense vai nascer em Paudalho\u201d, comemorou.<\/p>\n<p>&nbsp;<\/p>\n<p><img loading=\"lazy\" decoding=\"async\" data-attachment-id=\"3668\" data-permalink=\"https:\/\/www.paudalho.pe.gov.br\/portal\/com-estrutura-impressionante-centro-de-parto-normal-do-paudalho-gabrielly-ramos-e-inaugurado\/davi9883\/\" data-orig-file=\"https:\/\/www.paudalho.pe.gov.br\/portal\/wp-content\/uploads\/2018\/08\/DAVI9883.jpg\" data-orig-size=\"4512,2865\" data-comments-opened=\"1\" data-image-meta=\"{&quot;aperture&quot;:&quot;4&quot;,&quot;credit&quot;:&quot;&quot;,&quot;camera&quot;:&quot;Canon EOS 5D Mark III&quot;,&quot;caption&quot;:&quot;&quot;,&quot;created_timestamp&quot;:&quot;1534020861&quot;,&quot;copyright&quot;:&quot;&quot;,&quot;focal_length&quot;:&quot;70&quot;,&quot;iso&quot;:&quot;4000&quot;,&quot;shutter_speed&quot;:&quot;0.01&quot;,&quot;title&quot;:&quot;&quot;,&quot;orientation&quot;:&quot;0&quot;}\" data-image-title=\"DAVI9883\" data-image-description=\"\" data-image-caption=\"&lt;p&gt;William F\u00e9lix\/PMP&lt;\/p&gt;\n\" data-medium-file=\"https:\/\/www.paudalho.pe.gov.br\/portal\/wp-content\/uploads\/2018\/08\/DAVI9883-350x230.jpg\" data-large-file=\"https:\/\/www.paudalho.pe.gov.br\/portal\/wp-content\/uploads\/2018\/08\/DAVI9883-800x450.jpg\" class=\"alignnone wp-image-3668\" src=\"http:\/\/www.paudalho.pe.gov.br\/portal\/wp-content\/uploads\/2018\/08\/DAVI9883-350x230.jpg\" alt=\"\" width=\"550\" height=\"361\" \/><\/p>\n<h2>Funcionamento<\/h2>\n<p>De acordo com a diretora da unidade, L\u00facia Matias, o atendimento no local come\u00e7a nas Unidades B\u00e1sicas de Sa\u00fade (UBSs). \u201cO Centro de Parto Normal vai receber todas as gestantes do Munic\u00edpio, de forma que o atendimento come\u00e7ar\u00e1 nos Postos de Sa\u00fade da Fam\u00edlia, onde elas v\u00e3o ser captadas. Elas v\u00e3o participar de reuni\u00f5es aqui com as enfermeiras, v\u00e3o conhecer o servi\u00e7o, como \u00e9 que ser\u00e1 no dia do parto e ao mesmo tempo elas receber\u00e3o orienta\u00e7\u00e3o sobre o parto. Ou seja, as obstetras v\u00e3o estar intergradas com as unidades da fam\u00edlia e todas as gestantes do Munic\u00edpio v\u00e3o ser vinculadas ao Centro de Parto\u201d, explicou. Ainda segundo a diretora L\u00facia Matias, o local oferta estrutura modelo. \u201cEu acho que n\u00f3s temos uma estrutura modelo que na regi\u00e3o n\u00e3o existe igual. A qualidade come\u00e7a com estrutura f\u00edsica e de profissionais\u201d, comentou.<\/p>\n<h2>Homenagem<\/h2>\n<p>Em 28 de julho de 2017, a paudalhense Nayane Ramos estava gr\u00e1vida e viu um dos seus maiores sonhos serem frustrados. Por falta de estrutura na regi\u00e3o, sua filha nasceu morta. Ao se deparar com a situa\u00e7\u00e3o, a Prefeitura decidiu homenagear a unidade com o nome da crian\u00e7a. \u201cSe existisse esse Centro do Parto eu tenho certeza que isso n\u00e3o teria acontecido. Porque eu creio que aqui t\u00eam pessoas bastante capacitadas. Foi uma perda muito grande!\u201d, disse.<\/p>\n<p>Gr\u00e1vida novamente, Nayane acredita que, agora a realidade \u00e9 outra. \u201cEu creio que terei meu filho ou filha aqui e que eu vou ter todo apoio. Quando aconteceu o fato, as pessoas de Paudalho, o prefeito foi maravilhoso, porque n\u00e3o tinha ambul\u00e2ncia e mandaram ambul\u00e2ncia. Eu estou muito feliz pela homenagem\u201d, contou.<\/p>\n<h2><strong><em>\u201cO que vem na minha cabe\u00e7a \u00e9 gratid\u00e3o. Eu perdi, mas muitas pessoas v\u00e3o ter aqui. Eu acredito que atrav\u00e9s da minha perda muitas pessoas v\u00e3o ganhar\u201d<\/em><\/strong><\/h2>\n<p><img loading=\"lazy\" decoding=\"async\" data-attachment-id=\"3674\" data-permalink=\"https:\/\/www.paudalho.pe.gov.br\/portal\/com-estrutura-impressionante-centro-de-parto-normal-do-paudalho-gabrielly-ramos-e-inaugurado\/76235f99-87f9-44dc-8b43-88596c5431c4\/\" data-orig-file=\"https:\/\/www.paudalho.pe.gov.br\/portal\/wp-content\/uploads\/2018\/08\/76235f99-87f9-44dc-8b43-88596c5431c4.jpg\" data-orig-size=\"1024,768\" data-comments-opened=\"1\" data-image-meta=\"{&quot;aperture&quot;:&quot;0&quot;,&quot;credit&quot;:&quot;&quot;,&quot;camera&quot;:&quot;&quot;,&quot;caption&quot;:&quot;&quot;,&quot;created_timestamp&quot;:&quot;0&quot;,&quot;copyright&quot;:&quot;&quot;,&quot;focal_length&quot;:&quot;0&quot;,&quot;iso&quot;:&quot;0&quot;,&quot;shutter_speed&quot;:&quot;0&quot;,&quot;title&quot;:&quot;&quot;,&quot;orientation&quot;:&quot;0&quot;}\" data-image-title=\"76235f99-87f9-44dc-8b43-88596c5431c4\" data-image-description=\"\" data-image-caption=\"\" data-medium-file=\"https:\/\/www.paudalho.pe.gov.br\/portal\/wp-content\/uploads\/2018\/08\/76235f99-87f9-44dc-8b43-88596c5431c4-350x230.jpg\" data-large-file=\"https:\/\/www.paudalho.pe.gov.br\/portal\/wp-content\/uploads\/2018\/08\/76235f99-87f9-44dc-8b43-88596c5431c4-800x450.jpg\" class=\"alignnone wp-image-3674\" src=\"http:\/\/www.paudalho.pe.gov.br\/portal\/wp-content\/uploads\/2018\/08\/76235f99-87f9-44dc-8b43-88596c5431c4-350x230.jpg\" alt=\"\" width=\"550\" height=\"361\" \/><\/p>\n<h2>Sa\u00fade funciona da aten\u00e7\u00e3o b\u00e1sica as especializadas<\/h2>\n<p>N\u00e3o \u00e9 apenas o Centro de Parto que mostra compet\u00eancia na estrutura. No mesmo dia, a Secretaria de Sa\u00fade entregou \u00e0 popula\u00e7\u00e3o sete novas ambul\u00e2ncias. \u201cN\u00f3s temos algumas comunidades de dif\u00edceis acessos, como Ch\u00e3 Alegre, Mussurepe, e essas ambul\u00e2ncias v\u00e3o ajudar muito\u201d, esclareceu o secret\u00e1rio de Sa\u00fade do Munic\u00edpio, Orlando Jorge.<\/p>\n<p><img loading=\"lazy\" decoding=\"async\" data-attachment-id=\"3669\" data-permalink=\"https:\/\/www.paudalho.pe.gov.br\/portal\/com-estrutura-impressionante-centro-de-parto-normal-do-paudalho-gabrielly-ramos-e-inaugurado\/davi9938\/\" data-orig-file=\"https:\/\/www.paudalho.pe.gov.br\/portal\/wp-content\/uploads\/2018\/08\/DAVI9938.jpg\" data-orig-size=\"5760,3840\" data-comments-opened=\"1\" data-image-meta=\"{&quot;aperture&quot;:&quot;2.8&quot;,&quot;credit&quot;:&quot;&quot;,&quot;camera&quot;:&quot;Canon EOS 5D Mark III&quot;,&quot;caption&quot;:&quot;&quot;,&quot;created_timestamp&quot;:&quot;1534023107&quot;,&quot;copyright&quot;:&quot;&quot;,&quot;focal_length&quot;:&quot;70&quot;,&quot;iso&quot;:&quot;3200&quot;,&quot;shutter_speed&quot;:&quot;0.008&quot;,&quot;title&quot;:&quot;&quot;,&quot;orientation&quot;:&quot;0&quot;}\" data-image-title=\"DAVI9938\" data-image-description=\"\" data-image-caption=\"\" data-medium-file=\"https:\/\/www.paudalho.pe.gov.br\/portal\/wp-content\/uploads\/2018\/08\/DAVI9938-350x230.jpg\" data-large-file=\"https:\/\/www.paudalho.pe.gov.br\/portal\/wp-content\/uploads\/2018\/08\/DAVI9938-800x450.jpg\" class=\"alignnone wp-image-3669\" src=\"http:\/\/www.paudalho.pe.gov.br\/portal\/wp-content\/uploads\/2018\/08\/DAVI9938-350x230.jpg\" alt=\"\" width=\"550\" height=\"361\" \/><\/p>\n<p>Na \u00faltima semana todas as Unidades B\u00e1sicas de Sa\u00fade foram equipadas com notebooks e computadores e todos os agentes de sa\u00fade j\u00e1 possuem tabletes para o melhor atendimento dos munic\u00edpes. Al\u00e9m disso, todas as UBSs possuem equipe com m\u00e9dicos, equipe de sa\u00fade bucal e enfermeiros. No Centro de Especialidades s\u00e3o ofertados servi\u00e7os de sa\u00fade como oftalmologia, cardiologia, psicologia, exames de ultrassom, entre outros.<br \/>\nUm marco no Munic\u00edpio, o Laborat\u00f3rio Municipal j\u00e1 oferta mais de 75 tipos de exames, totalizando mais de 20 mil exames por m\u00eas. Outro local que nos enche de orgulho \u00e9 Unidade de Pronto Atendimento Laura Bandeira de Melo (UPA Paudalho). O espa\u00e7o oferta servi\u00e7o de urg\u00eancia e emerg\u00eancia e, como o Centro de Parto, acolhe populares de toda a regi\u00e3o.<\/p>\n<h2>Novos rumos<\/h2>\n<p>De acordo com a gest\u00e3o, o trabalho n\u00e3o para. Al\u00e9m dos tr\u00eas postos de sa\u00fade que est\u00e3o sendo constru\u00eddos nos bairros do Bel\u00e9m, Primavera e Alto dois Irm\u00e3os, outros ser\u00e3o entregues. S\u00e3o eles: Equador I, Guadalajara IV e Primavera III. O prefeito ainda ratificou que um outro desafio \u00e9 colocar em funcionamento um bloco cir\u00fargico.<\/p>\n","protected":false},"excerpt":{"rendered":"<p>Num esfor\u00e7o de reduzir as ces\u00e1reas no mundo, a Organiza\u00e7\u00e3o Mundial da Sa\u00fade (OMS) publicou no m\u00eas de fevereiro de 2018, novas recomenda\u00e7\u00f5es sobre padr\u00f5es de tratamento e cuidados relacionados \u00e0s mulheres gr\u00e1vidas. A a\u00e7\u00e3o visa reduzir interven\u00e7\u00f5es m\u00e9dicas desnecess\u00e1rias. Segundo a OMS, dados de 2016 mostram que o Brasil \u00e9 um dos l\u00edderes em [&hellip;]<\/p>\n","protected":false},"author":4,"featured_media":3650,"comment_status":"open","ping_status":"open","sticky":false,"template":"","format":"standard","meta":{"_jetpack_newsletter_access":"","_jetpack_dont_email_post_to_subs":false,"_jetpack_newsletter_tier_id":0,"_jetpack_memberships_contains_paywalled_content":false,"_jetpack_memberships_contains_paid_content":false,"footnotes":""},"categories":[2,1,3],"tags":[357,339],"class_list":["post-3649","post","type-post","status-publish","format-standard","has-post-thumbnail","hentry","category-destaque","category-noticias","category-saude","tag-centro-de-parto-normal-do-paudalho-gabrielly-ramos-e-inaugurado-na-mata-norte","tag-inauguracao"],"jetpack_featured_media_url":"https:\/\/www.paudalho.pe.gov.br\/portal\/wp-content\/uploads\/2018\/08\/DAVI9845.jpg","jetpack_sharing_enabled":true,"jetpack_shortlink":"https:\/\/wp.me\/p98mS2-WR","_links":{"self":[{"href":"https:\/\/www.paudalho.pe.gov.br\/portal\/wp-json\/wp\/v2\/posts\/3649","targetHints":{"allow":["GET"]}}],"collection":[{"href":"https:\/\/www.paudalho.pe.gov.br\/portal\/wp-json\/wp\/v2\/posts"}],"about":[{"href":"https:\/\/www.paudalho.pe.gov.br\/portal\/wp-json\/wp\/v2\/types\/post"}],"author":[{"embeddable":true,"href":"https:\/\/www.paudalho.pe.gov.br\/portal\/wp-json\/wp\/v2\/users\/4"}],"replies":[{"embeddable":true,"href":"https:\/\/www.paudalho.pe.gov.br\/portal\/wp-json\/wp\/v2\/comments?post=3649"}],"version-history":[{"count":6,"href":"https:\/\/www.paudalho.pe.gov.br\/portal\/wp-json\/wp\/v2\/posts\/3649\/revisions"}],"predecessor-version":[{"id":3678,"href":"https:\/\/www.paudalho.pe.gov.br\/portal\/wp-json\/wp\/v2\/posts\/3649\/revisions\/3678"}],"wp:featuredmedia":[{"embeddable":true,"href":"https:\/\/www.paudalho.pe.gov.br\/portal\/wp-json\/wp\/v2\/media\/3650"}],"wp:attachment":[{"href":"https:\/\/www.paudalho.pe.gov.br\/portal\/wp-json\/wp\/v2\/media?parent=3649"}],"wp:term":[{"taxonomy":"category","embeddable":true,"href":"https:\/\/www.paudalho.pe.gov.br\/portal\/wp-json\/wp\/v2\/categories?post=3649"},{"taxonomy":"post_tag","embeddable":true,"href":"https:\/\/www.paudalho.pe.gov.br\/portal\/wp-json\/wp\/v2\/tags?post=3649"}],"curies":[{"name":"wp","href":"https:\/\/api.w.org\/{rel}","templated":true}]}}