{"id":36408,"date":"2025-07-01T16:57:39","date_gmt":"2025-07-01T19:57:39","guid":{"rendered":"https:\/\/www.paudalho.pe.gov.br\/portal\/?p=36408"},"modified":"2025-07-04T12:56:54","modified_gmt":"2025-07-04T15:56:54","slug":"prefeitura-do-paudalho-convoca-a-v-conferencia-municipal-de-politicas-para-as-mulheres","status":"publish","type":"post","link":"https:\/\/www.paudalho.pe.gov.br\/portal\/prefeitura-do-paudalho-convoca-a-v-conferencia-municipal-de-politicas-para-as-mulheres\/","title":{"rendered":"Prefeitura do Paudalho convoca a V Confer\u00eancia Municipal de Pol\u00edticas para as Mulheres"},"content":{"rendered":"\n<p>A Prefeitura do Paudalho, por meio da Secretaria Executiva da Mulher, publicou o Decreto n\u00ba 421\/2025, que convoca oficialmente a V Confer\u00eancia Municipal de Pol\u00edticas para as Mulheres.<\/p>\n\n\n\n<p>O evento ser\u00e1 um importante espa\u00e7o de constru\u00e7\u00e3o coletiva, onde poder p\u00fablico e sociedade civil poder\u00e3o dialogar sobre temas essenciais como enfrentamento \u00e0 viol\u00eancia, igualdade de oportunidades, autonomia econ\u00f4mica e participa\u00e7\u00e3o pol\u00edtica das mulheres.<\/p>\n\n\n\n<p>A data, local e programa\u00e7\u00e3o da confer\u00eancia ser\u00e3o divulgados em breve.<\/p>\n\n\n\n<p>Para acessar o decreto completo, clique no link abaixo:<\/p>\n\n\n\n<div data-wp-interactive=\"core\/file\" class=\"wp-block-file\"><object data-wp-bind--hidden=\"!state.hasPdfPreview\" hidden class=\"wp-block-file__embed\" data=\"https:\/\/www.paudalho.pe.gov.br\/portal\/wp-content\/uploads\/2025\/07\/Decreto-no-421.2025-Convocacao-V-Conferencia-da-Mulher.pdf\" type=\"application\/pdf\" style=\"width:100%;height:600px\" aria-label=\"Incorporado de Decreto n\u00ba 421.2025 - Convoca\u00e7\u00e3o V Confer\u00eancia da Mulher.\"><\/object><a id=\"wp-block-file--media-74a3377f-08e9-45ef-9dea-88eeae6da022\" href=\"https:\/\/www.paudalho.pe.gov.br\/portal\/wp-content\/uploads\/2025\/07\/Decreto-no-421.2025-Convocacao-V-Conferencia-da-Mulher.pdf\">Decreto n\u00ba 421.2025 &#8211; Convoca\u00e7\u00e3o V Confer\u00eancia da Mulher<\/a><a href=\"https:\/\/www.paudalho.pe.gov.br\/portal\/wp-content\/uploads\/2025\/07\/Decreto-no-421.2025-Convocacao-V-Conferencia-da-Mulher.pdf\" class=\"wp-block-file__button wp-element-button\" download aria-describedby=\"wp-block-file--media-74a3377f-08e9-45ef-9dea-88eeae6da022\">Baixar<\/a><\/div>\n\n\n\n<p>A Prefeitura do Paudalho, por meio da Secretaria da Mulher, divulgou nesta quinta-feira (3) a Portaria n\u00ba 01, de 03 de julho de 2025, que institui a Comiss\u00e3o Organizadora da V Confer\u00eancia Municipal de Pol\u00edticas para as Mulheres.<\/p>\n\n\n\n<p>A Comiss\u00e3o ser\u00e1 respons\u00e1vel por planejar, coordenar, executar e acompanhar todas as etapas da Confer\u00eancia, conforme estabelecido no Regimento Interno, assegurando a participa\u00e7\u00e3o democr\u00e1tica e a constru\u00e7\u00e3o coletiva das propostas que nortear\u00e3o as pol\u00edticas p\u00fablicas voltadas \u00e0s mulheres no munic\u00edpio.<\/p>\n\n\n\n<p>Confira abaixo a portaria na \u00edntegra:<\/p>\n\n\n\n<div data-wp-interactive=\"core\/file\" class=\"wp-block-file\"><object data-wp-bind--hidden=\"!state.hasPdfPreview\" hidden class=\"wp-block-file__embed\" data=\"https:\/\/www.paudalho.pe.gov.br\/portal\/wp-content\/uploads\/2025\/07\/5.-Portaria-no-01.2025-Nomeacao-da-Comissao-V-Conferencia-assinada.pdf\" type=\"application\/pdf\" style=\"width:100%;height:600px\" aria-label=\"Incorporado de 5. Portaria n\u00ba 01.2025 - Nomea\u00e7\u00e3o da Comiss\u00e3o - V Confer\u00eancia - assinada..\"><\/object><a id=\"wp-block-file--media-651b44ac-0f49-4cd4-a25e-b72481a9edce\" href=\"https:\/\/www.paudalho.pe.gov.br\/portal\/wp-content\/uploads\/2025\/07\/5.-Portaria-no-01.2025-Nomeacao-da-Comissao-V-Conferencia-assinada.pdf\">5. Portaria n\u00ba 01.2025 &#8211; Nomea\u00e7\u00e3o da Comiss\u00e3o &#8211; V Confer\u00eancia &#8211; assinada.<\/a><a href=\"https:\/\/www.paudalho.pe.gov.br\/portal\/wp-content\/uploads\/2025\/07\/5.-Portaria-no-01.2025-Nomeacao-da-Comissao-V-Conferencia-assinada.pdf\" class=\"wp-block-file__button wp-element-button\" download aria-describedby=\"wp-block-file--media-651b44ac-0f49-4cd4-a25e-b72481a9edce\">Baixar<\/a><\/div>\n","protected":false},"excerpt":{"rendered":"<p>A Prefeitura do Paudalho, por meio da Secretaria Executiva da Mulher, publicou o Decreto n\u00ba 421\/2025, que convoca oficialmente a V Confer\u00eancia Municipal de Pol\u00edticas para as Mulheres. O evento ser\u00e1 um importante espa\u00e7o de constru\u00e7\u00e3o coletiva, onde poder p\u00fablico e sociedade civil poder\u00e3o dialogar sobre temas essenciais como enfrentamento \u00e0 viol\u00eancia, igualdade de oportunidades, [&hellip;]<\/p>\n","protected":false},"author":17,"featured_media":36410,"comment_status":"open","ping_status":"open","sticky":false,"template":"","format":"standard","meta":{"_jetpack_newsletter_access":"","_jetpack_dont_email_post_to_subs":false,"_jetpack_newsletter_tier_id":0,"_jetpack_memberships_contains_paywalled_content":false,"_jetpack_memberships_contains_paid_content":false,"footnotes":""},"categories":[1,1566],"tags":[],"class_list":["post-36408","post","type-post","status-publish","format-standard","has-post-thumbnail","hentry","category-noticias","category-secretaria-da-mulher"],"jetpack_featured_media_url":"https:\/\/www.paudalho.pe.gov.br\/portal\/wp-content\/uploads\/2025\/07\/IMG_7211.png","jetpack_sharing_enabled":true,"jetpack_shortlink":"https:\/\/wp.me\/p98mS2-9te","_links":{"self":[{"href":"https:\/\/www.paudalho.pe.gov.br\/portal\/wp-json\/wp\/v2\/posts\/36408","targetHints":{"allow":["GET"]}}],"collection":[{"href":"https:\/\/www.paudalho.pe.gov.br\/portal\/wp-json\/wp\/v2\/posts"}],"about":[{"href":"https:\/\/www.paudalho.pe.gov.br\/portal\/wp-json\/wp\/v2\/types\/post"}],"author":[{"embeddable":true,"href":"https:\/\/www.paudalho.pe.gov.br\/portal\/wp-json\/wp\/v2\/users\/17"}],"replies":[{"embeddable":true,"href":"https:\/\/www.paudalho.pe.gov.br\/portal\/wp-json\/wp\/v2\/comments?post=36408"}],"version-history":[{"count":3,"href":"https:\/\/www.paudalho.pe.gov.br\/portal\/wp-json\/wp\/v2\/posts\/36408\/revisions"}],"predecessor-version":[{"id":36518,"href":"https:\/\/www.paudalho.pe.gov.br\/portal\/wp-json\/wp\/v2\/posts\/36408\/revisions\/36518"}],"wp:featuredmedia":[{"embeddable":true,"href":"https:\/\/www.paudalho.pe.gov.br\/portal\/wp-json\/wp\/v2\/media\/36410"}],"wp:attachment":[{"href":"https:\/\/www.paudalho.pe.gov.br\/portal\/wp-json\/wp\/v2\/media?parent=36408"}],"wp:term":[{"taxonomy":"category","embeddable":true,"href":"https:\/\/www.paudalho.pe.gov.br\/portal\/wp-json\/wp\/v2\/categories?post=36408"},{"taxonomy":"post_tag","embeddable":true,"href":"https:\/\/www.paudalho.pe.gov.br\/portal\/wp-json\/wp\/v2\/tags?post=36408"}],"curies":[{"name":"wp","href":"https:\/\/api.w.org\/{rel}","templated":true}]}}