{"id":36371,"date":"2025-04-15T16:07:00","date_gmt":"2025-04-15T19:07:00","guid":{"rendered":"https:\/\/www.paudalho.pe.gov.br\/portal\/?p=36371"},"modified":"2025-06-18T14:17:25","modified_gmt":"2025-06-18T17:17:25","slug":"em-paudalho-formacao-destaca-papel-do-profissional-de-apoio-escolar-na-inclusao","status":"publish","type":"post","link":"https:\/\/www.paudalho.pe.gov.br\/portal\/em-paudalho-formacao-destaca-papel-do-profissional-de-apoio-escolar-na-inclusao\/","title":{"rendered":"Em Paudalho, Forma\u00e7\u00e3o destaca papel do Profissional de Apoio Escolar na Inclus\u00e3o"},"content":{"rendered":"\n<p>Em alus\u00e3o ao Dia Municipal do Apoiador Escolar, celebrado em 14 de abril, juntamente com o Dia Nacional da Luta pela Educa\u00e7\u00e3o Inclusiva, a Prefeitura do Paudalho, por meio da Secretaria de Educa\u00e7\u00e3o e Juventude e da Ger\u00eancia de Desenvolvimento da Educa\u00e7\u00e3o (GDE), realizou nesta ter\u00e7a-feira (15) o III Encontro em Rede para Profissionais de Apoio Escolar. A forma\u00e7\u00e3o foi voltada para coordenadores e profissionais que atuam no Atendimento Educacional Especializado (AEE).<\/p>\n\n\n\n<p>Com a participa\u00e7\u00e3o de aproximadamente 540 profissionais, o encontro teve como tema \u201cO Profissional de Apoio Escolar e a Inclus\u00e3o\u201d, conduzido pela coordenadora de Educa\u00e7\u00e3o Inclusiva da GDE, Iraneide Dias. Durante a palestra, o secret\u00e1rio de Educa\u00e7\u00e3o e Juventude, Jos\u00e9 Dion\u00edzio, destacou a import\u00e2ncia do papel do profissional de apoio no processo de inclus\u00e3o escolar, refor\u00e7ando o compromisso com uma educa\u00e7\u00e3o acess\u00edvel e equitativa para todos os estudantes.<\/p>\n\n\n\n<p>\u201cEu s\u00f3 tenho a agradecer essa dedica\u00e7\u00e3o de voc\u00eas. Este momento \u00e9, de fato, para mostrar direitos e deveres, e nos instruir sobre o que podemos e n\u00e3o podemos fazer. Voc\u00eas t\u00eam uma miss\u00e3o t\u00e3o importante, que \u00e9 cuidar dessas crian\u00e7as, porque elas precisam de autonomia, precisam saber interagir com o meio social, pol\u00edtico e econ\u00f4mico\u201d, afirmou o secret\u00e1rio. \u201cEnt\u00e3o, cada um de voc\u00eas \u2014 sejam coordenadores, apoiadores, eu, a prefeita \u2014 todos n\u00f3s que fazemos a educa\u00e7\u00e3o temos responsabilidade. Porque criamos elos, criamos amor, criamos la\u00e7os\u201d.<\/p>\n\n\n\n<p>A coordenadora Iraneide Dias tamb\u00e9m ressaltou a relev\u00e2ncia da forma\u00e7\u00e3o: \u201cEsse momento \u00e9 muito importante, pois, enquanto rede, unimos os profissionais e oferecemos uma forma\u00e7\u00e3o inicial para que eles possam desempenhar cada vez melhor o seu trabalho no ambiente escolar, contribuindo com o desenvolvimento dos nossos alunos.\u201d<\/p>\n\n\n\n<p>A profissional de apoio Ana Cl\u00e9cia Gomes, da Escola Municipal do Junco, estava presente na forma\u00e7\u00e3o e compartilhou a import\u00e2ncia da a\u00e7\u00e3o para a capacita\u00e7\u00e3o dos profissionais: \u201cEsse tipo de evento \u00e9 importante porque traz mais conhecimento para a gente, tira d\u00favidas e nos ensina cada vez mais a cuidar das crian\u00e7as. A gente aprende aqui, aprende na escola. Temos uma rede de apoio que \u00e9 muito importante \u2014 a gente se sente abra\u00e7ada e acolhida. Esse j\u00e1 \u00e9 meu segundo ano na forma\u00e7\u00e3o, e eu s\u00f3 tenho a agradecer por esse evento.\u201d<\/p>\n\n\n\n<figure class=\"wp-block-image size-large\"><img loading=\"lazy\" decoding=\"async\" width=\"800\" height=\"450\" data-attachment-id=\"36372\" data-permalink=\"https:\/\/www.paudalho.pe.gov.br\/portal\/em-paudalho-formacao-destaca-papel-do-profissional-de-apoio-escolar-na-inclusao\/a0c6eacb-5dcc-49ca-becc-ab8850b5a000\/\" data-orig-file=\"https:\/\/www.paudalho.pe.gov.br\/portal\/wp-content\/uploads\/2025\/06\/a0c6eacb-5dcc-49ca-becc-ab8850b5a000-scaled.jpeg\" data-orig-size=\"2560,1920\" data-comments-opened=\"1\" data-image-meta=\"{&quot;aperture&quot;:&quot;0&quot;,&quot;credit&quot;:&quot;&quot;,&quot;camera&quot;:&quot;&quot;,&quot;caption&quot;:&quot;&quot;,&quot;created_timestamp&quot;:&quot;1744817509&quot;,&quot;copyright&quot;:&quot;&quot;,&quot;focal_length&quot;:&quot;0&quot;,&quot;iso&quot;:&quot;0&quot;,&quot;shutter_speed&quot;:&quot;0&quot;,&quot;title&quot;:&quot;&quot;,&quot;orientation&quot;:&quot;0&quot;}\" data-image-title=\"a0c6eacb-5dcc-49ca-becc-ab8850b5a000\" data-image-description=\"\" data-image-caption=\"\" data-medium-file=\"https:\/\/www.paudalho.pe.gov.br\/portal\/wp-content\/uploads\/2025\/06\/a0c6eacb-5dcc-49ca-becc-ab8850b5a000-350x230.jpeg\" data-large-file=\"https:\/\/www.paudalho.pe.gov.br\/portal\/wp-content\/uploads\/2025\/06\/a0c6eacb-5dcc-49ca-becc-ab8850b5a000-800x450.jpeg\" src=\"https:\/\/www.paudalho.pe.gov.br\/portal\/wp-content\/uploads\/2025\/06\/a0c6eacb-5dcc-49ca-becc-ab8850b5a000-800x450.jpeg\" alt=\"\" class=\"wp-image-36372\"\/><\/figure>\n\n\n\n<figure class=\"wp-block-image size-large\"><img loading=\"lazy\" decoding=\"async\" width=\"800\" height=\"450\" data-attachment-id=\"36373\" data-permalink=\"https:\/\/www.paudalho.pe.gov.br\/portal\/em-paudalho-formacao-destaca-papel-do-profissional-de-apoio-escolar-na-inclusao\/8b9d902f-56a2-4c6a-8fd9-05eb1f6d3e86\/\" data-orig-file=\"https:\/\/www.paudalho.pe.gov.br\/portal\/wp-content\/uploads\/2025\/06\/8b9d902f-56a2-4c6a-8fd9-05eb1f6d3e86-scaled.jpeg\" data-orig-size=\"2560,1920\" data-comments-opened=\"1\" data-image-meta=\"{&quot;aperture&quot;:&quot;0&quot;,&quot;credit&quot;:&quot;&quot;,&quot;camera&quot;:&quot;&quot;,&quot;caption&quot;:&quot;&quot;,&quot;created_timestamp&quot;:&quot;1744817590&quot;,&quot;copyright&quot;:&quot;&quot;,&quot;focal_length&quot;:&quot;0&quot;,&quot;iso&quot;:&quot;0&quot;,&quot;shutter_speed&quot;:&quot;0&quot;,&quot;title&quot;:&quot;&quot;,&quot;orientation&quot;:&quot;0&quot;}\" data-image-title=\"8b9d902f-56a2-4c6a-8fd9-05eb1f6d3e86\" data-image-description=\"\" data-image-caption=\"\" data-medium-file=\"https:\/\/www.paudalho.pe.gov.br\/portal\/wp-content\/uploads\/2025\/06\/8b9d902f-56a2-4c6a-8fd9-05eb1f6d3e86-350x230.jpeg\" data-large-file=\"https:\/\/www.paudalho.pe.gov.br\/portal\/wp-content\/uploads\/2025\/06\/8b9d902f-56a2-4c6a-8fd9-05eb1f6d3e86-800x450.jpeg\" src=\"https:\/\/www.paudalho.pe.gov.br\/portal\/wp-content\/uploads\/2025\/06\/8b9d902f-56a2-4c6a-8fd9-05eb1f6d3e86-800x450.jpeg\" alt=\"\" class=\"wp-image-36373\"\/><\/figure>\n\n\n\n<figure class=\"wp-block-image size-large\"><img loading=\"lazy\" decoding=\"async\" width=\"800\" height=\"450\" data-attachment-id=\"36374\" data-permalink=\"https:\/\/www.paudalho.pe.gov.br\/portal\/em-paudalho-formacao-destaca-papel-do-profissional-de-apoio-escolar-na-inclusao\/422ef545-e151-4009-be52-6bfdd2c0a0fe\/\" data-orig-file=\"https:\/\/www.paudalho.pe.gov.br\/portal\/wp-content\/uploads\/2025\/06\/422ef545-e151-4009-be52-6bfdd2c0a0fe-scaled.jpeg\" data-orig-size=\"2560,1920\" data-comments-opened=\"1\" data-image-meta=\"{&quot;aperture&quot;:&quot;0&quot;,&quot;credit&quot;:&quot;&quot;,&quot;camera&quot;:&quot;&quot;,&quot;caption&quot;:&quot;&quot;,&quot;created_timestamp&quot;:&quot;1744817589&quot;,&quot;copyright&quot;:&quot;&quot;,&quot;focal_length&quot;:&quot;0&quot;,&quot;iso&quot;:&quot;0&quot;,&quot;shutter_speed&quot;:&quot;0&quot;,&quot;title&quot;:&quot;&quot;,&quot;orientation&quot;:&quot;0&quot;}\" data-image-title=\"422ef545-e151-4009-be52-6bfdd2c0a0fe\" data-image-description=\"\" data-image-caption=\"\" data-medium-file=\"https:\/\/www.paudalho.pe.gov.br\/portal\/wp-content\/uploads\/2025\/06\/422ef545-e151-4009-be52-6bfdd2c0a0fe-350x230.jpeg\" data-large-file=\"https:\/\/www.paudalho.pe.gov.br\/portal\/wp-content\/uploads\/2025\/06\/422ef545-e151-4009-be52-6bfdd2c0a0fe-800x450.jpeg\" src=\"https:\/\/www.paudalho.pe.gov.br\/portal\/wp-content\/uploads\/2025\/06\/422ef545-e151-4009-be52-6bfdd2c0a0fe-800x450.jpeg\" alt=\"\" class=\"wp-image-36374\"\/><\/figure>\n","protected":false},"excerpt":{"rendered":"<p>Em alus\u00e3o ao Dia Municipal do Apoiador Escolar, celebrado em 14 de abril, juntamente com o Dia Nacional da Luta pela Educa\u00e7\u00e3o Inclusiva, a Prefeitura do Paudalho, por meio da Secretaria de Educa\u00e7\u00e3o e Juventude e da Ger\u00eancia de Desenvolvimento da Educa\u00e7\u00e3o (GDE), realizou nesta ter\u00e7a-feira (15) o III Encontro em Rede para Profissionais de [&hellip;]<\/p>\n","protected":false},"author":17,"featured_media":36375,"comment_status":"open","ping_status":"open","sticky":false,"template":"","format":"standard","meta":{"_jetpack_newsletter_access":"","_jetpack_dont_email_post_to_subs":false,"_jetpack_newsletter_tier_id":0,"_jetpack_memberships_contains_paywalled_content":false,"_jetpack_memberships_contains_paid_content":false,"footnotes":""},"categories":[1],"tags":[],"class_list":["post-36371","post","type-post","status-publish","format-standard","has-post-thumbnail","hentry","category-noticias"],"jetpack_featured_media_url":"https:\/\/www.paudalho.pe.gov.br\/portal\/wp-content\/uploads\/2025\/06\/584c53b0-cc74-42a6-ae53-2474e631adac-scaled.jpeg","jetpack_sharing_enabled":true,"jetpack_shortlink":"https:\/\/wp.me\/p98mS2-9sD","_links":{"self":[{"href":"https:\/\/www.paudalho.pe.gov.br\/portal\/wp-json\/wp\/v2\/posts\/36371","targetHints":{"allow":["GET"]}}],"collection":[{"href":"https:\/\/www.paudalho.pe.gov.br\/portal\/wp-json\/wp\/v2\/posts"}],"about":[{"href":"https:\/\/www.paudalho.pe.gov.br\/portal\/wp-json\/wp\/v2\/types\/post"}],"author":[{"embeddable":true,"href":"https:\/\/www.paudalho.pe.gov.br\/portal\/wp-json\/wp\/v2\/users\/17"}],"replies":[{"embeddable":true,"href":"https:\/\/www.paudalho.pe.gov.br\/portal\/wp-json\/wp\/v2\/comments?post=36371"}],"version-history":[{"count":1,"href":"https:\/\/www.paudalho.pe.gov.br\/portal\/wp-json\/wp\/v2\/posts\/36371\/revisions"}],"predecessor-version":[{"id":36376,"href":"https:\/\/www.paudalho.pe.gov.br\/portal\/wp-json\/wp\/v2\/posts\/36371\/revisions\/36376"}],"wp:featuredmedia":[{"embeddable":true,"href":"https:\/\/www.paudalho.pe.gov.br\/portal\/wp-json\/wp\/v2\/media\/36375"}],"wp:attachment":[{"href":"https:\/\/www.paudalho.pe.gov.br\/portal\/wp-json\/wp\/v2\/media?parent=36371"}],"wp:term":[{"taxonomy":"category","embeddable":true,"href":"https:\/\/www.paudalho.pe.gov.br\/portal\/wp-json\/wp\/v2\/categories?post=36371"},{"taxonomy":"post_tag","embeddable":true,"href":"https:\/\/www.paudalho.pe.gov.br\/portal\/wp-json\/wp\/v2\/tags?post=36371"}],"curies":[{"name":"wp","href":"https:\/\/api.w.org\/{rel}","templated":true}]}}