{"id":36364,"date":"2025-04-02T13:52:39","date_gmt":"2025-04-02T16:52:39","guid":{"rendered":"https:\/\/www.paudalho.pe.gov.br\/portal\/?p=36364"},"modified":"2025-06-18T14:00:55","modified_gmt":"2025-06-18T17:00:55","slug":"rede-municipal-de-ensino-de-paudalho-investe-na-capacitacao-de-seus-profissionais","status":"publish","type":"post","link":"https:\/\/www.paudalho.pe.gov.br\/portal\/rede-municipal-de-ensino-de-paudalho-investe-na-capacitacao-de-seus-profissionais\/","title":{"rendered":"Rede Municipal de Ensino de Paudalho investe na capacita\u00e7\u00e3o de seus profissionais"},"content":{"rendered":"\n<p>Uma equipe preparada e com profissionais qualificados \u00e9 essencial para garantir um ensino de qualidade, com resultados que superam expectativas. Pensando nisso, a Prefeitura do Paudalho, por meio da Secretaria de Educa\u00e7\u00e3o e Juventude, vem promovendo, desde o in\u00edcio do ano, forma\u00e7\u00f5es cont\u00ednuas para professores e coordenadores da Rede Municipal de Ensino, atrav\u00e9s da Ger\u00eancia de Desenvolvimento da Educa\u00e7\u00e3o.<\/p>\n\n\n\n<p>Desde janeiro, j\u00e1 foram realizadas diversas forma\u00e7\u00f5es, nos dias 29 de janeiro, 19 de fevereiro, 10, 25, 27, 14 e 31 de mar\u00e7o e 1\u00ba de abril, com tem\u00e1ticas e p\u00fablicos-alvo variados. Entre os assuntos abordados, destacam-se: o papel do coordenador na escola, pr\u00e1ticas e estrat\u00e9gias para o desenvolvimento da leitura \u2014 como a implementa\u00e7\u00e3o da Obra Prosinha \u2014, Educa\u00e7\u00e3o de Jovens e Adultos (EJA), e o acompanhamento das creches \u2014 vinculado ao Compromisso Nacional da Crian\u00e7a Alfabetizada \u2014, implementa\u00e7\u00e3o da Cultura de Paz nas escolas, entre outros temas relevantes para o fortalecimento da educa\u00e7\u00e3o no munic\u00edpio.<\/p>\n\n\n\n<p>E o trabalho n\u00e3o para por a\u00ed. Novas forma\u00e7\u00f5es est\u00e3o previstas ao longo do ano, reafirmando o compromisso da gest\u00e3o municipal com a valoriza\u00e7\u00e3o dos profissionais da educa\u00e7\u00e3o e a melhoria constante da qualidade do ensino oferecido \u00e0s crian\u00e7as e jovens de Paudalho.<\/p>\n\n\n\n<figure class=\"wp-block-image size-large\"><img loading=\"lazy\" decoding=\"async\" width=\"800\" height=\"450\" data-attachment-id=\"36365\" data-permalink=\"https:\/\/www.paudalho.pe.gov.br\/portal\/rede-municipal-de-ensino-de-paudalho-investe-na-capacitacao-de-seus-profissionais\/img_5394\/\" data-orig-file=\"https:\/\/www.paudalho.pe.gov.br\/portal\/wp-content\/uploads\/2025\/06\/IMG_5394.png\" data-orig-size=\"1600,900\" data-comments-opened=\"1\" data-image-meta=\"{&quot;aperture&quot;:&quot;0&quot;,&quot;credit&quot;:&quot;&quot;,&quot;camera&quot;:&quot;&quot;,&quot;caption&quot;:&quot;&quot;,&quot;created_timestamp&quot;:&quot;0&quot;,&quot;copyright&quot;:&quot;&quot;,&quot;focal_length&quot;:&quot;0&quot;,&quot;iso&quot;:&quot;0&quot;,&quot;shutter_speed&quot;:&quot;0&quot;,&quot;title&quot;:&quot;&quot;,&quot;orientation&quot;:&quot;0&quot;}\" data-image-title=\"IMG_5394\" data-image-description=\"\" data-image-caption=\"\" data-medium-file=\"https:\/\/www.paudalho.pe.gov.br\/portal\/wp-content\/uploads\/2025\/06\/IMG_5394-350x230.png\" data-large-file=\"https:\/\/www.paudalho.pe.gov.br\/portal\/wp-content\/uploads\/2025\/06\/IMG_5394-800x450.png\" src=\"https:\/\/www.paudalho.pe.gov.br\/portal\/wp-content\/uploads\/2025\/06\/IMG_5394-800x450.png\" alt=\"\" class=\"wp-image-36365\" srcset=\"https:\/\/www.paudalho.pe.gov.br\/portal\/wp-content\/uploads\/2025\/06\/IMG_5394-800x450.png 800w, https:\/\/www.paudalho.pe.gov.br\/portal\/wp-content\/uploads\/2025\/06\/IMG_5394-768x432.png 768w, https:\/\/www.paudalho.pe.gov.br\/portal\/wp-content\/uploads\/2025\/06\/IMG_5394-1536x864.png 1536w, https:\/\/www.paudalho.pe.gov.br\/portal\/wp-content\/uploads\/2025\/06\/IMG_5394.png 1600w\" sizes=\"auto, (max-width: 800px) 100vw, 800px\" \/><\/figure>\n\n\n\n<figure class=\"wp-block-image size-large\"><img loading=\"lazy\" decoding=\"async\" width=\"800\" height=\"450\" data-attachment-id=\"36366\" data-permalink=\"https:\/\/www.paudalho.pe.gov.br\/portal\/rede-municipal-de-ensino-de-paudalho-investe-na-capacitacao-de-seus-profissionais\/img_5393\/\" data-orig-file=\"https:\/\/www.paudalho.pe.gov.br\/portal\/wp-content\/uploads\/2025\/06\/IMG_5393.jpeg\" data-orig-size=\"1600,1200\" data-comments-opened=\"1\" data-image-meta=\"{&quot;aperture&quot;:&quot;0&quot;,&quot;credit&quot;:&quot;&quot;,&quot;camera&quot;:&quot;&quot;,&quot;caption&quot;:&quot;&quot;,&quot;created_timestamp&quot;:&quot;0&quot;,&quot;copyright&quot;:&quot;&quot;,&quot;focal_length&quot;:&quot;0&quot;,&quot;iso&quot;:&quot;0&quot;,&quot;shutter_speed&quot;:&quot;0&quot;,&quot;title&quot;:&quot;&quot;,&quot;orientation&quot;:&quot;0&quot;}\" data-image-title=\"IMG_5393\" data-image-description=\"\" data-image-caption=\"\" data-medium-file=\"https:\/\/www.paudalho.pe.gov.br\/portal\/wp-content\/uploads\/2025\/06\/IMG_5393-350x230.jpeg\" data-large-file=\"https:\/\/www.paudalho.pe.gov.br\/portal\/wp-content\/uploads\/2025\/06\/IMG_5393-800x450.jpeg\" src=\"https:\/\/www.paudalho.pe.gov.br\/portal\/wp-content\/uploads\/2025\/06\/IMG_5393-800x450.jpeg\" alt=\"\" class=\"wp-image-36366\"\/><\/figure>\n\n\n\n<figure class=\"wp-block-image size-large\"><img loading=\"lazy\" decoding=\"async\" width=\"800\" height=\"450\" data-attachment-id=\"36367\" data-permalink=\"https:\/\/www.paudalho.pe.gov.br\/portal\/rede-municipal-de-ensino-de-paudalho-investe-na-capacitacao-de-seus-profissionais\/img_5392\/\" data-orig-file=\"https:\/\/www.paudalho.pe.gov.br\/portal\/wp-content\/uploads\/2025\/06\/IMG_5392.png\" data-orig-size=\"1280,960\" data-comments-opened=\"1\" data-image-meta=\"{&quot;aperture&quot;:&quot;0&quot;,&quot;credit&quot;:&quot;&quot;,&quot;camera&quot;:&quot;&quot;,&quot;caption&quot;:&quot;&quot;,&quot;created_timestamp&quot;:&quot;0&quot;,&quot;copyright&quot;:&quot;&quot;,&quot;focal_length&quot;:&quot;0&quot;,&quot;iso&quot;:&quot;0&quot;,&quot;shutter_speed&quot;:&quot;0&quot;,&quot;title&quot;:&quot;&quot;,&quot;orientation&quot;:&quot;0&quot;}\" data-image-title=\"IMG_5392\" data-image-description=\"\" data-image-caption=\"\" data-medium-file=\"https:\/\/www.paudalho.pe.gov.br\/portal\/wp-content\/uploads\/2025\/06\/IMG_5392-350x230.png\" data-large-file=\"https:\/\/www.paudalho.pe.gov.br\/portal\/wp-content\/uploads\/2025\/06\/IMG_5392-800x450.png\" src=\"https:\/\/www.paudalho.pe.gov.br\/portal\/wp-content\/uploads\/2025\/06\/IMG_5392-800x450.png\" alt=\"\" class=\"wp-image-36367\"\/><\/figure>\n","protected":false},"excerpt":{"rendered":"<p>Uma equipe preparada e com profissionais qualificados \u00e9 essencial para garantir um ensino de qualidade, com resultados que superam expectativas. Pensando nisso, a Prefeitura do Paudalho, por meio da Secretaria de Educa\u00e7\u00e3o e Juventude, vem promovendo, desde o in\u00edcio do ano, forma\u00e7\u00f5es cont\u00ednuas para professores e coordenadores da Rede Municipal de Ensino, atrav\u00e9s da Ger\u00eancia [&hellip;]<\/p>\n","protected":false},"author":17,"featured_media":36368,"comment_status":"open","ping_status":"open","sticky":false,"template":"","format":"standard","meta":{"_jetpack_newsletter_access":"","_jetpack_dont_email_post_to_subs":false,"_jetpack_newsletter_tier_id":0,"_jetpack_memberships_contains_paywalled_content":false,"_jetpack_memberships_contains_paid_content":false,"footnotes":""},"categories":[4,1],"tags":[],"class_list":["post-36364","post","type-post","status-publish","format-standard","has-post-thumbnail","hentry","category-educacao","category-noticias"],"jetpack_featured_media_url":"https:\/\/www.paudalho.pe.gov.br\/portal\/wp-content\/uploads\/2025\/06\/IMG_5396.png","jetpack_sharing_enabled":true,"jetpack_shortlink":"https:\/\/wp.me\/p98mS2-9sw","_links":{"self":[{"href":"https:\/\/www.paudalho.pe.gov.br\/portal\/wp-json\/wp\/v2\/posts\/36364","targetHints":{"allow":["GET"]}}],"collection":[{"href":"https:\/\/www.paudalho.pe.gov.br\/portal\/wp-json\/wp\/v2\/posts"}],"about":[{"href":"https:\/\/www.paudalho.pe.gov.br\/portal\/wp-json\/wp\/v2\/types\/post"}],"author":[{"embeddable":true,"href":"https:\/\/www.paudalho.pe.gov.br\/portal\/wp-json\/wp\/v2\/users\/17"}],"replies":[{"embeddable":true,"href":"https:\/\/www.paudalho.pe.gov.br\/portal\/wp-json\/wp\/v2\/comments?post=36364"}],"version-history":[{"count":1,"href":"https:\/\/www.paudalho.pe.gov.br\/portal\/wp-json\/wp\/v2\/posts\/36364\/revisions"}],"predecessor-version":[{"id":36369,"href":"https:\/\/www.paudalho.pe.gov.br\/portal\/wp-json\/wp\/v2\/posts\/36364\/revisions\/36369"}],"wp:featuredmedia":[{"embeddable":true,"href":"https:\/\/www.paudalho.pe.gov.br\/portal\/wp-json\/wp\/v2\/media\/36368"}],"wp:attachment":[{"href":"https:\/\/www.paudalho.pe.gov.br\/portal\/wp-json\/wp\/v2\/media?parent=36364"}],"wp:term":[{"taxonomy":"category","embeddable":true,"href":"https:\/\/www.paudalho.pe.gov.br\/portal\/wp-json\/wp\/v2\/categories?post=36364"},{"taxonomy":"post_tag","embeddable":true,"href":"https:\/\/www.paudalho.pe.gov.br\/portal\/wp-json\/wp\/v2\/tags?post=36364"}],"curies":[{"name":"wp","href":"https:\/\/api.w.org\/{rel}","templated":true}]}}