{"id":36353,"date":"2025-03-10T15:40:00","date_gmt":"2025-03-10T18:40:00","guid":{"rendered":"https:\/\/www.paudalho.pe.gov.br\/portal\/?p=36353"},"modified":"2025-06-18T12:42:52","modified_gmt":"2025-06-18T15:42:52","slug":"paudalho-realiza-semana-pedagogica-da-igualdade-racial-com-foco-na-formacao-cidada-nas-escolas","status":"publish","type":"post","link":"https:\/\/www.paudalho.pe.gov.br\/portal\/paudalho-realiza-semana-pedagogica-da-igualdade-racial-com-foco-na-formacao-cidada-nas-escolas\/","title":{"rendered":"Paudalho realiza Semana Pedag\u00f3gica da Igualdade Racial com foco na forma\u00e7\u00e3o cidad\u00e3 nas escolas"},"content":{"rendered":"\n<p>Reconhecendo que a escola, como espa\u00e7o de forma\u00e7\u00e3o cidad\u00e3, desempenha um papel fundamental na desconstru\u00e7\u00e3o de estere\u00f3tipos e na promo\u00e7\u00e3o do respeito \u00e0s diferen\u00e7as, a Prefeitura de Paudalho, por meio da Secretaria de Educa\u00e7\u00e3o e Juventude, realizou no dia 10 de mar\u00e7o o lan\u00e7amento oficial da Semana Pedag\u00f3gica da Igualdade Racial. A iniciativa tem como objetivo promover uma educa\u00e7\u00e3o mais justa, inclusiva e consciente, com a perspectiva de que o projeto se consolide como uma pr\u00e1tica cont\u00ednua nas unidades escolares da Rede Municipal.<\/p>\n\n\n\n<p>Como parte da programa\u00e7\u00e3o, foi criado um reposit\u00f3rio de atividades e materiais did\u00e1ticos voltados \u00e0 tem\u00e1tica racial, oferecendo suporte pr\u00e1tico e pedag\u00f3gico aos professores no planejamento e na execu\u00e7\u00e3o de a\u00e7\u00f5es educativas. A constru\u00e7\u00e3o desse acervo visa fortalecer o protagonismo docente na abordagem das quest\u00f5es raciais e ampliar o repert\u00f3rio dos educadores, possibilitando o desenvolvimento de pr\u00e1ticas que incentivem o respeito \u00e0 diversidade, a valoriza\u00e7\u00e3o da hist\u00f3ria e cultura afro-brasileira, bem como o combate ao racismo estrutural ainda presente na sociedade.<\/p>\n\n\n\n<p>Com o lan\u00e7amento da Semana Pedag\u00f3gica da Igualdade Racial, o munic\u00edpio de Paudalho reafirma seu compromisso com a educa\u00e7\u00e3o como ferramenta de transforma\u00e7\u00e3o social e instrumento essencial no enfrentamento de todas as formas de discrimina\u00e7\u00e3o, contribuindo para a constru\u00e7\u00e3o de uma sociedade mais equitativa, democr\u00e1tica e humana.<\/p>\n\n\n\n<figure class=\"wp-block-image size-large\"><img loading=\"lazy\" decoding=\"async\" width=\"800\" height=\"402\" data-attachment-id=\"36354\" data-permalink=\"https:\/\/www.paudalho.pe.gov.br\/portal\/paudalho-realiza-semana-pedagogica-da-igualdade-racial-com-foco-na-formacao-cidada-nas-escolas\/img_5390\/\" data-orig-file=\"https:\/\/www.paudalho.pe.gov.br\/portal\/wp-content\/uploads\/2025\/06\/IMG_5390.png\" data-orig-size=\"881,402\" data-comments-opened=\"1\" data-image-meta=\"{&quot;aperture&quot;:&quot;0&quot;,&quot;credit&quot;:&quot;&quot;,&quot;camera&quot;:&quot;&quot;,&quot;caption&quot;:&quot;&quot;,&quot;created_timestamp&quot;:&quot;0&quot;,&quot;copyright&quot;:&quot;&quot;,&quot;focal_length&quot;:&quot;0&quot;,&quot;iso&quot;:&quot;0&quot;,&quot;shutter_speed&quot;:&quot;0&quot;,&quot;title&quot;:&quot;&quot;,&quot;orientation&quot;:&quot;0&quot;}\" data-image-title=\"IMG_5390\" data-image-description=\"\" data-image-caption=\"\" data-medium-file=\"https:\/\/www.paudalho.pe.gov.br\/portal\/wp-content\/uploads\/2025\/06\/IMG_5390-350x230.png\" data-large-file=\"https:\/\/www.paudalho.pe.gov.br\/portal\/wp-content\/uploads\/2025\/06\/IMG_5390-800x402.png\" src=\"https:\/\/www.paudalho.pe.gov.br\/portal\/wp-content\/uploads\/2025\/06\/IMG_5390-800x402.png\" alt=\"\" class=\"wp-image-36354\"\/><\/figure>\n\n\n\n<figure class=\"wp-block-image size-large\"><img loading=\"lazy\" decoding=\"async\" width=\"800\" height=\"320\" data-attachment-id=\"36355\" data-permalink=\"https:\/\/www.paudalho.pe.gov.br\/portal\/paudalho-realiza-semana-pedagogica-da-igualdade-racial-com-foco-na-formacao-cidada-nas-escolas\/img_5391\/\" data-orig-file=\"https:\/\/www.paudalho.pe.gov.br\/portal\/wp-content\/uploads\/2025\/06\/IMG_5391.png\" data-orig-size=\"861,320\" data-comments-opened=\"1\" data-image-meta=\"{&quot;aperture&quot;:&quot;0&quot;,&quot;credit&quot;:&quot;&quot;,&quot;camera&quot;:&quot;&quot;,&quot;caption&quot;:&quot;&quot;,&quot;created_timestamp&quot;:&quot;0&quot;,&quot;copyright&quot;:&quot;&quot;,&quot;focal_length&quot;:&quot;0&quot;,&quot;iso&quot;:&quot;0&quot;,&quot;shutter_speed&quot;:&quot;0&quot;,&quot;title&quot;:&quot;&quot;,&quot;orientation&quot;:&quot;0&quot;}\" data-image-title=\"IMG_5391\" data-image-description=\"\" data-image-caption=\"\" data-medium-file=\"https:\/\/www.paudalho.pe.gov.br\/portal\/wp-content\/uploads\/2025\/06\/IMG_5391-350x230.png\" data-large-file=\"https:\/\/www.paudalho.pe.gov.br\/portal\/wp-content\/uploads\/2025\/06\/IMG_5391-800x320.png\" src=\"https:\/\/www.paudalho.pe.gov.br\/portal\/wp-content\/uploads\/2025\/06\/IMG_5391-800x320.png\" alt=\"\" class=\"wp-image-36355\"\/><\/figure>\n","protected":false},"excerpt":{"rendered":"<p>Reconhecendo que a escola, como espa\u00e7o de forma\u00e7\u00e3o cidad\u00e3, desempenha um papel fundamental na desconstru\u00e7\u00e3o de estere\u00f3tipos e na promo\u00e7\u00e3o do respeito \u00e0s diferen\u00e7as, a Prefeitura de Paudalho, por meio da Secretaria de Educa\u00e7\u00e3o e Juventude, realizou no dia 10 de mar\u00e7o o lan\u00e7amento oficial da Semana Pedag\u00f3gica da Igualdade Racial. A iniciativa tem como [&hellip;]<\/p>\n","protected":false},"author":17,"featured_media":36356,"comment_status":"open","ping_status":"open","sticky":false,"template":"","format":"standard","meta":{"_jetpack_newsletter_access":"","_jetpack_dont_email_post_to_subs":false,"_jetpack_newsletter_tier_id":0,"_jetpack_memberships_contains_paywalled_content":false,"_jetpack_memberships_contains_paid_content":false,"footnotes":""},"categories":[1],"tags":[],"class_list":["post-36353","post","type-post","status-publish","format-standard","has-post-thumbnail","hentry","category-noticias"],"jetpack_featured_media_url":"https:\/\/www.paudalho.pe.gov.br\/portal\/wp-content\/uploads\/2025\/06\/IMG_5389.png","jetpack_sharing_enabled":true,"jetpack_shortlink":"https:\/\/wp.me\/p98mS2-9sl","_links":{"self":[{"href":"https:\/\/www.paudalho.pe.gov.br\/portal\/wp-json\/wp\/v2\/posts\/36353","targetHints":{"allow":["GET"]}}],"collection":[{"href":"https:\/\/www.paudalho.pe.gov.br\/portal\/wp-json\/wp\/v2\/posts"}],"about":[{"href":"https:\/\/www.paudalho.pe.gov.br\/portal\/wp-json\/wp\/v2\/types\/post"}],"author":[{"embeddable":true,"href":"https:\/\/www.paudalho.pe.gov.br\/portal\/wp-json\/wp\/v2\/users\/17"}],"replies":[{"embeddable":true,"href":"https:\/\/www.paudalho.pe.gov.br\/portal\/wp-json\/wp\/v2\/comments?post=36353"}],"version-history":[{"count":1,"href":"https:\/\/www.paudalho.pe.gov.br\/portal\/wp-json\/wp\/v2\/posts\/36353\/revisions"}],"predecessor-version":[{"id":36357,"href":"https:\/\/www.paudalho.pe.gov.br\/portal\/wp-json\/wp\/v2\/posts\/36353\/revisions\/36357"}],"wp:featuredmedia":[{"embeddable":true,"href":"https:\/\/www.paudalho.pe.gov.br\/portal\/wp-json\/wp\/v2\/media\/36356"}],"wp:attachment":[{"href":"https:\/\/www.paudalho.pe.gov.br\/portal\/wp-json\/wp\/v2\/media?parent=36353"}],"wp:term":[{"taxonomy":"category","embeddable":true,"href":"https:\/\/www.paudalho.pe.gov.br\/portal\/wp-json\/wp\/v2\/categories?post=36353"},{"taxonomy":"post_tag","embeddable":true,"href":"https:\/\/www.paudalho.pe.gov.br\/portal\/wp-json\/wp\/v2\/tags?post=36353"}],"curies":[{"name":"wp","href":"https:\/\/api.w.org\/{rel}","templated":true}]}}