{"id":36347,"date":"2025-04-01T16:33:00","date_gmt":"2025-04-01T19:33:00","guid":{"rendered":"https:\/\/www.paudalho.pe.gov.br\/portal\/?p=36347"},"modified":"2025-06-18T12:37:02","modified_gmt":"2025-06-18T15:37:02","slug":"prefeitura-de-paudalho-lanca-projeto-inovador-para-promover-a-cultura-de-paz-nas-escolas","status":"publish","type":"post","link":"https:\/\/www.paudalho.pe.gov.br\/portal\/prefeitura-de-paudalho-lanca-projeto-inovador-para-promover-a-cultura-de-paz-nas-escolas\/","title":{"rendered":"Prefeitura de Paudalho lan\u00e7a projeto inovador para promover a Cultura de Paz nas escolas"},"content":{"rendered":"\n<p>A Prefeitura Municipal de Paudalho, por meio da Secretaria de Educa\u00e7\u00e3o e Juventude, lan\u00e7ou no dia 1\u00ba de abril o projeto \u201cCultura de Paz nas Escolas: Educa\u00e7\u00e3o para a Conviv\u00eancia e o Respeito\u201d, uma iniciativa pioneira que visa transformar o ambiente escolar em um espa\u00e7o mais harm\u00f4nico, inclusivo e livre de viol\u00eancia. A a\u00e7\u00e3o est\u00e1 sendo implantada nas escolas da rede municipal de ensino, contemplando estudantes da Educa\u00e7\u00e3o Infantil ao 9\u00ba ano, al\u00e9m da Educa\u00e7\u00e3o de Jovens e Adultos (EJA), com pr\u00e1ticas pedag\u00f3gicas alinhadas \u00e0 Base Nacional Comum Curricular (BNCC) e ao Curr\u00edculo de Pernambuco.<\/p>\n\n\n\n<p>O projeto tem como base a Lei Municipal n\u00ba 1.075\/2023, que institui o dia 16 de abril como o Dia Municipal da Cultura de Paz. Entre as a\u00e7\u00f5es previstas est\u00e3o rodas de conversa, oficinas de media\u00e7\u00e3o de conflitos, produ\u00e7\u00e3o de materiais did\u00e1ticos pelos pr\u00f3prios estudantes \u2014 como v\u00eddeos, cartazes e podcasts \u2014, al\u00e9m de forma\u00e7\u00e3o continuada para os professores da rede. A culmin\u00e2ncia do projeto ser\u00e1 a realiza\u00e7\u00e3o da Semana da Cultura de Paz, com apresenta\u00e7\u00f5es culturais, debates e exposi\u00e7\u00f5es tem\u00e1ticas nas escolas.<\/p>\n\n\n\n<p>Como parte das atividades iniciais, foi promovido um concurso de desenho entre os estudantes para a escolha da logomarca oficial do projeto. O resultado foi divulgado no dia 9 de abril, valorizando a criatividade dos alunos e seu envolvimento direto na constru\u00e7\u00e3o da identidade visual da Semana da Cultura de Paz em 2025.<\/p>\n\n\n\n<p>Uma das a\u00e7\u00f5es centrais da Semana ser\u00e1 a atividade \u201cC\u00edrculo de Constru\u00e7\u00e3o de Paz\u201d, cujo objetivo \u00e9 criar um espa\u00e7o seguro para que os estudantes expressem seus sentimentos, identifiquem os tipos de viol\u00eancia presentes no ambiente escolar e construam, de forma coletiva, regras de conviv\u00eancia baseadas no respeito m\u00fatuo. Essa atividade ser\u00e1 realizada semestralmente, com o apoio de professores mediadores capacitados, e seus resultados ser\u00e3o acompanhados ao longo do ano letivo.<\/p>\n\n\n\n<p>Com essa iniciativa, a Prefeitura de Paudalho reafirma seu compromisso com uma educa\u00e7\u00e3o transformadora, que prepara os estudantes n\u00e3o apenas para o mercado de trabalho, mas para a vida em sociedade, fortalecendo os la\u00e7os entre alunos, professores, fam\u00edlias e toda a comunidade escolar.<\/p>\n\n\n\n<figure class=\"wp-block-image size-large\"><img loading=\"lazy\" decoding=\"async\" width=\"800\" height=\"450\" data-attachment-id=\"36348\" data-permalink=\"https:\/\/www.paudalho.pe.gov.br\/portal\/prefeitura-de-paudalho-lanca-projeto-inovador-para-promover-a-cultura-de-paz-nas-escolas\/img_5387\/\" data-orig-file=\"https:\/\/www.paudalho.pe.gov.br\/portal\/wp-content\/uploads\/2025\/06\/IMG_5387.jpeg\" data-orig-size=\"1280,960\" data-comments-opened=\"1\" data-image-meta=\"{&quot;aperture&quot;:&quot;0&quot;,&quot;credit&quot;:&quot;&quot;,&quot;camera&quot;:&quot;&quot;,&quot;caption&quot;:&quot;&quot;,&quot;created_timestamp&quot;:&quot;0&quot;,&quot;copyright&quot;:&quot;&quot;,&quot;focal_length&quot;:&quot;0&quot;,&quot;iso&quot;:&quot;0&quot;,&quot;shutter_speed&quot;:&quot;0&quot;,&quot;title&quot;:&quot;&quot;,&quot;orientation&quot;:&quot;0&quot;}\" data-image-title=\"IMG_5387\" data-image-description=\"\" data-image-caption=\"\" data-medium-file=\"https:\/\/www.paudalho.pe.gov.br\/portal\/wp-content\/uploads\/2025\/06\/IMG_5387-350x230.jpeg\" data-large-file=\"https:\/\/www.paudalho.pe.gov.br\/portal\/wp-content\/uploads\/2025\/06\/IMG_5387-800x450.jpeg\" src=\"https:\/\/www.paudalho.pe.gov.br\/portal\/wp-content\/uploads\/2025\/06\/IMG_5387-800x450.jpeg\" alt=\"\" class=\"wp-image-36348\"\/><\/figure>\n\n\n\n<figure class=\"wp-block-image size-large\"><img loading=\"lazy\" decoding=\"async\" width=\"800\" height=\"450\" data-attachment-id=\"36349\" data-permalink=\"https:\/\/www.paudalho.pe.gov.br\/portal\/prefeitura-de-paudalho-lanca-projeto-inovador-para-promover-a-cultura-de-paz-nas-escolas\/img_5386\/\" data-orig-file=\"https:\/\/www.paudalho.pe.gov.br\/portal\/wp-content\/uploads\/2025\/06\/IMG_5386.jpeg\" data-orig-size=\"1280,960\" data-comments-opened=\"1\" data-image-meta=\"{&quot;aperture&quot;:&quot;0&quot;,&quot;credit&quot;:&quot;&quot;,&quot;camera&quot;:&quot;&quot;,&quot;caption&quot;:&quot;&quot;,&quot;created_timestamp&quot;:&quot;0&quot;,&quot;copyright&quot;:&quot;&quot;,&quot;focal_length&quot;:&quot;0&quot;,&quot;iso&quot;:&quot;0&quot;,&quot;shutter_speed&quot;:&quot;0&quot;,&quot;title&quot;:&quot;&quot;,&quot;orientation&quot;:&quot;0&quot;}\" data-image-title=\"IMG_5386\" data-image-description=\"\" data-image-caption=\"\" data-medium-file=\"https:\/\/www.paudalho.pe.gov.br\/portal\/wp-content\/uploads\/2025\/06\/IMG_5386-350x230.jpeg\" data-large-file=\"https:\/\/www.paudalho.pe.gov.br\/portal\/wp-content\/uploads\/2025\/06\/IMG_5386-800x450.jpeg\" src=\"https:\/\/www.paudalho.pe.gov.br\/portal\/wp-content\/uploads\/2025\/06\/IMG_5386-800x450.jpeg\" alt=\"\" class=\"wp-image-36349\"\/><\/figure>\n","protected":false},"excerpt":{"rendered":"<p>A Prefeitura Municipal de Paudalho, por meio da Secretaria de Educa\u00e7\u00e3o e Juventude, lan\u00e7ou no dia 1\u00ba de abril o projeto \u201cCultura de Paz nas Escolas: Educa\u00e7\u00e3o para a Conviv\u00eancia e o Respeito\u201d, uma iniciativa pioneira que visa transformar o ambiente escolar em um espa\u00e7o mais harm\u00f4nico, inclusivo e livre de viol\u00eancia. A a\u00e7\u00e3o est\u00e1 [&hellip;]<\/p>\n","protected":false},"author":17,"featured_media":36350,"comment_status":"open","ping_status":"open","sticky":false,"template":"","format":"standard","meta":{"_jetpack_newsletter_access":"","_jetpack_dont_email_post_to_subs":false,"_jetpack_newsletter_tier_id":0,"_jetpack_memberships_contains_paywalled_content":false,"_jetpack_memberships_contains_paid_content":false,"footnotes":""},"categories":[1],"tags":[],"class_list":["post-36347","post","type-post","status-publish","format-standard","has-post-thumbnail","hentry","category-noticias"],"jetpack_featured_media_url":"https:\/\/www.paudalho.pe.gov.br\/portal\/wp-content\/uploads\/2025\/06\/IMG_5388.png","jetpack_sharing_enabled":true,"jetpack_shortlink":"https:\/\/wp.me\/p98mS2-9sf","_links":{"self":[{"href":"https:\/\/www.paudalho.pe.gov.br\/portal\/wp-json\/wp\/v2\/posts\/36347","targetHints":{"allow":["GET"]}}],"collection":[{"href":"https:\/\/www.paudalho.pe.gov.br\/portal\/wp-json\/wp\/v2\/posts"}],"about":[{"href":"https:\/\/www.paudalho.pe.gov.br\/portal\/wp-json\/wp\/v2\/types\/post"}],"author":[{"embeddable":true,"href":"https:\/\/www.paudalho.pe.gov.br\/portal\/wp-json\/wp\/v2\/users\/17"}],"replies":[{"embeddable":true,"href":"https:\/\/www.paudalho.pe.gov.br\/portal\/wp-json\/wp\/v2\/comments?post=36347"}],"version-history":[{"count":1,"href":"https:\/\/www.paudalho.pe.gov.br\/portal\/wp-json\/wp\/v2\/posts\/36347\/revisions"}],"predecessor-version":[{"id":36351,"href":"https:\/\/www.paudalho.pe.gov.br\/portal\/wp-json\/wp\/v2\/posts\/36347\/revisions\/36351"}],"wp:featuredmedia":[{"embeddable":true,"href":"https:\/\/www.paudalho.pe.gov.br\/portal\/wp-json\/wp\/v2\/media\/36350"}],"wp:attachment":[{"href":"https:\/\/www.paudalho.pe.gov.br\/portal\/wp-json\/wp\/v2\/media?parent=36347"}],"wp:term":[{"taxonomy":"category","embeddable":true,"href":"https:\/\/www.paudalho.pe.gov.br\/portal\/wp-json\/wp\/v2\/categories?post=36347"},{"taxonomy":"post_tag","embeddable":true,"href":"https:\/\/www.paudalho.pe.gov.br\/portal\/wp-json\/wp\/v2\/tags?post=36347"}],"curies":[{"name":"wp","href":"https:\/\/api.w.org\/{rel}","templated":true}]}}