{"id":36304,"date":"2025-06-15T16:15:00","date_gmt":"2025-06-15T19:15:00","guid":{"rendered":"https:\/\/www.paudalho.pe.gov.br\/portal\/?p=36304"},"modified":"2025-06-17T20:30:58","modified_gmt":"2025-06-17T23:30:58","slug":"paudalho-marca-presenca-na-semana-de-mobilizacao-do-solo-seguro-com-acao-em-guadalajara","status":"publish","type":"post","link":"https:\/\/www.paudalho.pe.gov.br\/portal\/paudalho-marca-presenca-na-semana-de-mobilizacao-do-solo-seguro-com-acao-em-guadalajara\/","title":{"rendered":"Paudalho marca presen\u00e7a na semana de mobiliza\u00e7\u00e3o do solo seguro com a\u00e7\u00e3o em Guadalajara"},"content":{"rendered":"\n<p>Munic\u00edpio se une ao TJPE e a diversos parceiros para fortalecer a Regulariza\u00e7\u00e3o Fundi\u00e1ria Urbana em Pernambuco<\/p>\n\n\n\n<p>A Prefeitura de Paudalho, por meio do Programa Moradia Legal, participou da solenidade de abertura da Semana Solo Seguro \u2013 Favelas e N\u00facleos Urbanos, realizada na \u00faltima segunda-feira (9), no Sal\u00e3o Nobre do Pal\u00e1cio da Justi\u00e7a, sede do Tribunal de Justi\u00e7a de Pernambuco (TJPE), no Recife.<\/p>\n\n\n\n<p>O evento foi promovido pelo TJPE em parceria com o Conselho Nacional de Justi\u00e7a (CNJ), Minist\u00e9rio das Cidades, Governo do Estado, cart\u00f3rios, universidades e prefeituras, reunindo representantes dos tr\u00eas poderes e institui\u00e7\u00f5es parceiras. A iniciativa tem como objetivo ampliar e fortalecer as a\u00e7\u00f5es de Regulariza\u00e7\u00e3o Fundi\u00e1ria Urbana em todo o estado, promovendo justi\u00e7a social, inclus\u00e3o e seguran\u00e7a jur\u00eddica para milhares de fam\u00edlias pernambucanas.<\/p>\n\n\n\n<p>Durante a solenidade, foi destacada a import\u00e2ncia da atua\u00e7\u00e3o conjunta entre os entes federativos, cart\u00f3rios e sociedade civil para garantir o direito \u00e0 moradia digna. A programa\u00e7\u00e3o da Semana Solo Seguro prev\u00ea mobiliza\u00e7\u00f5es em diversos munic\u00edpios, refor\u00e7ando o compromisso coletivo com a cidadania e o desenvolvimento urbano legalizado.<\/p>\n\n\n\n<p>A\u00e7\u00e3o local em Guadalajara mobiliza comunidade<\/p>\n\n\n\n<p>Como parte das atividades locais da Semana Solo Seguro, a Prefeitura de Paudalho, por meio da equipe do Programa Moradia Legal, promoveu uma a\u00e7\u00e3o de mobiliza\u00e7\u00e3o social no Distrito de Guadalajara, na sexta-feira (13). A a\u00e7\u00e3o teve como foco ampliar a divulga\u00e7\u00e3o e os esclarecimentos sobre o processo de Regulariza\u00e7\u00e3o Fundi\u00e1ria Urbana de Interesse Social (REURB-S) junto \u00e0 popula\u00e7\u00e3o.<\/p>\n\n\n\n<p>A mobiliza\u00e7\u00e3o contou com a distribui\u00e7\u00e3o de 500 panfletos informativos em pontos estrat\u00e9gicos do distrito, como principais vias, escolas e a Unidade B\u00e1sica de Sa\u00fade (UBS). Al\u00e9m disso, foi montada uma tenda de apoio em frente ao N\u00facleo de Regulariza\u00e7\u00e3o Fundi\u00e1ria, onde tamb\u00e9m foram abordados motoristas e moradores, com o objetivo de facilitar o acesso \u00e0 informa\u00e7\u00e3o.<\/p>\n\n\n\n<p>O material informativo e o contato direto com a comunidade serviram para esclarecer d\u00favidas, aproximar o poder p\u00fablico da popula\u00e7\u00e3o benefici\u00e1ria e fortalecer o di\u00e1logo com os moradores que poder\u00e3o ser contemplados com a regulariza\u00e7\u00e3o de seus im\u00f3veis.<\/p>\n\n\n\n<p>Compromisso com uma cidade mais justa e legalizada<\/p>\n\n\n\n<p>A participa\u00e7\u00e3o do munic\u00edpio nas a\u00e7\u00f5es da Semana Solo Seguro reafirma o compromisso da gest\u00e3o p\u00fablica com o direito \u00e0 moradia e a constru\u00e7\u00e3o de uma cidade mais justa, inclusiva e legalizada. A Prefeitura de Paudalho segue avan\u00e7ando com pol\u00edticas p\u00fablicas s\u00e9rias, humanas e transformadoras.<\/p>\n\n\n\n<p>Moradia digna \u00e9 direito.<br>Solo Seguro \u00e9 realidade.<br>A Prefeitura est\u00e1 ao seu lado.<\/p>\n\n\n\n<figure class=\"wp-block-image size-large\"><img loading=\"lazy\" decoding=\"async\" width=\"800\" height=\"450\" data-attachment-id=\"36305\" data-permalink=\"https:\/\/www.paudalho.pe.gov.br\/portal\/paudalho-marca-presenca-na-semana-de-mobilizacao-do-solo-seguro-com-acao-em-guadalajara\/c3f094af-9fe0-4c1c-80ce-ed66f0a3d4a7\/\" data-orig-file=\"https:\/\/www.paudalho.pe.gov.br\/portal\/wp-content\/uploads\/2025\/06\/c3f094af-9fe0-4c1c-80ce-ed66f0a3d4a7.jpeg\" data-orig-size=\"960,1280\" data-comments-opened=\"1\" data-image-meta=\"{&quot;aperture&quot;:&quot;0&quot;,&quot;credit&quot;:&quot;&quot;,&quot;camera&quot;:&quot;&quot;,&quot;caption&quot;:&quot;&quot;,&quot;created_timestamp&quot;:&quot;0&quot;,&quot;copyright&quot;:&quot;&quot;,&quot;focal_length&quot;:&quot;0&quot;,&quot;iso&quot;:&quot;0&quot;,&quot;shutter_speed&quot;:&quot;0&quot;,&quot;title&quot;:&quot;&quot;,&quot;orientation&quot;:&quot;0&quot;}\" data-image-title=\"c3f094af-9fe0-4c1c-80ce-ed66f0a3d4a7\" data-image-description=\"\" data-image-caption=\"\" data-medium-file=\"https:\/\/www.paudalho.pe.gov.br\/portal\/wp-content\/uploads\/2025\/06\/c3f094af-9fe0-4c1c-80ce-ed66f0a3d4a7-350x230.jpeg\" data-large-file=\"https:\/\/www.paudalho.pe.gov.br\/portal\/wp-content\/uploads\/2025\/06\/c3f094af-9fe0-4c1c-80ce-ed66f0a3d4a7-800x450.jpeg\" src=\"https:\/\/www.paudalho.pe.gov.br\/portal\/wp-content\/uploads\/2025\/06\/c3f094af-9fe0-4c1c-80ce-ed66f0a3d4a7-800x450.jpeg\" alt=\"\" class=\"wp-image-36305\"\/><\/figure>\n\n\n\n<figure class=\"wp-block-image size-large\"><img loading=\"lazy\" decoding=\"async\" width=\"800\" height=\"450\" data-attachment-id=\"36306\" data-permalink=\"https:\/\/www.paudalho.pe.gov.br\/portal\/paudalho-marca-presenca-na-semana-de-mobilizacao-do-solo-seguro-com-acao-em-guadalajara\/cef0555a-6738-4df6-a30b-e21365e8234f\/\" data-orig-file=\"https:\/\/www.paudalho.pe.gov.br\/portal\/wp-content\/uploads\/2025\/06\/cef0555a-6738-4df6-a30b-e21365e8234f.jpeg\" data-orig-size=\"1200,1600\" data-comments-opened=\"1\" data-image-meta=\"{&quot;aperture&quot;:&quot;0&quot;,&quot;credit&quot;:&quot;&quot;,&quot;camera&quot;:&quot;&quot;,&quot;caption&quot;:&quot;&quot;,&quot;created_timestamp&quot;:&quot;0&quot;,&quot;copyright&quot;:&quot;&quot;,&quot;focal_length&quot;:&quot;0&quot;,&quot;iso&quot;:&quot;0&quot;,&quot;shutter_speed&quot;:&quot;0&quot;,&quot;title&quot;:&quot;&quot;,&quot;orientation&quot;:&quot;0&quot;}\" data-image-title=\"cef0555a-6738-4df6-a30b-e21365e8234f\" data-image-description=\"\" data-image-caption=\"\" data-medium-file=\"https:\/\/www.paudalho.pe.gov.br\/portal\/wp-content\/uploads\/2025\/06\/cef0555a-6738-4df6-a30b-e21365e8234f-350x230.jpeg\" data-large-file=\"https:\/\/www.paudalho.pe.gov.br\/portal\/wp-content\/uploads\/2025\/06\/cef0555a-6738-4df6-a30b-e21365e8234f-800x450.jpeg\" src=\"https:\/\/www.paudalho.pe.gov.br\/portal\/wp-content\/uploads\/2025\/06\/cef0555a-6738-4df6-a30b-e21365e8234f-800x450.jpeg\" alt=\"\" class=\"wp-image-36306\"\/><\/figure>\n\n\n\n<figure class=\"wp-block-image size-large\"><img loading=\"lazy\" decoding=\"async\" width=\"800\" height=\"450\" data-attachment-id=\"36307\" data-permalink=\"https:\/\/www.paudalho.pe.gov.br\/portal\/paudalho-marca-presenca-na-semana-de-mobilizacao-do-solo-seguro-com-acao-em-guadalajara\/52602e4d-5fcd-468e-b3c0-c8ef744abe39\/\" data-orig-file=\"https:\/\/www.paudalho.pe.gov.br\/portal\/wp-content\/uploads\/2025\/06\/52602e4d-5fcd-468e-b3c0-c8ef744abe39.jpeg\" data-orig-size=\"1600,704\" data-comments-opened=\"1\" data-image-meta=\"{&quot;aperture&quot;:&quot;0&quot;,&quot;credit&quot;:&quot;&quot;,&quot;camera&quot;:&quot;&quot;,&quot;caption&quot;:&quot;&quot;,&quot;created_timestamp&quot;:&quot;0&quot;,&quot;copyright&quot;:&quot;&quot;,&quot;focal_length&quot;:&quot;0&quot;,&quot;iso&quot;:&quot;0&quot;,&quot;shutter_speed&quot;:&quot;0&quot;,&quot;title&quot;:&quot;&quot;,&quot;orientation&quot;:&quot;0&quot;}\" data-image-title=\"52602e4d-5fcd-468e-b3c0-c8ef744abe39\" data-image-description=\"\" data-image-caption=\"\" data-medium-file=\"https:\/\/www.paudalho.pe.gov.br\/portal\/wp-content\/uploads\/2025\/06\/52602e4d-5fcd-468e-b3c0-c8ef744abe39-350x230.jpeg\" data-large-file=\"https:\/\/www.paudalho.pe.gov.br\/portal\/wp-content\/uploads\/2025\/06\/52602e4d-5fcd-468e-b3c0-c8ef744abe39-800x450.jpeg\" src=\"https:\/\/www.paudalho.pe.gov.br\/portal\/wp-content\/uploads\/2025\/06\/52602e4d-5fcd-468e-b3c0-c8ef744abe39-800x450.jpeg\" alt=\"\" class=\"wp-image-36307\"\/><\/figure>\n","protected":false},"excerpt":{"rendered":"<p>Munic\u00edpio se une ao TJPE e a diversos parceiros para fortalecer a Regulariza\u00e7\u00e3o Fundi\u00e1ria Urbana em Pernambuco A Prefeitura de Paudalho, por meio do Programa Moradia Legal, participou da solenidade de abertura da Semana Solo Seguro \u2013 Favelas e N\u00facleos Urbanos, realizada na \u00faltima segunda-feira (9), no Sal\u00e3o Nobre do Pal\u00e1cio da Justi\u00e7a, sede do [&hellip;]<\/p>\n","protected":false},"author":17,"featured_media":36308,"comment_status":"open","ping_status":"open","sticky":false,"template":"","format":"standard","meta":{"_jetpack_newsletter_access":"","_jetpack_dont_email_post_to_subs":false,"_jetpack_newsletter_tier_id":0,"_jetpack_memberships_contains_paywalled_content":false,"_jetpack_memberships_contains_paid_content":false,"footnotes":""},"categories":[747,1],"tags":[],"class_list":["post-36304","post","type-post","status-publish","format-standard","has-post-thumbnail","hentry","category-moradia-legal","category-noticias"],"jetpack_featured_media_url":"https:\/\/www.paudalho.pe.gov.br\/portal\/wp-content\/uploads\/2025\/06\/b516230c-dd9b-483a-84ff-4d50552aacce.jpeg","jetpack_sharing_enabled":true,"jetpack_shortlink":"https:\/\/wp.me\/p98mS2-9ry","_links":{"self":[{"href":"https:\/\/www.paudalho.pe.gov.br\/portal\/wp-json\/wp\/v2\/posts\/36304","targetHints":{"allow":["GET"]}}],"collection":[{"href":"https:\/\/www.paudalho.pe.gov.br\/portal\/wp-json\/wp\/v2\/posts"}],"about":[{"href":"https:\/\/www.paudalho.pe.gov.br\/portal\/wp-json\/wp\/v2\/types\/post"}],"author":[{"embeddable":true,"href":"https:\/\/www.paudalho.pe.gov.br\/portal\/wp-json\/wp\/v2\/users\/17"}],"replies":[{"embeddable":true,"href":"https:\/\/www.paudalho.pe.gov.br\/portal\/wp-json\/wp\/v2\/comments?post=36304"}],"version-history":[{"count":2,"href":"https:\/\/www.paudalho.pe.gov.br\/portal\/wp-json\/wp\/v2\/posts\/36304\/revisions"}],"predecessor-version":[{"id":36331,"href":"https:\/\/www.paudalho.pe.gov.br\/portal\/wp-json\/wp\/v2\/posts\/36304\/revisions\/36331"}],"wp:featuredmedia":[{"embeddable":true,"href":"https:\/\/www.paudalho.pe.gov.br\/portal\/wp-json\/wp\/v2\/media\/36308"}],"wp:attachment":[{"href":"https:\/\/www.paudalho.pe.gov.br\/portal\/wp-json\/wp\/v2\/media?parent=36304"}],"wp:term":[{"taxonomy":"category","embeddable":true,"href":"https:\/\/www.paudalho.pe.gov.br\/portal\/wp-json\/wp\/v2\/categories?post=36304"},{"taxonomy":"post_tag","embeddable":true,"href":"https:\/\/www.paudalho.pe.gov.br\/portal\/wp-json\/wp\/v2\/tags?post=36304"}],"curies":[{"name":"wp","href":"https:\/\/api.w.org\/{rel}","templated":true}]}}