{"id":36122,"date":"2025-06-11T19:32:10","date_gmt":"2025-06-11T22:32:10","guid":{"rendered":"https:\/\/www.paudalho.pe.gov.br\/portal\/?p=36122"},"modified":"2025-06-11T19:32:10","modified_gmt":"2025-06-11T22:32:10","slug":"professores-do-4o-e-5o-ano-participam-de-formacao-do-programa-crianca-alfabetizada-em-paudalho","status":"publish","type":"post","link":"https:\/\/www.paudalho.pe.gov.br\/portal\/professores-do-4o-e-5o-ano-participam-de-formacao-do-programa-crianca-alfabetizada-em-paudalho\/","title":{"rendered":"Professores do 4\u00ba e 5\u00ba ano participam de forma\u00e7\u00e3o do Programa Crian\u00e7a Alfabetizada em Paudalho"},"content":{"rendered":"\n<p>Nesta quarta-feira (11), a Prefeitura do Paudalho, por meio da Secretaria de Educa\u00e7\u00e3o e Juventude e atrav\u00e9s da Ger\u00eancia de Desenvolvimento da Educa\u00e7\u00e3o (GDE), realizou uma forma\u00e7\u00e3o do Programa Crian\u00e7a Alfabetizada (PCA) voltada para professores de L\u00edngua Portuguesa dos 4\u00ba e 5\u00ba anos da rede municipal.<\/p>\n\n\n\n<p>O encontro teve como objetivo fortalecer as pr\u00e1ticas de ensino da leitura e escrita, por meio de atividades formativas que inclu\u00edram a an\u00e1lise de sequ\u00eancias did\u00e1ticas, trocas de experi\u00eancias, discuss\u00f5es sobre estrat\u00e9gias aplic\u00e1veis em sala de aula e a viv\u00eancia de jogos ortogr\u00e1ficos como recurso para o ensino l\u00fadico da l\u00edngua.<\/p>\n\n\n\n<p>Entre os exemplos trabalhados, destacaram-se o ensino reflexivo sobre as regras que regem a escrita, o ensino centrado na progress\u00e3o das aprendizagens, a integra\u00e7\u00e3o e explicita\u00e7\u00e3o oral de conte\u00fados, o est\u00edmulo \u00e0 oralidade e \u00e0 justificativa de opini\u00f5es pelas crian\u00e7as, al\u00e9m do incentivo \u00e0 participa\u00e7\u00e3o ativa dos alunos no processo de constru\u00e7\u00e3o do conhecimento.<\/p>\n\n\n\n<p>A forma\u00e7\u00e3o tamb\u00e9m ressaltou a import\u00e2ncia de considerar as hip\u00f3teses dos alunos, reconhecendo e valorizando seus saberes pr\u00e9vios e suas formas de pensar a linguagem como ponto de partida para uma aprendizagem mais significativa.<\/p>\n\n\n\n<figure class=\"wp-block-image size-large\"><img loading=\"lazy\" decoding=\"async\" width=\"800\" height=\"450\" data-attachment-id=\"36123\" data-permalink=\"https:\/\/www.paudalho.pe.gov.br\/portal\/professores-do-4o-e-5o-ano-participam-de-formacao-do-programa-crianca-alfabetizada-em-paudalho\/e5045946-b365-43a3-963e-f32966181615\/\" data-orig-file=\"https:\/\/www.paudalho.pe.gov.br\/portal\/wp-content\/uploads\/2025\/06\/e5045946-b365-43a3-963e-f32966181615-scaled.jpeg\" data-orig-size=\"2560,1920\" data-comments-opened=\"1\" data-image-meta=\"{&quot;aperture&quot;:&quot;0&quot;,&quot;credit&quot;:&quot;&quot;,&quot;camera&quot;:&quot;&quot;,&quot;caption&quot;:&quot;&quot;,&quot;created_timestamp&quot;:&quot;1749674061&quot;,&quot;copyright&quot;:&quot;&quot;,&quot;focal_length&quot;:&quot;0&quot;,&quot;iso&quot;:&quot;0&quot;,&quot;shutter_speed&quot;:&quot;0&quot;,&quot;title&quot;:&quot;&quot;,&quot;orientation&quot;:&quot;0&quot;}\" data-image-title=\"e5045946-b365-43a3-963e-f32966181615\" data-image-description=\"\" data-image-caption=\"\" data-medium-file=\"https:\/\/www.paudalho.pe.gov.br\/portal\/wp-content\/uploads\/2025\/06\/e5045946-b365-43a3-963e-f32966181615-350x230.jpeg\" data-large-file=\"https:\/\/www.paudalho.pe.gov.br\/portal\/wp-content\/uploads\/2025\/06\/e5045946-b365-43a3-963e-f32966181615-800x450.jpeg\" src=\"https:\/\/www.paudalho.pe.gov.br\/portal\/wp-content\/uploads\/2025\/06\/e5045946-b365-43a3-963e-f32966181615-800x450.jpeg\" alt=\"\" class=\"wp-image-36123\"\/><\/figure>\n\n\n\n<figure class=\"wp-block-image size-large\"><img loading=\"lazy\" decoding=\"async\" width=\"800\" height=\"450\" data-attachment-id=\"36124\" data-permalink=\"https:\/\/www.paudalho.pe.gov.br\/portal\/professores-do-4o-e-5o-ano-participam-de-formacao-do-programa-crianca-alfabetizada-em-paudalho\/0029193b-b92f-46cd-b17e-9c6261725014\/\" data-orig-file=\"https:\/\/www.paudalho.pe.gov.br\/portal\/wp-content\/uploads\/2025\/06\/0029193b-b92f-46cd-b17e-9c6261725014-scaled.jpeg\" data-orig-size=\"2560,1920\" data-comments-opened=\"1\" data-image-meta=\"{&quot;aperture&quot;:&quot;0&quot;,&quot;credit&quot;:&quot;&quot;,&quot;camera&quot;:&quot;&quot;,&quot;caption&quot;:&quot;&quot;,&quot;created_timestamp&quot;:&quot;1749674060&quot;,&quot;copyright&quot;:&quot;&quot;,&quot;focal_length&quot;:&quot;0&quot;,&quot;iso&quot;:&quot;0&quot;,&quot;shutter_speed&quot;:&quot;0&quot;,&quot;title&quot;:&quot;&quot;,&quot;orientation&quot;:&quot;0&quot;}\" data-image-title=\"0029193b-b92f-46cd-b17e-9c6261725014\" data-image-description=\"\" data-image-caption=\"\" data-medium-file=\"https:\/\/www.paudalho.pe.gov.br\/portal\/wp-content\/uploads\/2025\/06\/0029193b-b92f-46cd-b17e-9c6261725014-350x230.jpeg\" data-large-file=\"https:\/\/www.paudalho.pe.gov.br\/portal\/wp-content\/uploads\/2025\/06\/0029193b-b92f-46cd-b17e-9c6261725014-800x450.jpeg\" src=\"https:\/\/www.paudalho.pe.gov.br\/portal\/wp-content\/uploads\/2025\/06\/0029193b-b92f-46cd-b17e-9c6261725014-800x450.jpeg\" alt=\"\" class=\"wp-image-36124\"\/><\/figure>\n\n\n\n<figure class=\"wp-block-image size-large\"><img loading=\"lazy\" decoding=\"async\" width=\"800\" height=\"450\" data-attachment-id=\"36125\" data-permalink=\"https:\/\/www.paudalho.pe.gov.br\/portal\/professores-do-4o-e-5o-ano-participam-de-formacao-do-programa-crianca-alfabetizada-em-paudalho\/7099a8e9-0f85-4e0c-9cfd-dfa3faac1653\/\" data-orig-file=\"https:\/\/www.paudalho.pe.gov.br\/portal\/wp-content\/uploads\/2025\/06\/7099a8e9-0f85-4e0c-9cfd-dfa3faac1653-scaled.jpeg\" data-orig-size=\"2560,1920\" data-comments-opened=\"1\" data-image-meta=\"{&quot;aperture&quot;:&quot;0&quot;,&quot;credit&quot;:&quot;&quot;,&quot;camera&quot;:&quot;&quot;,&quot;caption&quot;:&quot;&quot;,&quot;created_timestamp&quot;:&quot;1749674060&quot;,&quot;copyright&quot;:&quot;&quot;,&quot;focal_length&quot;:&quot;0&quot;,&quot;iso&quot;:&quot;0&quot;,&quot;shutter_speed&quot;:&quot;0&quot;,&quot;title&quot;:&quot;&quot;,&quot;orientation&quot;:&quot;0&quot;}\" data-image-title=\"7099a8e9-0f85-4e0c-9cfd-dfa3faac1653\" data-image-description=\"\" data-image-caption=\"\" data-medium-file=\"https:\/\/www.paudalho.pe.gov.br\/portal\/wp-content\/uploads\/2025\/06\/7099a8e9-0f85-4e0c-9cfd-dfa3faac1653-350x230.jpeg\" data-large-file=\"https:\/\/www.paudalho.pe.gov.br\/portal\/wp-content\/uploads\/2025\/06\/7099a8e9-0f85-4e0c-9cfd-dfa3faac1653-800x450.jpeg\" src=\"https:\/\/www.paudalho.pe.gov.br\/portal\/wp-content\/uploads\/2025\/06\/7099a8e9-0f85-4e0c-9cfd-dfa3faac1653-800x450.jpeg\" alt=\"\" class=\"wp-image-36125\"\/><\/figure>\n\n\n\n<figure class=\"wp-block-image size-large\"><img loading=\"lazy\" decoding=\"async\" width=\"800\" height=\"450\" data-attachment-id=\"36126\" data-permalink=\"https:\/\/www.paudalho.pe.gov.br\/portal\/professores-do-4o-e-5o-ano-participam-de-formacao-do-programa-crianca-alfabetizada-em-paudalho\/3a286d1b-bb60-40cd-ab1f-933ab7d40ce8\/\" data-orig-file=\"https:\/\/www.paudalho.pe.gov.br\/portal\/wp-content\/uploads\/2025\/06\/3a286d1b-bb60-40cd-ab1f-933ab7d40ce8-scaled.jpeg\" data-orig-size=\"2560,1920\" data-comments-opened=\"1\" data-image-meta=\"{&quot;aperture&quot;:&quot;0&quot;,&quot;credit&quot;:&quot;&quot;,&quot;camera&quot;:&quot;&quot;,&quot;caption&quot;:&quot;&quot;,&quot;created_timestamp&quot;:&quot;1749674062&quot;,&quot;copyright&quot;:&quot;&quot;,&quot;focal_length&quot;:&quot;0&quot;,&quot;iso&quot;:&quot;0&quot;,&quot;shutter_speed&quot;:&quot;0&quot;,&quot;title&quot;:&quot;&quot;,&quot;orientation&quot;:&quot;0&quot;}\" data-image-title=\"3a286d1b-bb60-40cd-ab1f-933ab7d40ce8\" data-image-description=\"\" data-image-caption=\"\" data-medium-file=\"https:\/\/www.paudalho.pe.gov.br\/portal\/wp-content\/uploads\/2025\/06\/3a286d1b-bb60-40cd-ab1f-933ab7d40ce8-350x230.jpeg\" data-large-file=\"https:\/\/www.paudalho.pe.gov.br\/portal\/wp-content\/uploads\/2025\/06\/3a286d1b-bb60-40cd-ab1f-933ab7d40ce8-800x450.jpeg\" src=\"https:\/\/www.paudalho.pe.gov.br\/portal\/wp-content\/uploads\/2025\/06\/3a286d1b-bb60-40cd-ab1f-933ab7d40ce8-800x450.jpeg\" alt=\"\" class=\"wp-image-36126\"\/><\/figure>\n","protected":false},"excerpt":{"rendered":"<p>Nesta quarta-feira (11), a Prefeitura do Paudalho, por meio da Secretaria de Educa\u00e7\u00e3o e Juventude e atrav\u00e9s da Ger\u00eancia de Desenvolvimento da Educa\u00e7\u00e3o (GDE), realizou uma forma\u00e7\u00e3o do Programa Crian\u00e7a Alfabetizada (PCA) voltada para professores de L\u00edngua Portuguesa dos 4\u00ba e 5\u00ba anos da rede municipal. O encontro teve como objetivo fortalecer as pr\u00e1ticas de [&hellip;]<\/p>\n","protected":false},"author":17,"featured_media":36127,"comment_status":"open","ping_status":"open","sticky":false,"template":"","format":"standard","meta":{"_jetpack_newsletter_access":"","_jetpack_dont_email_post_to_subs":false,"_jetpack_newsletter_tier_id":0,"_jetpack_memberships_contains_paywalled_content":false,"_jetpack_memberships_contains_paid_content":false,"footnotes":""},"categories":[520,1],"tags":[],"class_list":["post-36122","post","type-post","status-publish","format-standard","has-post-thumbnail","hentry","category-educacao-2","category-noticias"],"jetpack_featured_media_url":"https:\/\/www.paudalho.pe.gov.br\/portal\/wp-content\/uploads\/2025\/06\/ef10f6f3-0d46-4317-ace0-e6a9e2244c95-scaled.jpeg","jetpack_sharing_enabled":true,"jetpack_shortlink":"https:\/\/wp.me\/p98mS2-9oC","_links":{"self":[{"href":"https:\/\/www.paudalho.pe.gov.br\/portal\/wp-json\/wp\/v2\/posts\/36122","targetHints":{"allow":["GET"]}}],"collection":[{"href":"https:\/\/www.paudalho.pe.gov.br\/portal\/wp-json\/wp\/v2\/posts"}],"about":[{"href":"https:\/\/www.paudalho.pe.gov.br\/portal\/wp-json\/wp\/v2\/types\/post"}],"author":[{"embeddable":true,"href":"https:\/\/www.paudalho.pe.gov.br\/portal\/wp-json\/wp\/v2\/users\/17"}],"replies":[{"embeddable":true,"href":"https:\/\/www.paudalho.pe.gov.br\/portal\/wp-json\/wp\/v2\/comments?post=36122"}],"version-history":[{"count":1,"href":"https:\/\/www.paudalho.pe.gov.br\/portal\/wp-json\/wp\/v2\/posts\/36122\/revisions"}],"predecessor-version":[{"id":36128,"href":"https:\/\/www.paudalho.pe.gov.br\/portal\/wp-json\/wp\/v2\/posts\/36122\/revisions\/36128"}],"wp:featuredmedia":[{"embeddable":true,"href":"https:\/\/www.paudalho.pe.gov.br\/portal\/wp-json\/wp\/v2\/media\/36127"}],"wp:attachment":[{"href":"https:\/\/www.paudalho.pe.gov.br\/portal\/wp-json\/wp\/v2\/media?parent=36122"}],"wp:term":[{"taxonomy":"category","embeddable":true,"href":"https:\/\/www.paudalho.pe.gov.br\/portal\/wp-json\/wp\/v2\/categories?post=36122"},{"taxonomy":"post_tag","embeddable":true,"href":"https:\/\/www.paudalho.pe.gov.br\/portal\/wp-json\/wp\/v2\/tags?post=36122"}],"curies":[{"name":"wp","href":"https:\/\/api.w.org\/{rel}","templated":true}]}}