{"id":36116,"date":"2025-06-09T21:55:00","date_gmt":"2025-06-10T00:55:00","guid":{"rendered":"https:\/\/www.paudalho.pe.gov.br\/portal\/?p=36116"},"modified":"2025-06-19T09:31:27","modified_gmt":"2025-06-19T12:31:27","slug":"politica-nacional-aldir-blanc-paudalho-reprograma-cronograma-e-reforca-compromisso-com-a-cultura","status":"publish","type":"post","link":"https:\/\/www.paudalho.pe.gov.br\/portal\/politica-nacional-aldir-blanc-paudalho-reprograma-cronograma-e-reforca-compromisso-com-a-cultura\/","title":{"rendered":"Pol\u00edtica Nacional Aldir Blanc: Paudalho reprograma cronograma e refor\u00e7a compromisso com a cultura"},"content":{"rendered":"\n<p><\/p>\n\n\n\n<p>Prezados(as) mun\u00edcipes e fazedores(as) de cultura de Paudalho,<\/p>\n\n\n\n<p>A Prefeitura do Paudalho, por meio da Secretaria Municipal de Cultura e Turismo, informa a reprograma\u00e7\u00e3o do cronograma dos Editais da Pol\u00edtica Nacional Aldir Blanc.<\/p>\n\n\n\n<p>Devido ao grande volume de inscri\u00e7\u00f5es recebidas \u2014 mais de 200 propostas \u2014, a data de publica\u00e7\u00e3o do resultado preliminar ser\u00e1 prorrogada. Essa expressiva participa\u00e7\u00e3o demonstra o sucesso e a for\u00e7a do setor cultural em nosso munic\u00edpio.<\/p>\n\n\n\n<p>Refor\u00e7amos nosso compromisso com a transpar\u00eancia e a ampla divulga\u00e7\u00e3o das informa\u00e7\u00f5es. Para garantir o bom andamento do processo, a Secretaria adotar\u00e1 um regime especial de funcionamento, com abertura excepcional da sede em finais de semana e feriados, a fim de cumprir todas as exig\u00eancias do edital at\u00e9 o final deste m\u00eas.<\/p>\n\n\n\n<p><strong>\ud83d\udcc5 Novo Cronograma Atualizado<\/strong><\/p>\n\n\n\n<ul class=\"wp-block-list\">\n<li>Abertura das Inscri\u00e7\u00f5es: 28\/05\/2025<\/li>\n\n\n\n<li>Encerramento das Inscri\u00e7\u00f5es: 06\/06\/2025<\/li>\n\n\n\n<li>Resultado Preliminar \u2013 Etapa de Sele\u00e7\u00e3o: 11\/06\/2025<\/li>\n\n\n\n<li>Interposi\u00e7\u00e3o de Recursos \u2013 Etapa de Sele\u00e7\u00e3o: 12 a 16\/06\/2025<\/li>\n\n\n\n<li>Resultado Final \u2013 Etapa de Sele\u00e7\u00e3o: 17\/06\/2025<\/li>\n\n\n\n<li>Entrega de Documenta\u00e7\u00f5es Complementares: 18 a 21\/06\/2025<\/li>\n\n\n\n<li>Resultado Preliminar \u2013 Etapa de Habilita\u00e7\u00e3o: 22\/06\/2025<\/li>\n\n\n\n<li>Interposi\u00e7\u00e3o de Recursos \u2013 Etapa de Habilita\u00e7\u00e3o: 23, 24 e 25\/06\/2025<\/li>\n\n\n\n<li>Resultado Final \u2013 Etapa de Habilita\u00e7\u00e3o: 26\/06\/2025<\/li>\n\n\n\n<li>Assinatura do Termo de Premia\u00e7\u00e3o\/Execu\u00e7\u00e3o Cultural: 27, 28, 29 e 30\/06\/2025<\/li>\n<\/ul>\n\n\n\n<p>A Secretaria de Cultura e Turismo agradece a compreens\u00e3o e a valiosa colabora\u00e7\u00e3o de todos os artistas, grupos, coletivos e agentes culturais de Paudalho, que, com entusiasmo e dedica\u00e7\u00e3o, tornam este processo um verdadeiro marco na hist\u00f3ria cultural do nosso munic\u00edpio<\/p>\n","protected":false},"excerpt":{"rendered":"<p>Prezados(as) mun\u00edcipes e fazedores(as) de cultura de Paudalho, A Prefeitura do Paudalho, por meio da Secretaria Municipal de Cultura e Turismo, informa a reprograma\u00e7\u00e3o do cronograma dos Editais da Pol\u00edtica Nacional Aldir Blanc. Devido ao grande volume de inscri\u00e7\u00f5es recebidas \u2014 mais de 200 propostas \u2014, a data de publica\u00e7\u00e3o do resultado preliminar ser\u00e1 prorrogada. [&hellip;]<\/p>\n","protected":false},"author":15,"featured_media":36268,"comment_status":"open","ping_status":"open","sticky":false,"template":"","format":"standard","meta":{"_jetpack_newsletter_access":"","_jetpack_dont_email_post_to_subs":false,"_jetpack_newsletter_tier_id":0,"_jetpack_memberships_contains_paywalled_content":false,"_jetpack_memberships_contains_paid_content":false,"footnotes":""},"categories":[32,6,2,1],"tags":[],"class_list":["post-36116","post","type-post","status-publish","format-standard","has-post-thumbnail","hentry","category-comunicado","category-cultura","category-destaque","category-noticias"],"jetpack_featured_media_url":"https:\/\/www.paudalho.pe.gov.br\/portal\/wp-content\/uploads\/2025\/06\/WhatsApp-Image-2025-06-13-at-11.53.39.jpeg","jetpack_sharing_enabled":true,"jetpack_shortlink":"https:\/\/wp.me\/p98mS2-9ow","_links":{"self":[{"href":"https:\/\/www.paudalho.pe.gov.br\/portal\/wp-json\/wp\/v2\/posts\/36116","targetHints":{"allow":["GET"]}}],"collection":[{"href":"https:\/\/www.paudalho.pe.gov.br\/portal\/wp-json\/wp\/v2\/posts"}],"about":[{"href":"https:\/\/www.paudalho.pe.gov.br\/portal\/wp-json\/wp\/v2\/types\/post"}],"author":[{"embeddable":true,"href":"https:\/\/www.paudalho.pe.gov.br\/portal\/wp-json\/wp\/v2\/users\/15"}],"replies":[{"embeddable":true,"href":"https:\/\/www.paudalho.pe.gov.br\/portal\/wp-json\/wp\/v2\/comments?post=36116"}],"version-history":[{"count":1,"href":"https:\/\/www.paudalho.pe.gov.br\/portal\/wp-json\/wp\/v2\/posts\/36116\/revisions"}],"predecessor-version":[{"id":36117,"href":"https:\/\/www.paudalho.pe.gov.br\/portal\/wp-json\/wp\/v2\/posts\/36116\/revisions\/36117"}],"wp:featuredmedia":[{"embeddable":true,"href":"https:\/\/www.paudalho.pe.gov.br\/portal\/wp-json\/wp\/v2\/media\/36268"}],"wp:attachment":[{"href":"https:\/\/www.paudalho.pe.gov.br\/portal\/wp-json\/wp\/v2\/media?parent=36116"}],"wp:term":[{"taxonomy":"category","embeddable":true,"href":"https:\/\/www.paudalho.pe.gov.br\/portal\/wp-json\/wp\/v2\/categories?post=36116"},{"taxonomy":"post_tag","embeddable":true,"href":"https:\/\/www.paudalho.pe.gov.br\/portal\/wp-json\/wp\/v2\/tags?post=36116"}],"curies":[{"name":"wp","href":"https:\/\/api.w.org\/{rel}","templated":true}]}}