{"id":36084,"date":"2025-06-05T18:12:21","date_gmt":"2025-06-05T21:12:21","guid":{"rendered":"https:\/\/www.paudalho.pe.gov.br\/portal\/?p=36084"},"modified":"2025-06-05T18:13:13","modified_gmt":"2025-06-05T21:13:13","slug":"conselho-municipal-de-saude-de-paudalho-empossa-novos-membros-e-elege-mesa-diretora-para-o-bienio-2025-2026","status":"publish","type":"post","link":"https:\/\/www.paudalho.pe.gov.br\/portal\/conselho-municipal-de-saude-de-paudalho-empossa-novos-membros-e-elege-mesa-diretora-para-o-bienio-2025-2026\/","title":{"rendered":"Conselho Municipal de Sa\u00fade de Paudalho empossa novos membros e elege mesa diretora para o bi\u00eanio 2025\/2026"},"content":{"rendered":"\n<p>Na manh\u00e3 desta quinta-feira, 5 de junho de 2025, o Conselho Municipal de Sa\u00fade de Paudalho realizou, na C\u00e2mara de Vereadores, a cerim\u00f4nia de posse das entidades eleitas e a elei\u00e7\u00e3o da nova mesa diretora, conforme previsto em edital p\u00fablico.<\/p>\n\n\n\n<p>O evento contou com a presen\u00e7a de representantes do Conselho Estadual de Sa\u00fade de Pernambuco, al\u00e9m de conselheiros municipais de cidades vizinhas, como Rebeca Duarte (Carpina), Ana Ver\u00f4nica (Lagoa do Carro) e Ricardo Martins (Limoeiro). Tamb\u00e9m estiveram presentes o Vice-Prefeito de Paudalho, Thiago Moreira, e a Vereadora Ruth Vieira.<\/p>\n\n\n\n<p>Durante a solenidade, foi eleita a mesa diretora que estar\u00e1 \u00e0 frente do Conselho Municipal de Sa\u00fade no bi\u00eanio 2025\/2026, composta por:<\/p>\n\n\n\n<ul class=\"wp-block-list\">\n<li>Gilliard Henrique da Silva \u2013 Presidente<\/li>\n\n\n\n<li>Elivelton Carlos da Silva \u2013 Vice-Presidente<\/li>\n\n\n\n<li>Crevanir Alves dos Santos \u2013 Secret\u00e1ria<\/li>\n<\/ul>\n\n\n\n<p>O fortalecimento dos conselhos municipais \u00e9 essencial para garantir o controle social e a participa\u00e7\u00e3o popular nas decis\u00f5es que envolvem as pol\u00edticas p\u00fablicas de sa\u00fade do munic\u00edpio.<\/p>\n\n\n\n<p>A publica\u00e7\u00e3o oficial com a rela\u00e7\u00e3o das entidades eleitas est\u00e1 dispon\u00edvel no link abaixo: <\/p>\n\n\n\n<div data-wp-interactive=\"core\/file\" class=\"wp-block-file\"><object data-wp-bind--hidden=\"!state.hasPdfPreview\" hidden class=\"wp-block-file__embed\" data=\"https:\/\/www.paudalho.pe.gov.br\/portal\/wp-content\/uploads\/2025\/06\/Publicacao-da-Eleicao002.pdf\" type=\"application\/pdf\" style=\"width:100%;height:600px\" aria-label=\"Incorporado de Publica\u00e7\u00e3o da Elei\u00e7\u00e3o002.\"><\/object><a id=\"wp-block-file--media-e4d3e3a8-211d-4399-a77d-275e991d757e\" href=\"https:\/\/www.paudalho.pe.gov.br\/portal\/wp-content\/uploads\/2025\/06\/Publicacao-da-Eleicao002.pdf\">Publica\u00e7\u00e3o da Elei\u00e7\u00e3o002<\/a><a href=\"https:\/\/www.paudalho.pe.gov.br\/portal\/wp-content\/uploads\/2025\/06\/Publicacao-da-Eleicao002.pdf\" class=\"wp-block-file__button wp-element-button\" download aria-describedby=\"wp-block-file--media-e4d3e3a8-211d-4399-a77d-275e991d757e\">Baixar<\/a><\/div>\n\n\n\n<figure class=\"wp-block-image size-large\"><img loading=\"lazy\" decoding=\"async\" width=\"800\" height=\"450\" data-attachment-id=\"36086\" data-permalink=\"https:\/\/www.paudalho.pe.gov.br\/portal\/conselho-municipal-de-saude-de-paudalho-empossa-novos-membros-e-elege-mesa-diretora-para-o-bienio-2025-2026\/fbdbd151-1672-4080-9daa-f1b166cd6009-3\/\" data-orig-file=\"https:\/\/www.paudalho.pe.gov.br\/portal\/wp-content\/uploads\/2025\/06\/fbdbd151-1672-4080-9daa-f1b166cd6009.jpeg\" data-orig-size=\"1599,899\" data-comments-opened=\"1\" data-image-meta=\"{&quot;aperture&quot;:&quot;0&quot;,&quot;credit&quot;:&quot;&quot;,&quot;camera&quot;:&quot;&quot;,&quot;caption&quot;:&quot;&quot;,&quot;created_timestamp&quot;:&quot;0&quot;,&quot;copyright&quot;:&quot;&quot;,&quot;focal_length&quot;:&quot;0&quot;,&quot;iso&quot;:&quot;0&quot;,&quot;shutter_speed&quot;:&quot;0&quot;,&quot;title&quot;:&quot;&quot;,&quot;orientation&quot;:&quot;0&quot;}\" data-image-title=\"fbdbd151-1672-4080-9daa-f1b166cd6009\" data-image-description=\"\" data-image-caption=\"\" data-medium-file=\"https:\/\/www.paudalho.pe.gov.br\/portal\/wp-content\/uploads\/2025\/06\/fbdbd151-1672-4080-9daa-f1b166cd6009-350x230.jpeg\" data-large-file=\"https:\/\/www.paudalho.pe.gov.br\/portal\/wp-content\/uploads\/2025\/06\/fbdbd151-1672-4080-9daa-f1b166cd6009-800x450.jpeg\" src=\"https:\/\/www.paudalho.pe.gov.br\/portal\/wp-content\/uploads\/2025\/06\/fbdbd151-1672-4080-9daa-f1b166cd6009-800x450.jpeg\" alt=\"\" class=\"wp-image-36086\" srcset=\"https:\/\/www.paudalho.pe.gov.br\/portal\/wp-content\/uploads\/2025\/06\/fbdbd151-1672-4080-9daa-f1b166cd6009-800x450.jpeg 800w, https:\/\/www.paudalho.pe.gov.br\/portal\/wp-content\/uploads\/2025\/06\/fbdbd151-1672-4080-9daa-f1b166cd6009-768x432.jpeg 768w, https:\/\/www.paudalho.pe.gov.br\/portal\/wp-content\/uploads\/2025\/06\/fbdbd151-1672-4080-9daa-f1b166cd6009-1536x864.jpeg 1536w, https:\/\/www.paudalho.pe.gov.br\/portal\/wp-content\/uploads\/2025\/06\/fbdbd151-1672-4080-9daa-f1b166cd6009.jpeg 1599w\" sizes=\"auto, (max-width: 800px) 100vw, 800px\" \/><\/figure>\n","protected":false},"excerpt":{"rendered":"<p>Na manh\u00e3 desta quinta-feira, 5 de junho de 2025, o Conselho Municipal de Sa\u00fade de Paudalho realizou, na C\u00e2mara de Vereadores, a cerim\u00f4nia de posse das entidades eleitas e a elei\u00e7\u00e3o da nova mesa diretora, conforme previsto em edital p\u00fablico. O evento contou com a presen\u00e7a de representantes do Conselho Estadual de Sa\u00fade de Pernambuco, [&hellip;]<\/p>\n","protected":false},"author":17,"featured_media":36087,"comment_status":"open","ping_status":"open","sticky":false,"template":"","format":"standard","meta":{"_jetpack_newsletter_access":"","_jetpack_dont_email_post_to_subs":false,"_jetpack_newsletter_tier_id":0,"_jetpack_memberships_contains_paywalled_content":false,"_jetpack_memberships_contains_paid_content":false,"footnotes":""},"categories":[1,3],"tags":[],"class_list":["post-36084","post","type-post","status-publish","format-standard","has-post-thumbnail","hentry","category-noticias","category-saude"],"jetpack_featured_media_url":"https:\/\/www.paudalho.pe.gov.br\/portal\/wp-content\/uploads\/2025\/06\/3b435d7d-1a49-43d9-bc5b-6cca1a8ec47f.jpeg","jetpack_sharing_enabled":true,"jetpack_shortlink":"https:\/\/wp.me\/p98mS2-9o0","_links":{"self":[{"href":"https:\/\/www.paudalho.pe.gov.br\/portal\/wp-json\/wp\/v2\/posts\/36084","targetHints":{"allow":["GET"]}}],"collection":[{"href":"https:\/\/www.paudalho.pe.gov.br\/portal\/wp-json\/wp\/v2\/posts"}],"about":[{"href":"https:\/\/www.paudalho.pe.gov.br\/portal\/wp-json\/wp\/v2\/types\/post"}],"author":[{"embeddable":true,"href":"https:\/\/www.paudalho.pe.gov.br\/portal\/wp-json\/wp\/v2\/users\/17"}],"replies":[{"embeddable":true,"href":"https:\/\/www.paudalho.pe.gov.br\/portal\/wp-json\/wp\/v2\/comments?post=36084"}],"version-history":[{"count":1,"href":"https:\/\/www.paudalho.pe.gov.br\/portal\/wp-json\/wp\/v2\/posts\/36084\/revisions"}],"predecessor-version":[{"id":36088,"href":"https:\/\/www.paudalho.pe.gov.br\/portal\/wp-json\/wp\/v2\/posts\/36084\/revisions\/36088"}],"wp:featuredmedia":[{"embeddable":true,"href":"https:\/\/www.paudalho.pe.gov.br\/portal\/wp-json\/wp\/v2\/media\/36087"}],"wp:attachment":[{"href":"https:\/\/www.paudalho.pe.gov.br\/portal\/wp-json\/wp\/v2\/media?parent=36084"}],"wp:term":[{"taxonomy":"category","embeddable":true,"href":"https:\/\/www.paudalho.pe.gov.br\/portal\/wp-json\/wp\/v2\/categories?post=36084"},{"taxonomy":"post_tag","embeddable":true,"href":"https:\/\/www.paudalho.pe.gov.br\/portal\/wp-json\/wp\/v2\/tags?post=36084"}],"curies":[{"name":"wp","href":"https:\/\/api.w.org\/{rel}","templated":true}]}}