{"id":3575,"date":"2018-08-06T13:20:51","date_gmt":"2018-08-06T16:20:51","guid":{"rendered":"http:\/\/www.paudalho.pe.gov.br\/portal\/?p=3575"},"modified":"2018-09-24T10:30:11","modified_gmt":"2018-09-24T13:30:11","slug":"entrega-de-kits-escolares-ordem-de-servico-e-postos-de-saude-mais-tecnologicos-marcam-semana-em-paudalho","status":"publish","type":"post","link":"https:\/\/www.paudalho.pe.gov.br\/portal\/entrega-de-kits-escolares-ordem-de-servico-e-postos-de-saude-mais-tecnologicos-marcam-semana-em-paudalho\/","title":{"rendered":"Entrega de kits escolares, ordem de servi\u00e7o e postos de sa\u00fade mais tecnol\u00f3gicos marcam semana em Paudalho"},"content":{"rendered":"<p>Superando a crise que atinge todo o Brasil, a Prefeitura do Paudalho segue avan\u00e7ando na Educa\u00e7\u00e3o, Obras, Sa\u00fade, entre outras tantas \u00e1reas. Na \u00faltima quinta-feira (2) todas as 18 Unidades B\u00e1sicas de Sa\u00fade (UBSs) receberam computadores e Notebooks para o melhor atendimento \u00e0 popula\u00e7\u00e3o. Ao todo foram entregues 72 maquinas. A enfermeira Amanda Lira da unidade de Guadalajara comemorou. \u201cVai mudar todo o contexto da unidade b\u00e1sica. A gente tinha aquilo de procurar o prontu\u00e1rio e agora vai ficar tudo bem mais r\u00e1pido porque n\u00e3o vai precisar mais digitar. Paudalho tem uma sa\u00fade de qualidade!\u201d, disse.<\/p>\n<p>Segundo o secret\u00e1rio de Sa\u00fade, o Munic\u00edpio torna-se pioneiro ao tornar mais tecnol\u00f3gico o atendimento nas UBSs. \u201cN\u00f3s estamos lan\u00e7ando 100% da informatiza\u00e7\u00e3o das unidades de Paudalho, significa que n\u00f3s vamos estar na vanguarda da tecnologia com uma internet de qualidade e com um equipamento comprado com recursos pr\u00f3prios e agora todo paciente que vai para um m\u00e9dico da fam\u00edlia, um dentista da fam\u00edlia, uma enfermeira da fam\u00edlia, aquele atendimento se transforma em informa\u00e7\u00e3o e o Minist\u00e9rio da Sa\u00fade identifica\u201d, destacou.<\/p>\n<p>A dona de casa Cosma Maria, de 51 anos, n\u00e3o escondeu a alegria de ver a mudan\u00e7a na unidade em que frequenta, no bairro de Guadalajara. \u201cEu fico muito feliz porque o povo de Paudalho, de Guadalajara \u00e9 muito carente e essas maquinas s\u00f3 v\u00e3o ajudar na hora de atender a gente\u201d, comentou.<\/p>\n<p><img loading=\"lazy\" decoding=\"async\" data-attachment-id=\"3577\" data-permalink=\"https:\/\/www.paudalho.pe.gov.br\/portal\/entrega-de-kits-escolares-ordem-de-servico-e-postos-de-saude-mais-tecnologicos-marcam-semana-em-paudalho\/220bc7ea-dfcf-4806-b978-78b14066c263\/\" data-orig-file=\"https:\/\/www.paudalho.pe.gov.br\/portal\/wp-content\/uploads\/2018\/08\/220bc7ea-dfcf-4806-b978-78b14066c263.jpg\" data-orig-size=\"1280,720\" data-comments-opened=\"1\" data-image-meta=\"{&quot;aperture&quot;:&quot;0&quot;,&quot;credit&quot;:&quot;&quot;,&quot;camera&quot;:&quot;&quot;,&quot;caption&quot;:&quot;&quot;,&quot;created_timestamp&quot;:&quot;0&quot;,&quot;copyright&quot;:&quot;&quot;,&quot;focal_length&quot;:&quot;0&quot;,&quot;iso&quot;:&quot;0&quot;,&quot;shutter_speed&quot;:&quot;0&quot;,&quot;title&quot;:&quot;&quot;,&quot;orientation&quot;:&quot;0&quot;}\" data-image-title=\"220bc7ea-dfcf-4806-b978-78b14066c263\" data-image-description=\"\" data-image-caption=\"\" data-medium-file=\"https:\/\/www.paudalho.pe.gov.br\/portal\/wp-content\/uploads\/2018\/08\/220bc7ea-dfcf-4806-b978-78b14066c263-350x230.jpg\" data-large-file=\"https:\/\/www.paudalho.pe.gov.br\/portal\/wp-content\/uploads\/2018\/08\/220bc7ea-dfcf-4806-b978-78b14066c263-800x450.jpg\" class=\"alignnone wp-image-3577\" src=\"http:\/\/www.paudalho.pe.gov.br\/portal\/wp-content\/uploads\/2018\/08\/220bc7ea-dfcf-4806-b978-78b14066c263-350x230.jpg\" alt=\"\" width=\"550\" height=\"361\" \/><\/p>\n<h2>Mais obras e educa\u00e7\u00e3o<\/h2>\n<p>Mais os avan\u00e7os n\u00e3o s\u00e3o somente na Sa\u00fade. Na \u00faltima sexta-feira (6) foram entregues kits escolares, contendo canetas, l\u00e1pis grafites, borrachas, l\u00e1pis de cor, caneta hidrocor, kit com r\u00e9gua, dois cadernos, cola e uma bolsa, aos estudantes de todas as escolas Municipais da cidade. No Col\u00e9gio Municipal Manoel da Rosa, no Alto dois Irm\u00e3os, a dona de casa Cristiane Murilo, de 25 anos, \u00e9 m\u00e3e da pequena Jennifer Let\u00edcia de cinco anos. De acordo com ela, o kit surpreendeu. \u201cMuito bom, eu gostei muito e minha filha adorou\u201d, disse.<\/p>\n<div id=\"attachment_3578\" style=\"width: 561px\" class=\"wp-caption alignnone\"><img loading=\"lazy\" decoding=\"async\" aria-describedby=\"caption-attachment-3578\" data-attachment-id=\"3578\" data-permalink=\"https:\/\/www.paudalho.pe.gov.br\/portal\/entrega-de-kits-escolares-ordem-de-servico-e-postos-de-saude-mais-tecnologicos-marcam-semana-em-paudalho\/25d08c03-f992-4514-8716-fc32b86ad189\/\" data-orig-file=\"https:\/\/www.paudalho.pe.gov.br\/portal\/wp-content\/uploads\/2018\/08\/25d08c03-f992-4514-8716-fc32b86ad189.jpg\" data-orig-size=\"1280,853\" data-comments-opened=\"1\" data-image-meta=\"{&quot;aperture&quot;:&quot;0&quot;,&quot;credit&quot;:&quot;&quot;,&quot;camera&quot;:&quot;&quot;,&quot;caption&quot;:&quot;&quot;,&quot;created_timestamp&quot;:&quot;0&quot;,&quot;copyright&quot;:&quot;&quot;,&quot;focal_length&quot;:&quot;0&quot;,&quot;iso&quot;:&quot;0&quot;,&quot;shutter_speed&quot;:&quot;0&quot;,&quot;title&quot;:&quot;&quot;,&quot;orientation&quot;:&quot;0&quot;}\" data-image-title=\"25d08c03-f992-4514-8716-fc32b86ad189\" data-image-description=\"\" data-image-caption=\"&lt;p&gt;Foto: William F\u00e9lix &lt;\/p&gt;\n\" data-medium-file=\"https:\/\/www.paudalho.pe.gov.br\/portal\/wp-content\/uploads\/2018\/08\/25d08c03-f992-4514-8716-fc32b86ad189-350x230.jpg\" data-large-file=\"https:\/\/www.paudalho.pe.gov.br\/portal\/wp-content\/uploads\/2018\/08\/25d08c03-f992-4514-8716-fc32b86ad189-800x450.jpg\" class=\" wp-image-3578\" src=\"http:\/\/www.paudalho.pe.gov.br\/portal\/wp-content\/uploads\/2018\/08\/25d08c03-f992-4514-8716-fc32b86ad189-350x230.jpg\" alt=\"\" width=\"551\" height=\"362\" \/><p id=\"caption-attachment-3578\" class=\"wp-caption-text\">Foto: William F\u00e9lix<\/p><\/div>\n<div id=\"attachment_3579\" style=\"width: 560px\" class=\"wp-caption alignnone\"><img loading=\"lazy\" decoding=\"async\" aria-describedby=\"caption-attachment-3579\" data-attachment-id=\"3579\" data-permalink=\"https:\/\/www.paudalho.pe.gov.br\/portal\/entrega-de-kits-escolares-ordem-de-servico-e-postos-de-saude-mais-tecnologicos-marcam-semana-em-paudalho\/c6c6d483-a4c1-45c7-929c-b1912b3376b0\/\" data-orig-file=\"https:\/\/www.paudalho.pe.gov.br\/portal\/wp-content\/uploads\/2018\/08\/c6c6d483-a4c1-45c7-929c-b1912b3376b0.jpg\" data-orig-size=\"1280,853\" data-comments-opened=\"1\" data-image-meta=\"{&quot;aperture&quot;:&quot;0&quot;,&quot;credit&quot;:&quot;&quot;,&quot;camera&quot;:&quot;&quot;,&quot;caption&quot;:&quot;&quot;,&quot;created_timestamp&quot;:&quot;0&quot;,&quot;copyright&quot;:&quot;&quot;,&quot;focal_length&quot;:&quot;0&quot;,&quot;iso&quot;:&quot;0&quot;,&quot;shutter_speed&quot;:&quot;0&quot;,&quot;title&quot;:&quot;&quot;,&quot;orientation&quot;:&quot;0&quot;}\" data-image-title=\"c6c6d483-a4c1-45c7-929c-b1912b3376b0\" data-image-description=\"\" data-image-caption=\"&lt;p&gt;Foto: William F\u00e9lix &lt;\/p&gt;\n\" data-medium-file=\"https:\/\/www.paudalho.pe.gov.br\/portal\/wp-content\/uploads\/2018\/08\/c6c6d483-a4c1-45c7-929c-b1912b3376b0-350x230.jpg\" data-large-file=\"https:\/\/www.paudalho.pe.gov.br\/portal\/wp-content\/uploads\/2018\/08\/c6c6d483-a4c1-45c7-929c-b1912b3376b0-800x450.jpg\" class=\" wp-image-3579\" src=\"http:\/\/www.paudalho.pe.gov.br\/portal\/wp-content\/uploads\/2018\/08\/c6c6d483-a4c1-45c7-929c-b1912b3376b0-350x230.jpg\" alt=\"\" width=\"550\" height=\"361\" \/><p id=\"caption-attachment-3579\" class=\"wp-caption-text\">Foto: William F\u00e9lix<\/p><\/div>\n<div id=\"attachment_3580\" style=\"width: 558px\" class=\"wp-caption alignnone\"><img loading=\"lazy\" decoding=\"async\" aria-describedby=\"caption-attachment-3580\" data-attachment-id=\"3580\" data-permalink=\"https:\/\/www.paudalho.pe.gov.br\/portal\/entrega-de-kits-escolares-ordem-de-servico-e-postos-de-saude-mais-tecnologicos-marcam-semana-em-paudalho\/adfde3e0-0093-4bb5-b69b-23198e6bf507\/\" data-orig-file=\"https:\/\/www.paudalho.pe.gov.br\/portal\/wp-content\/uploads\/2018\/08\/adfde3e0-0093-4bb5-b69b-23198e6bf507.jpg\" data-orig-size=\"1280,853\" data-comments-opened=\"1\" data-image-meta=\"{&quot;aperture&quot;:&quot;0&quot;,&quot;credit&quot;:&quot;&quot;,&quot;camera&quot;:&quot;&quot;,&quot;caption&quot;:&quot;&quot;,&quot;created_timestamp&quot;:&quot;0&quot;,&quot;copyright&quot;:&quot;&quot;,&quot;focal_length&quot;:&quot;0&quot;,&quot;iso&quot;:&quot;0&quot;,&quot;shutter_speed&quot;:&quot;0&quot;,&quot;title&quot;:&quot;&quot;,&quot;orientation&quot;:&quot;0&quot;}\" data-image-title=\"adfde3e0-0093-4bb5-b69b-23198e6bf507\" data-image-description=\"\" data-image-caption=\"&lt;p&gt;Foto: William F\u00e9lix &lt;\/p&gt;\n\" data-medium-file=\"https:\/\/www.paudalho.pe.gov.br\/portal\/wp-content\/uploads\/2018\/08\/adfde3e0-0093-4bb5-b69b-23198e6bf507-350x230.jpg\" data-large-file=\"https:\/\/www.paudalho.pe.gov.br\/portal\/wp-content\/uploads\/2018\/08\/adfde3e0-0093-4bb5-b69b-23198e6bf507-800x450.jpg\" class=\" wp-image-3580\" src=\"http:\/\/www.paudalho.pe.gov.br\/portal\/wp-content\/uploads\/2018\/08\/adfde3e0-0093-4bb5-b69b-23198e6bf507-350x230.jpg\" alt=\"\" width=\"548\" height=\"360\" \/><p id=\"caption-attachment-3580\" class=\"wp-caption-text\">Foto: William F\u00e9lix<\/p><\/div>\n<p>Mas, n\u00e3o foi somente a pequena Jennifer que gostou. A dona de casa, Leni Galdino de 35 anos \u00e9 m\u00e3e de dois alunos que estudam no Col\u00e9gio Municipal de Guadalajara (CMG). Segundo ela, o material chegou em boa hora. Nesses dias de crise \u00e9 bom acontecer coisas assim porque ajuda a gente\u201d, comentou.<\/p>\n<p>Na tarde da mesma sexta-feira, outra not\u00edcia para ser comemorada. O prefeito Marcelo Gouveia juntamente com o secret\u00e1rio de Sa\u00fade, Orlando Jorge, assinou a Ordem de Servi\u00e7o de mais uma UBSs, agora, no bairro do Alto dos Irm\u00e3o. O investimento \u00e9 de R$ 642.322,43. C\u00edcero Cruz, de 58 anos \u00e9 morador do bairro onde a unidade vai funcionar e destacou os avan\u00e7os que o Munic\u00edpio est\u00e1 passando. \u201cA gente se surpreende porque s\u00e3o muitas obras. Olha s\u00f3 o tamanho que esse posto vai ficar. A gente s\u00f3 tem o que comemorar. E agradecer ao nosso prefeito que conseguiu esses recursos com tanta luta\u201d, elogiou.<\/p>\n","protected":false},"excerpt":{"rendered":"<p>Superando a crise que atinge todo o Brasil, a Prefeitura do Paudalho segue avan\u00e7ando na Educa\u00e7\u00e3o, Obras, Sa\u00fade, entre outras tantas \u00e1reas. Na \u00faltima quinta-feira (2) todas as 18 Unidades B\u00e1sicas de Sa\u00fade (UBSs) receberam computadores e Notebooks para o melhor atendimento \u00e0 popula\u00e7\u00e3o. Ao todo foram entregues 72 maquinas. A enfermeira Amanda Lira da [&hellip;]<\/p>\n","protected":false},"author":4,"featured_media":3576,"comment_status":"open","ping_status":"open","sticky":false,"template":"","format":"standard","meta":{"_jetpack_newsletter_access":"","_jetpack_dont_email_post_to_subs":false,"_jetpack_newsletter_tier_id":0,"_jetpack_memberships_contains_paywalled_content":false,"_jetpack_memberships_contains_paid_content":false,"footnotes":""},"categories":[2,4,1,35,3],"tags":[30,36,22,16],"class_list":["post-3575","post","type-post","status-publish","format-standard","has-post-thumbnail","hentry","category-destaque","category-educacao","category-noticias","category-obras","category-saude","tag-educacao","tag-obras","tag-prefeitura-do-paudalho","tag-saude"],"jetpack_featured_media_url":"https:\/\/www.paudalho.pe.gov.br\/portal\/wp-content\/uploads\/2018\/08\/1e8d2375-59bd-43ab-929e-0596bd3d24f7.jpg","jetpack_sharing_enabled":true,"jetpack_shortlink":"https:\/\/wp.me\/p98mS2-VF","_links":{"self":[{"href":"https:\/\/www.paudalho.pe.gov.br\/portal\/wp-json\/wp\/v2\/posts\/3575","targetHints":{"allow":["GET"]}}],"collection":[{"href":"https:\/\/www.paudalho.pe.gov.br\/portal\/wp-json\/wp\/v2\/posts"}],"about":[{"href":"https:\/\/www.paudalho.pe.gov.br\/portal\/wp-json\/wp\/v2\/types\/post"}],"author":[{"embeddable":true,"href":"https:\/\/www.paudalho.pe.gov.br\/portal\/wp-json\/wp\/v2\/users\/4"}],"replies":[{"embeddable":true,"href":"https:\/\/www.paudalho.pe.gov.br\/portal\/wp-json\/wp\/v2\/comments?post=3575"}],"version-history":[{"count":2,"href":"https:\/\/www.paudalho.pe.gov.br\/portal\/wp-json\/wp\/v2\/posts\/3575\/revisions"}],"predecessor-version":[{"id":3982,"href":"https:\/\/www.paudalho.pe.gov.br\/portal\/wp-json\/wp\/v2\/posts\/3575\/revisions\/3982"}],"wp:featuredmedia":[{"embeddable":true,"href":"https:\/\/www.paudalho.pe.gov.br\/portal\/wp-json\/wp\/v2\/media\/3576"}],"wp:attachment":[{"href":"https:\/\/www.paudalho.pe.gov.br\/portal\/wp-json\/wp\/v2\/media?parent=3575"}],"wp:term":[{"taxonomy":"category","embeddable":true,"href":"https:\/\/www.paudalho.pe.gov.br\/portal\/wp-json\/wp\/v2\/categories?post=3575"},{"taxonomy":"post_tag","embeddable":true,"href":"https:\/\/www.paudalho.pe.gov.br\/portal\/wp-json\/wp\/v2\/tags?post=3575"}],"curies":[{"name":"wp","href":"https:\/\/api.w.org\/{rel}","templated":true}]}}