{"id":35654,"date":"2025-05-29T14:40:03","date_gmt":"2025-05-29T17:40:03","guid":{"rendered":"https:\/\/www.paudalho.pe.gov.br\/portal\/?p=35654"},"modified":"2025-05-29T14:40:03","modified_gmt":"2025-05-29T17:40:03","slug":"paudalho-conquista-vaga-na-diretoria-da-astur-e-fortalece-presenca-no-setor-turistico","status":"publish","type":"post","link":"https:\/\/www.paudalho.pe.gov.br\/portal\/paudalho-conquista-vaga-na-diretoria-da-astur-e-fortalece-presenca-no-setor-turistico\/","title":{"rendered":"Paudalho conquista vaga na diretoria da ASTUR e fortalece presen\u00e7a no setor tur\u00edstico"},"content":{"rendered":"\n<p>O munic\u00edpio de Paudalho segue ampliando sua representatividade no cen\u00e1rio tur\u00edstico estadual e nacional. Nesta quarta-feira (28), a cidade passou a integrar oficialmente a Diretoria Regional da Mata Norte da Associa\u00e7\u00e3o das Secretarias de Turismo de Pernambuco (ASTUR) para o bi\u00eanio 2025\/2027.<\/p>\n\n\n\n<p>A solenidade de posse da nova diretoria foi realizada no F\u00f3rum da Comarca de Santa Maria da Boa Vista, no Sert\u00e3o pernambucano, e contou com a presen\u00e7a de secret\u00e1rios e dirigentes municipais de turismo de diversas regi\u00f5es do estado. Tamb\u00e9m participaram autoridades como o secret\u00e1rio estadual de Turismo, Kaio Mani\u00e7oba, representantes da EMPETUR, prefeitos e representantes da Secretaria de Turismo e Lazer de Pernambuco.<\/p>\n\n\n\n<p>A elei\u00e7\u00e3o e a posse da nova diretoria refor\u00e7am o papel estrat\u00e9gico da ASTUR na articula\u00e7\u00e3o de pol\u00edticas p\u00fablicas voltadas ao fortalecimento do turismo em Pernambuco. A participa\u00e7\u00e3o de Paudalho nesse espa\u00e7o institucional contribui para o desenvolvimento de a\u00e7\u00f5es regionais, a valoriza\u00e7\u00e3o dos atrativos locais e o fortalecimento do turismo como vetor de crescimento econ\u00f4mico e cultural.<\/p>\n\n\n\n<p>Com essa conquista, Paudalho reafirma seu compromisso com o avan\u00e7o do setor, a integra\u00e7\u00e3o regional e a promo\u00e7\u00e3o sustent\u00e1vel do seu patrim\u00f4nio hist\u00f3rico, natural e cultural.<\/p>\n","protected":false},"excerpt":{"rendered":"<p>O munic\u00edpio de Paudalho segue ampliando sua representatividade no cen\u00e1rio tur\u00edstico estadual e nacional. Nesta quarta-feira (28), a cidade passou a integrar oficialmente a Diretoria Regional da Mata Norte da Associa\u00e7\u00e3o das Secretarias de Turismo de Pernambuco (ASTUR) para o bi\u00eanio 2025\/2027. A solenidade de posse da nova diretoria foi realizada no F\u00f3rum da Comarca [&hellip;]<\/p>\n","protected":false},"author":17,"featured_media":35655,"comment_status":"open","ping_status":"open","sticky":false,"template":"","format":"standard","meta":{"_jetpack_newsletter_access":"","_jetpack_dont_email_post_to_subs":false,"_jetpack_newsletter_tier_id":0,"_jetpack_memberships_contains_paywalled_content":false,"_jetpack_memberships_contains_paid_content":false,"footnotes":""},"categories":[6,1,800],"tags":[],"class_list":["post-35654","post","type-post","status-publish","format-standard","has-post-thumbnail","hentry","category-cultura","category-noticias","category-turismo"],"jetpack_featured_media_url":"https:\/\/www.paudalho.pe.gov.br\/portal\/wp-content\/uploads\/2025\/05\/74e9712b-fd55-4d68-9247-81a7006bd0c0.jpeg","jetpack_sharing_enabled":true,"jetpack_shortlink":"https:\/\/wp.me\/p98mS2-9h4","_links":{"self":[{"href":"https:\/\/www.paudalho.pe.gov.br\/portal\/wp-json\/wp\/v2\/posts\/35654","targetHints":{"allow":["GET"]}}],"collection":[{"href":"https:\/\/www.paudalho.pe.gov.br\/portal\/wp-json\/wp\/v2\/posts"}],"about":[{"href":"https:\/\/www.paudalho.pe.gov.br\/portal\/wp-json\/wp\/v2\/types\/post"}],"author":[{"embeddable":true,"href":"https:\/\/www.paudalho.pe.gov.br\/portal\/wp-json\/wp\/v2\/users\/17"}],"replies":[{"embeddable":true,"href":"https:\/\/www.paudalho.pe.gov.br\/portal\/wp-json\/wp\/v2\/comments?post=35654"}],"version-history":[{"count":1,"href":"https:\/\/www.paudalho.pe.gov.br\/portal\/wp-json\/wp\/v2\/posts\/35654\/revisions"}],"predecessor-version":[{"id":35656,"href":"https:\/\/www.paudalho.pe.gov.br\/portal\/wp-json\/wp\/v2\/posts\/35654\/revisions\/35656"}],"wp:featuredmedia":[{"embeddable":true,"href":"https:\/\/www.paudalho.pe.gov.br\/portal\/wp-json\/wp\/v2\/media\/35655"}],"wp:attachment":[{"href":"https:\/\/www.paudalho.pe.gov.br\/portal\/wp-json\/wp\/v2\/media?parent=35654"}],"wp:term":[{"taxonomy":"category","embeddable":true,"href":"https:\/\/www.paudalho.pe.gov.br\/portal\/wp-json\/wp\/v2\/categories?post=35654"},{"taxonomy":"post_tag","embeddable":true,"href":"https:\/\/www.paudalho.pe.gov.br\/portal\/wp-json\/wp\/v2\/tags?post=35654"}],"curies":[{"name":"wp","href":"https:\/\/api.w.org\/{rel}","templated":true}]}}