{"id":35641,"date":"2025-05-28T20:51:38","date_gmt":"2025-05-28T23:51:38","guid":{"rendered":"https:\/\/www.paudalho.pe.gov.br\/portal\/?p=35641"},"modified":"2025-06-04T11:40:07","modified_gmt":"2025-06-04T14:40:07","slug":"prefeitura-de-paudalho-lanca-quatro-editais-da-politica-nacional-aldir-blanc-um-marco-para-a-cultura-local","status":"publish","type":"post","link":"https:\/\/www.paudalho.pe.gov.br\/portal\/prefeitura-de-paudalho-lanca-quatro-editais-da-politica-nacional-aldir-blanc-um-marco-para-a-cultura-local\/","title":{"rendered":"Prefeitura do Paudalho lan\u00e7a quatro editais da Pol\u00edtica Nacional Aldir Blanc: um marco para a cultura local!"},"content":{"rendered":"\n<p><strong>ATEN\u00c7\u00c3O, AGENTES CULTURAIS DE PAUDALHO!<\/strong><\/p>\n\n\n\n<p><strong>Informamos que foram publicadas erratas importantes para os Editais de Chamamento P\u00fablico N\u00ba 003\/2025, N\u00ba 004\/2025, N\u00ba 005\/2025 e N\u00ba 006\/2025 da Pol\u00edtica Nacional Aldir Blanc. \u00c9 fundamental que todos os interessados consultem as erratas na \u00edntegra, dispon\u00edveis \u00e0 baixo, antes de finalizar suas inscri\u00e7\u00f5es para garantir a conformidade das propostas. A leitura atenta \u00e9 essencial para evitar inconsist\u00eancias.<\/strong><\/p>\n\n\n\n<p> A Prefeitura Municipal do Paudalho, por meio da Secretaria de Cultura e Turismo, anuncia com grande satisfa\u00e7\u00e3o o lan\u00e7amento de quatro editais de fomento \u00e0 cultura. Esta iniciativa estrat\u00e9gica, alinhada \u00e0 Pol\u00edtica Nacional Aldir Blanc de Fomento \u00e0 Cultura (PNAB) \u2013 Lei n\u00ba 14.399\/2022 \u2013, representa um passo significativo para o fortalecimento e a valoriza\u00e7\u00e3o do setor art\u00edstico e cultural em nosso munic\u00edpio.<\/p>\n\n\n\n<p>Os editais, que ser\u00e3o publicados ainda hoje, refor\u00e7am o compromisso da gest\u00e3o municipal em promover o desenvolvimento cultural, ampliar o acesso \u00e0 arte e democratizar as oportunidades para nossos talentos locais. Cada um foi cuidadosamente elaborado para atender \u00e0s diversas manifesta\u00e7\u00f5es e necessidades da comunidade cultural de Paudalho.<\/p>\n\n\n\n<p>Conhe\u00e7a os editais que impulsionar\u00e3o a cultura paudalhense:<\/p>\n\n\n\n<ol class=\"wp-block-list\">\n<li><strong>EDITAL PR\u00caMIO MARIA ALVIN\u00c9IA DA SILVA (M\u00c3E NETE) \u2013 Edital de Chamamento P\u00fablico N\u00ba 03\/2025<\/strong><\/li>\n<\/ol>\n\n\n\n<p>Este edital homenageia ao legado de Maria Alvin\u00e9ia da Silva, a inesquec\u00edvel M\u00e3e Nete. Ele se destina \u00e0 premia\u00e7\u00e3o de Comunidades e Culturas Tradicionais e Populares, visando reconhecer e preservar as ra\u00edzes culturais que moldam a identidade de Paudalho, garantindo a continuidade dos saberes e fazeres ancestrais.<\/p>\n\n\n\n<div class=\"wp-block-file\"><a id=\"wp-block-file--media-4e5169c9-0288-4306-901f-8451c207c40f\" href=\"https:\/\/www.paudalho.pe.gov.br\/portal\/wp-content\/uploads\/2025\/05\/Edital_003_Premio_Maria_Alvineia_da_Silva.pdf\">Edital_003_Premio_Maria_Alvineia_da_Silva<\/a><a href=\"https:\/\/www.paudalho.pe.gov.br\/portal\/wp-content\/uploads\/2025\/05\/Edital_003_Premio_Maria_Alvineia_da_Silva.pdf\" class=\"wp-block-file__button wp-element-button\" download aria-describedby=\"wp-block-file--media-4e5169c9-0288-4306-901f-8451c207c40f\">Baixar<\/a><\/div>\n\n\n\n<div class=\"wp-block-file\"><a id=\"wp-block-file--media-1844c72e-a6e5-4e9c-b4f7-53a9ace0b63e\" href=\"https:\/\/www.paudalho.pe.gov.br\/portal\/wp-content\/uploads\/2025\/05\/Errata_edital_003_assinado.pdf\">Errata_edital_003_assinado<\/a><a href=\"https:\/\/www.paudalho.pe.gov.br\/portal\/wp-content\/uploads\/2025\/05\/Errata_edital_003_assinado.pdf\" class=\"wp-block-file__button wp-element-button\" download aria-describedby=\"wp-block-file--media-1844c72e-a6e5-4e9c-b4f7-53a9ace0b63e\">Baixar<\/a><\/div>\n\n\n\n<ol start=\"2\" class=\"wp-block-list\">\n<li><strong>EDITAL PR\u00caMIO TEREZA CRISTINA ARA\u00daJO ALVES (TEREZARTE) \u2013 Edital de Chamamento P\u00fablico N\u00ba 004\/2025<\/strong><\/li>\n<\/ol>\n\n\n\n<p>Com foco na premia\u00e7\u00e3o de Agentes Culturais de diversas linguagens, este edital, que leva o nome da talentosa Tereza Cristina Ara\u00fajo Alves (&#8220;Terezaarte&#8221;), busca incentivar e reconhecer a dedica\u00e7\u00e3o e o talento dos artistas e produtores culturais do munic\u00edpio. \u00c9 uma oportunidade fundamental para que projetos inovadores e consolidados recebam o apoio necess\u00e1rio para sua realiza\u00e7\u00e3o e expans\u00e3o.<\/p>\n\n\n\n<div class=\"wp-block-file\"><a id=\"wp-block-file--media-c7065c40-5018-4793-b8b3-8e90d12c03aa\" href=\"https:\/\/www.paudalho.pe.gov.br\/portal\/wp-content\/uploads\/2025\/05\/Edital_004_Premio_Tereza_Cristina_Araujo_Alves.pdf\">Edital_004_Premio_Tereza_Cristina_Araujo_Alves<\/a><a href=\"https:\/\/www.paudalho.pe.gov.br\/portal\/wp-content\/uploads\/2025\/05\/Edital_004_Premio_Tereza_Cristina_Araujo_Alves.pdf\" class=\"wp-block-file__button wp-element-button\" download aria-describedby=\"wp-block-file--media-c7065c40-5018-4793-b8b3-8e90d12c03aa\">Baixar<\/a><\/div>\n\n\n\n<div class=\"wp-block-file\"><a id=\"wp-block-file--media-8105548b-1ab1-4a16-9ba5-3d3edc6842f0\" href=\"https:\/\/www.paudalho.pe.gov.br\/portal\/wp-content\/uploads\/2025\/05\/Errata_edital_004_assinado.pdf\">Errata_edital_004_assinado<\/a><a href=\"https:\/\/www.paudalho.pe.gov.br\/portal\/wp-content\/uploads\/2025\/05\/Errata_edital_004_assinado.pdf\" class=\"wp-block-file__button wp-element-button\" download aria-describedby=\"wp-block-file--media-8105548b-1ab1-4a16-9ba5-3d3edc6842f0\">Baixar<\/a><\/div>\n\n\n\n<ol start=\"3\" class=\"wp-block-list\">\n<li><strong>EDITAL MULTILINGUAGENS SEVERINO RODRIGUES DA SILVA (BIU SANFONEIRO) \u2013 Edital de Chamamento P\u00fablico N\u00ba 005\/2025<\/strong><\/li>\n<\/ol>\n\n\n\n<p>Homenagem \u00e0 Severino Rodrigues da Silva, o ic\u00f4nico &#8220;Biu Sanfoneiro&#8221;, este edital visa selecionar Projetos Multilinguagens. A iniciativa apoiar\u00e1 propostas que exploram a interdisciplinaridade e a fus\u00e3o de diferentes express\u00f5es art\u00edsticas, fomentando a criatividade e a inova\u00e7\u00e3o no cen\u00e1rio cultural de Paudalho.<\/p>\n\n\n\n<div class=\"wp-block-file\"><a id=\"wp-block-file--media-6abb3864-ea37-43a6-8f01-b113f05459bb\" href=\"https:\/\/www.paudalho.pe.gov.br\/portal\/wp-content\/uploads\/2025\/05\/Edital_005_Multilinguagens_Severino_Rodrigues_da_Silva.pdf\">Edital_005_Multilinguagens_Severino_Rodrigues_da_Silva<\/a><a href=\"https:\/\/www.paudalho.pe.gov.br\/portal\/wp-content\/uploads\/2025\/05\/Edital_005_Multilinguagens_Severino_Rodrigues_da_Silva.pdf\" class=\"wp-block-file__button wp-element-button\" download aria-describedby=\"wp-block-file--media-6abb3864-ea37-43a6-8f01-b113f05459bb\">Baixar<\/a><\/div>\n\n\n\n<div class=\"wp-block-file\"><a id=\"wp-block-file--media-778edfa8-9379-4ee7-b5e4-4407b1b43303\" href=\"https:\/\/www.paudalho.pe.gov.br\/portal\/wp-content\/uploads\/2025\/05\/Errata_edital_005_assinado.pdf\">Errata_edital_005_assinado<\/a><a href=\"https:\/\/www.paudalho.pe.gov.br\/portal\/wp-content\/uploads\/2025\/05\/Errata_edital_005_assinado.pdf\" class=\"wp-block-file__button wp-element-button\" download aria-describedby=\"wp-block-file--media-778edfa8-9379-4ee7-b5e4-4407b1b43303\">Baixar<\/a><\/div>\n\n\n\n<ol start=\"4\" class=\"wp-block-list\">\n<li><strong>EDITAL PR\u00caMIO CULTURA VIVA CARLOS ALBERTO DA SILVA (CARLOS DO CRUZEIRO DO SUL) \u2013 Edital de Chamamento P\u00fablico N\u00ba 006\/2025<\/strong><\/li>\n<\/ol>\n\n\n\n<p>Este edital, que carrega o nome de Carlos Alberto da Silva, o &#8220;Carlos do Cruzeiro do Sul&#8221;, tem como objetivo a Premia\u00e7\u00e3o e Certifica\u00e7\u00e3o de Pontos e Pont\u00f5es de Cultura que integram a Rede Municipal de Pontos de Cultura de Paudalho. A proposta \u00e9 fortalecer esses importantes espa\u00e7os, reconhecendo seu papel vital na promo\u00e7\u00e3o cultural e no acesso da popula\u00e7\u00e3o a atividades art\u00edsticas e formativas.<\/p>\n\n\n\n<div class=\"wp-block-file\"><a id=\"wp-block-file--media-b8276bfc-a75b-4a36-9222-f72192980393\" href=\"https:\/\/www.paudalho.pe.gov.br\/portal\/wp-content\/uploads\/2025\/05\/Edital_006_Cultura_Viva_Carlos_Alberto_da_Silva.pdf\">Edital_006_Cultura_Viva_Carlos_Alberto_da_Silva<\/a><a href=\"https:\/\/www.paudalho.pe.gov.br\/portal\/wp-content\/uploads\/2025\/05\/Edital_006_Cultura_Viva_Carlos_Alberto_da_Silva.pdf\" class=\"wp-block-file__button wp-element-button\" download aria-describedby=\"wp-block-file--media-b8276bfc-a75b-4a36-9222-f72192980393\">Baixar<\/a><\/div>\n\n\n\n<div class=\"wp-block-file\"><a id=\"wp-block-file--media-caa2f2a4-9727-4066-9494-94176f204861\" href=\"https:\/\/www.paudalho.pe.gov.br\/portal\/wp-content\/uploads\/2025\/05\/Errata_edital_006_assinado.pdf\">Errata_edital_006_assinado<\/a><a href=\"https:\/\/www.paudalho.pe.gov.br\/portal\/wp-content\/uploads\/2025\/05\/Errata_edital_006_assinado.pdf\" class=\"wp-block-file__button wp-element-button\" download aria-describedby=\"wp-block-file--media-caa2f2a4-9727-4066-9494-94176f204861\">Baixar<\/a><\/div>\n\n\n\n<p>A Pol\u00edtica Nacional Aldir Blanc de Fomento \u00e0 Cultura (PNAB) estabelece um mecanismo de financiamento cont\u00ednuo para a cultura, atrav\u00e9s da parceria entre Uni\u00e3o, Estados, Distrito Federal e Munic\u00edpios. Os editais lan\u00e7ados hoje em Paudalho s\u00e3o a materializa\u00e7\u00e3o dessa pol\u00edtica, reafirmando o compromisso com a valoriza\u00e7\u00e3o da diversidade cultural e a democratiza\u00e7\u00e3o do acesso \u00e0 cultura em nossa cidade.<\/p>\n\n\n\n<p>A Secretaria de Cultura e Turismo de Paudalho convida todos os agentes culturais, artistas, produtores e as comunidades tradicionais a consultarem os editais na \u00edntegra, dispon\u00edveis no site oficial da Prefeitura. \u00c9 fundamental que todos os interessados leiam atentamente os crit\u00e9rios, prazos e todas as informa\u00e7\u00f5es necess\u00e1rias para a participa\u00e7\u00e3o. Este \u00e9 um momento de grande expectativa<\/p>\n\n\n\n<p><strong>Modelos de Declara\u00e7\u00f5es para os Editais PNAB Paudalho:<\/strong><\/p>\n\n\n\n<p>Para facilitar a sua participa\u00e7\u00e3o nos editais da Pol\u00edtica Nacional Aldir Blanc em Paudalho, disponibilizamos os modelos de declara\u00e7\u00e3o que podem ser exigidos conforme os crit\u00e9rios de cada edital. Baixe, preencha e anexe-os \u00e0 sua inscri\u00e7\u00e3o conforme as orienta\u00e7\u00f5es dos documentos oficiais:<\/p>\n\n\n\n<div class=\"wp-block-file\"><a id=\"wp-block-file--media-fb4f27b7-013f-4dce-9158-4b1da6fddbba\" href=\"https:\/\/www.paudalho.pe.gov.br\/portal\/wp-content\/uploads\/2025\/05\/Declaracao-LGBTQIAP.pdf\">Declara\u00e7a\u00f5 LGBTQIAP+<\/a><a href=\"https:\/\/www.paudalho.pe.gov.br\/portal\/wp-content\/uploads\/2025\/05\/Declaracao-LGBTQIAP.pdf\" class=\"wp-block-file__button wp-element-button\" download aria-describedby=\"wp-block-file--media-fb4f27b7-013f-4dce-9158-4b1da6fddbba\">Baixar<\/a><\/div>\n\n\n\n<div class=\"wp-block-file\"><a id=\"wp-block-file--media-e8162572-5090-4436-8ae9-a179325aac5b\" href=\"https:\/\/www.paudalho.pe.gov.br\/portal\/wp-content\/uploads\/2025\/05\/Declaracao-Mae-solo.pdf\">Declara\u00e7\u00e3o Mae solo<\/a><a href=\"https:\/\/www.paudalho.pe.gov.br\/portal\/wp-content\/uploads\/2025\/05\/Declaracao-Mae-solo.pdf\" class=\"wp-block-file__button wp-element-button\" download aria-describedby=\"wp-block-file--media-e8162572-5090-4436-8ae9-a179325aac5b\">Baixar<\/a><\/div>\n","protected":false},"excerpt":{"rendered":"<p>ATEN\u00c7\u00c3O, AGENTES CULTURAIS DE PAUDALHO! Informamos que foram publicadas erratas importantes para os Editais de Chamamento P\u00fablico N\u00ba 003\/2025, N\u00ba 004\/2025, N\u00ba 005\/2025 e N\u00ba 006\/2025 da Pol\u00edtica Nacional Aldir Blanc. \u00c9 fundamental que todos os interessados consultem as erratas na \u00edntegra, dispon\u00edveis \u00e0 baixo, antes de finalizar suas inscri\u00e7\u00f5es para garantir a conformidade das [&hellip;]<\/p>\n","protected":false},"author":15,"featured_media":35646,"comment_status":"open","ping_status":"open","sticky":false,"template":"","format":"standard","meta":{"_jetpack_newsletter_access":"","_jetpack_dont_email_post_to_subs":false,"_jetpack_newsletter_tier_id":0,"_jetpack_memberships_contains_paywalled_content":false,"_jetpack_memberships_contains_paid_content":false,"footnotes":""},"categories":[1184,2,1565],"tags":[],"class_list":["post-35641","post","type-post","status-publish","format-standard","has-post-thumbnail","hentry","category-cultura-2","category-destaque","category-pnab"],"jetpack_featured_media_url":"https:\/\/www.paudalho.pe.gov.br\/portal\/wp-content\/uploads\/2025\/05\/ChatGPT-Image-28-de-mai.-de-2025-20_48_15.png","jetpack_sharing_enabled":true,"jetpack_shortlink":"https:\/\/wp.me\/p98mS2-9gR","_links":{"self":[{"href":"https:\/\/www.paudalho.pe.gov.br\/portal\/wp-json\/wp\/v2\/posts\/35641","targetHints":{"allow":["GET"]}}],"collection":[{"href":"https:\/\/www.paudalho.pe.gov.br\/portal\/wp-json\/wp\/v2\/posts"}],"about":[{"href":"https:\/\/www.paudalho.pe.gov.br\/portal\/wp-json\/wp\/v2\/types\/post"}],"author":[{"embeddable":true,"href":"https:\/\/www.paudalho.pe.gov.br\/portal\/wp-json\/wp\/v2\/users\/15"}],"replies":[{"embeddable":true,"href":"https:\/\/www.paudalho.pe.gov.br\/portal\/wp-json\/wp\/v2\/comments?post=35641"}],"version-history":[{"count":7,"href":"https:\/\/www.paudalho.pe.gov.br\/portal\/wp-json\/wp\/v2\/posts\/35641\/revisions"}],"predecessor-version":[{"id":35938,"href":"https:\/\/www.paudalho.pe.gov.br\/portal\/wp-json\/wp\/v2\/posts\/35641\/revisions\/35938"}],"wp:featuredmedia":[{"embeddable":true,"href":"https:\/\/www.paudalho.pe.gov.br\/portal\/wp-json\/wp\/v2\/media\/35646"}],"wp:attachment":[{"href":"https:\/\/www.paudalho.pe.gov.br\/portal\/wp-json\/wp\/v2\/media?parent=35641"}],"wp:term":[{"taxonomy":"category","embeddable":true,"href":"https:\/\/www.paudalho.pe.gov.br\/portal\/wp-json\/wp\/v2\/categories?post=35641"},{"taxonomy":"post_tag","embeddable":true,"href":"https:\/\/www.paudalho.pe.gov.br\/portal\/wp-json\/wp\/v2\/tags?post=35641"}],"curies":[{"name":"wp","href":"https:\/\/api.w.org\/{rel}","templated":true}]}}