{"id":35619,"date":"2025-05-22T16:20:24","date_gmt":"2025-05-22T19:20:24","guid":{"rendered":"https:\/\/www.paudalho.pe.gov.br\/portal\/?p=35619"},"modified":"2025-06-05T18:05:01","modified_gmt":"2025-06-05T21:05:01","slug":"conselho-municipal-de-saude-de-paudalho-lanca-edital-para-nova-composicao-bienio-2025-2027","status":"publish","type":"post","link":"https:\/\/www.paudalho.pe.gov.br\/portal\/conselho-municipal-de-saude-de-paudalho-lanca-edital-para-nova-composicao-bienio-2025-2027\/","title":{"rendered":"ATUALIZADO: Conselho Municipal de Sa\u00fade de Paudalho lan\u00e7a edital para nova composi\u00e7\u00e3o \u2013 Bi\u00eanio 2025-2027"},"content":{"rendered":"\n<p>O Conselho Municipal de Sa\u00fade de Paudalho (CMS) lan\u00e7ou nesta quarta-feira, 22 de maio, o Edital de Convoca\u00e7\u00e3o do Processo Eleitoral para escolha dos representantes da sociedade civil e dos trabalhadores da sa\u00fade que ir\u00e3o compor o Conselho Municipal de Sa\u00fade no bi\u00eanio 2025-2027.<\/p>\n\n\n\n<p>O edital define os crit\u00e9rios, prazos e procedimentos para participa\u00e7\u00e3o das entidades interessadas, fortalecendo a participa\u00e7\u00e3o social, a transpar\u00eancia e o controle democr\u00e1tico sobre as pol\u00edticas p\u00fablicas de sa\u00fade no munic\u00edpio.<\/p>\n\n\n\n<p>As inscri\u00e7\u00f5es podem ser realizadas entre os dias 23 e 26 de maio de 2025, presencialmente na sede do CMS (Pra\u00e7a Jos\u00e9 do Patroc\u00ednio, n\u00ba 64 \u2013 Centro), das 9h \u00e0s 15h, ou de forma online, pelo e-mail cms.paudalho.pe@gmail.com ou atrav\u00e9s do formul\u00e1rio eletr\u00f4nico:<br>https:\/\/forms.gle\/5VrAFHV2U3ovVyteA<\/p>\n\n\n\n<p>A elei\u00e7\u00e3o ocorrer\u00e1 no dia 03 de junho, das 9h \u00e0s 11h, na sede da Vigil\u00e2ncia Ambiental. A solenidade de posse dos conselheiros eleitos ser\u00e1 realizada no dia 05 de junho, \u00e0s 9h, na C\u00e2mara Municipal de Paudalho.<\/p>\n\n\n\n<p>\ud83d\udcc4 Acesse o edital completo aqui:<\/p>\n\n\n\n<div data-wp-interactive=\"core\/file\" class=\"wp-block-file\"><object data-wp-bind--hidden=\"!state.hasPdfPreview\" hidden class=\"wp-block-file__embed\" data=\"https:\/\/www.paudalho.pe.gov.br\/portal\/wp-content\/uploads\/2025\/05\/Edital-CMS-2025-1.pdf\" type=\"application\/pdf\" style=\"width:100%;height:600px\" aria-label=\"Incorporado de Edital CMS 2025.\"><\/object><a id=\"wp-block-file--media-86e1d027-f50a-4820-af42-7079519791c2\" href=\"https:\/\/www.paudalho.pe.gov.br\/portal\/wp-content\/uploads\/2025\/05\/Edital-CMS-2025-1.pdf\">Edital CMS 2025<\/a><a href=\"https:\/\/www.paudalho.pe.gov.br\/portal\/wp-content\/uploads\/2025\/05\/Edital-CMS-2025-1.pdf\" class=\"wp-block-file__button wp-element-button\" download aria-describedby=\"wp-block-file--media-86e1d027-f50a-4820-af42-7079519791c2\">Baixar<\/a><\/div>\n\n\n\n<p><strong>ATUALIZA\u00c7\u00c3O:<\/strong><\/p>\n\n\n\n<p>O Conselho Municipal de Sa\u00fade de Paudalho est\u00e1 convocando representantes da sociedade civil organizada para compor o colegiado no bi\u00eanio 2025\u20132027. A convoca\u00e7\u00e3o segue a Lei Municipal n\u00ba 556\/2005 e o Regimento Interno do CMSP.<\/p>\n\n\n\n<p>\ud83d\udc65 Est\u00e3o sendo convocadas entidades dos seguintes segmentos:<br>\u2022 Usu\u00e1rios do SUS<br>\u2022 Trabalhadores da sa\u00fade<br>\u2022 Representantes do poder p\u00fablico<\/p>\n\n\n\n<p>\ud83d\uddf3 A elei\u00e7\u00e3o e posse dos novos conselheiros acontecer\u00e1 no dia 05 de junho de 2025, das 9h \u00e0s 10h, na C\u00e2mara Municipal dos Vereadores de Paudalho.<\/p>\n\n\n\n<p>Para conferir todas as informa\u00e7\u00f5es, entidades aptas e detalhes do processo, acesse o edital completo em PDF:<\/p>\n\n\n\n<div data-wp-interactive=\"core\/file\" class=\"wp-block-file\"><object data-wp-bind--hidden=\"!state.hasPdfPreview\" hidden class=\"wp-block-file__embed\" data=\"https:\/\/www.paudalho.pe.gov.br\/portal\/wp-content\/uploads\/2025\/05\/Edital-II-CMS-2025-corrigido-2.pdf\" type=\"application\/pdf\" style=\"width:100%;height:600px\" aria-label=\"Incorporado de Edital II CMS 2025 corrigido.\"><\/object><a id=\"wp-block-file--media-62326754-0c29-4907-bf4d-6914ba4281f3\" href=\"https:\/\/www.paudalho.pe.gov.br\/portal\/wp-content\/uploads\/2025\/05\/Edital-II-CMS-2025-corrigido-2.pdf\">Edital II CMS 2025 corrigido<\/a><a href=\"https:\/\/www.paudalho.pe.gov.br\/portal\/wp-content\/uploads\/2025\/05\/Edital-II-CMS-2025-corrigido-2.pdf\" class=\"wp-block-file__button wp-element-button\" download aria-describedby=\"wp-block-file--media-62326754-0c29-4907-bf4d-6914ba4281f3\">Baixar<\/a><\/div>\n\n\n\n<p><\/p>\n\n\n\n<p><\/p>\n\n\n\n<p><\/p>\n\n\n\n<p><\/p>\n\n\n\n<p><\/p>\n","protected":false},"excerpt":{"rendered":"<p>O Conselho Municipal de Sa\u00fade de Paudalho (CMS) lan\u00e7ou nesta quarta-feira, 22 de maio, o Edital de Convoca\u00e7\u00e3o do Processo Eleitoral para escolha dos representantes da sociedade civil e dos trabalhadores da sa\u00fade que ir\u00e3o compor o Conselho Municipal de Sa\u00fade no bi\u00eanio 2025-2027. O edital define os crit\u00e9rios, prazos e procedimentos para participa\u00e7\u00e3o das [&hellip;]<\/p>\n","protected":false},"author":17,"featured_media":35621,"comment_status":"open","ping_status":"open","sticky":false,"template":"","format":"standard","meta":{"_jetpack_newsletter_access":"","_jetpack_dont_email_post_to_subs":false,"_jetpack_newsletter_tier_id":0,"_jetpack_memberships_contains_paywalled_content":false,"_jetpack_memberships_contains_paid_content":false,"footnotes":""},"categories":[2,1,3],"tags":[],"class_list":["post-35619","post","type-post","status-publish","format-standard","has-post-thumbnail","hentry","category-destaque","category-noticias","category-saude"],"jetpack_featured_media_url":"https:\/\/www.paudalho.pe.gov.br\/portal\/wp-content\/uploads\/2025\/05\/IMG_0964.jpeg","jetpack_sharing_enabled":true,"jetpack_shortlink":"https:\/\/wp.me\/p98mS2-9gv","_links":{"self":[{"href":"https:\/\/www.paudalho.pe.gov.br\/portal\/wp-json\/wp\/v2\/posts\/35619","targetHints":{"allow":["GET"]}}],"collection":[{"href":"https:\/\/www.paudalho.pe.gov.br\/portal\/wp-json\/wp\/v2\/posts"}],"about":[{"href":"https:\/\/www.paudalho.pe.gov.br\/portal\/wp-json\/wp\/v2\/types\/post"}],"author":[{"embeddable":true,"href":"https:\/\/www.paudalho.pe.gov.br\/portal\/wp-json\/wp\/v2\/users\/17"}],"replies":[{"embeddable":true,"href":"https:\/\/www.paudalho.pe.gov.br\/portal\/wp-json\/wp\/v2\/comments?post=35619"}],"version-history":[{"count":6,"href":"https:\/\/www.paudalho.pe.gov.br\/portal\/wp-json\/wp\/v2\/posts\/35619\/revisions"}],"predecessor-version":[{"id":36083,"href":"https:\/\/www.paudalho.pe.gov.br\/portal\/wp-json\/wp\/v2\/posts\/35619\/revisions\/36083"}],"wp:featuredmedia":[{"embeddable":true,"href":"https:\/\/www.paudalho.pe.gov.br\/portal\/wp-json\/wp\/v2\/media\/35621"}],"wp:attachment":[{"href":"https:\/\/www.paudalho.pe.gov.br\/portal\/wp-json\/wp\/v2\/media?parent=35619"}],"wp:term":[{"taxonomy":"category","embeddable":true,"href":"https:\/\/www.paudalho.pe.gov.br\/portal\/wp-json\/wp\/v2\/categories?post=35619"},{"taxonomy":"post_tag","embeddable":true,"href":"https:\/\/www.paudalho.pe.gov.br\/portal\/wp-json\/wp\/v2\/tags?post=35619"}],"curies":[{"name":"wp","href":"https:\/\/api.w.org\/{rel}","templated":true}]}}