{"id":35610,"date":"2025-05-21T11:23:12","date_gmt":"2025-05-21T14:23:12","guid":{"rendered":"https:\/\/www.paudalho.pe.gov.br\/portal\/?p=35610"},"modified":"2025-05-21T11:23:12","modified_gmt":"2025-05-21T14:23:12","slug":"prefeitura-de-paudalho-promove-formacao-do-programa-crianca-alfabetizada-com-foco-em-matematica","status":"publish","type":"post","link":"https:\/\/www.paudalho.pe.gov.br\/portal\/prefeitura-de-paudalho-promove-formacao-do-programa-crianca-alfabetizada-com-foco-em-matematica\/","title":{"rendered":"Prefeitura de Paudalho promove forma\u00e7\u00e3o do Programa Crian\u00e7a Alfabetizada com foco em Matem\u00e1tica"},"content":{"rendered":"\n<p>A Prefeitura do Paudalho, por meio da Secretaria de Educa\u00e7\u00e3o e Juventude, e atrav\u00e9s da Ger\u00eancia de Desenvolvimento da Educa\u00e7\u00e3o (GDE), promoveu nesta ter\u00e7a-feira (20) mais uma forma\u00e7\u00e3o do Programa Crian\u00e7a Alfabetizada. A a\u00e7\u00e3o foi direcionada aos professores do 1\u00ba e 2\u00ba ano do Ensino Fundamental da rede municipal.<\/p>\n\n\n\n<p>Com foco na \u00e1rea da Matem\u00e1tica, a forma\u00e7\u00e3o teve como tema \u201cSequ\u00eancias did\u00e1ticas e projetos did\u00e1ticos interdisciplinares: \u00e9 poss\u00edvel a Matem\u00e1tica ser protagonista?\u201d, propondo reflex\u00f5es sobre pr\u00e1ticas pedag\u00f3gicas que valorizem a disciplina desde os primeiros anos escolares.<\/p>\n\n\n\n<p>Durante o encontro, os professores participaram de atividades pr\u00e1ticas voltadas \u00e0 aplica\u00e7\u00e3o em sala de aula, vivenciando situa\u00e7\u00f5es que estimularam a empatia e a compreens\u00e3o dos desafios enfrentados pelos alunos no processo de aprendizagem. As din\u00e2micas tamb\u00e9m promoveram o aprofundamento do conhecimento sobre sequ\u00eancia e projetos did\u00e1ticos, com o objetivo de tornar a Matem\u00e1tica mais acess\u00edvel, atrativa e conectada \u00e0 realidade dos estudantes.<\/p>\n\n\n\n<figure class=\"wp-block-image size-large\"><img loading=\"lazy\" decoding=\"async\" width=\"800\" height=\"450\" data-attachment-id=\"35611\" data-permalink=\"https:\/\/www.paudalho.pe.gov.br\/portal\/prefeitura-de-paudalho-promove-formacao-do-programa-crianca-alfabetizada-com-foco-em-matematica\/30fd20e3-9e64-48d6-9b08-3a16b553959a\/\" data-orig-file=\"https:\/\/www.paudalho.pe.gov.br\/portal\/wp-content\/uploads\/2025\/05\/30fd20e3-9e64-48d6-9b08-3a16b553959a-scaled.jpeg\" data-orig-size=\"2560,1920\" data-comments-opened=\"1\" data-image-meta=\"{&quot;aperture&quot;:&quot;0&quot;,&quot;credit&quot;:&quot;&quot;,&quot;camera&quot;:&quot;&quot;,&quot;caption&quot;:&quot;&quot;,&quot;created_timestamp&quot;:&quot;1747787357&quot;,&quot;copyright&quot;:&quot;&quot;,&quot;focal_length&quot;:&quot;0&quot;,&quot;iso&quot;:&quot;0&quot;,&quot;shutter_speed&quot;:&quot;0&quot;,&quot;title&quot;:&quot;&quot;,&quot;orientation&quot;:&quot;0&quot;}\" data-image-title=\"30fd20e3-9e64-48d6-9b08-3a16b553959a\" data-image-description=\"\" data-image-caption=\"\" data-medium-file=\"https:\/\/www.paudalho.pe.gov.br\/portal\/wp-content\/uploads\/2025\/05\/30fd20e3-9e64-48d6-9b08-3a16b553959a-350x230.jpeg\" data-large-file=\"https:\/\/www.paudalho.pe.gov.br\/portal\/wp-content\/uploads\/2025\/05\/30fd20e3-9e64-48d6-9b08-3a16b553959a-800x450.jpeg\" src=\"https:\/\/www.paudalho.pe.gov.br\/portal\/wp-content\/uploads\/2025\/05\/30fd20e3-9e64-48d6-9b08-3a16b553959a-800x450.jpeg\" alt=\"\" class=\"wp-image-35611\"\/><\/figure>\n\n\n\n<figure class=\"wp-block-image size-large\"><img loading=\"lazy\" decoding=\"async\" width=\"800\" height=\"450\" data-attachment-id=\"35612\" data-permalink=\"https:\/\/www.paudalho.pe.gov.br\/portal\/prefeitura-de-paudalho-promove-formacao-do-programa-crianca-alfabetizada-com-foco-em-matematica\/44382a9f-0291-40b4-a365-adbbdfe47af5\/\" data-orig-file=\"https:\/\/www.paudalho.pe.gov.br\/portal\/wp-content\/uploads\/2025\/05\/44382a9f-0291-40b4-a365-adbbdfe47af5-scaled.jpeg\" data-orig-size=\"2560,1920\" data-comments-opened=\"1\" data-image-meta=\"{&quot;aperture&quot;:&quot;0&quot;,&quot;credit&quot;:&quot;&quot;,&quot;camera&quot;:&quot;&quot;,&quot;caption&quot;:&quot;&quot;,&quot;created_timestamp&quot;:&quot;1747787357&quot;,&quot;copyright&quot;:&quot;&quot;,&quot;focal_length&quot;:&quot;0&quot;,&quot;iso&quot;:&quot;0&quot;,&quot;shutter_speed&quot;:&quot;0&quot;,&quot;title&quot;:&quot;&quot;,&quot;orientation&quot;:&quot;0&quot;}\" data-image-title=\"44382a9f-0291-40b4-a365-adbbdfe47af5\" data-image-description=\"\" data-image-caption=\"\" data-medium-file=\"https:\/\/www.paudalho.pe.gov.br\/portal\/wp-content\/uploads\/2025\/05\/44382a9f-0291-40b4-a365-adbbdfe47af5-350x230.jpeg\" data-large-file=\"https:\/\/www.paudalho.pe.gov.br\/portal\/wp-content\/uploads\/2025\/05\/44382a9f-0291-40b4-a365-adbbdfe47af5-800x450.jpeg\" src=\"https:\/\/www.paudalho.pe.gov.br\/portal\/wp-content\/uploads\/2025\/05\/44382a9f-0291-40b4-a365-adbbdfe47af5-800x450.jpeg\" alt=\"\" class=\"wp-image-35612\"\/><\/figure>\n\n\n\n<figure class=\"wp-block-gallery has-nested-images columns-default is-cropped wp-block-gallery-1 is-layout-flex wp-block-gallery-is-layout-flex\">\n<figure class=\"wp-block-image size-large\"><img loading=\"lazy\" decoding=\"async\" width=\"800\" height=\"450\" data-attachment-id=\"35613\" data-permalink=\"https:\/\/www.paudalho.pe.gov.br\/portal\/prefeitura-de-paudalho-promove-formacao-do-programa-crianca-alfabetizada-com-foco-em-matematica\/3bfd9e6c-db29-4327-af8e-cc2989b3ebfc\/\" data-orig-file=\"https:\/\/www.paudalho.pe.gov.br\/portal\/wp-content\/uploads\/2025\/05\/3bfd9e6c-db29-4327-af8e-cc2989b3ebfc-scaled.jpeg\" data-orig-size=\"2560,1920\" data-comments-opened=\"1\" data-image-meta=\"{&quot;aperture&quot;:&quot;0&quot;,&quot;credit&quot;:&quot;&quot;,&quot;camera&quot;:&quot;&quot;,&quot;caption&quot;:&quot;&quot;,&quot;created_timestamp&quot;:&quot;1747787360&quot;,&quot;copyright&quot;:&quot;&quot;,&quot;focal_length&quot;:&quot;0&quot;,&quot;iso&quot;:&quot;0&quot;,&quot;shutter_speed&quot;:&quot;0&quot;,&quot;title&quot;:&quot;&quot;,&quot;orientation&quot;:&quot;0&quot;}\" data-image-title=\"3bfd9e6c-db29-4327-af8e-cc2989b3ebfc\" data-image-description=\"\" data-image-caption=\"\" data-medium-file=\"https:\/\/www.paudalho.pe.gov.br\/portal\/wp-content\/uploads\/2025\/05\/3bfd9e6c-db29-4327-af8e-cc2989b3ebfc-350x230.jpeg\" data-large-file=\"https:\/\/www.paudalho.pe.gov.br\/portal\/wp-content\/uploads\/2025\/05\/3bfd9e6c-db29-4327-af8e-cc2989b3ebfc-800x450.jpeg\" data-id=\"35613\" src=\"https:\/\/www.paudalho.pe.gov.br\/portal\/wp-content\/uploads\/2025\/05\/3bfd9e6c-db29-4327-af8e-cc2989b3ebfc-800x450.jpeg\" alt=\"\" class=\"wp-image-35613\"\/><\/figure>\n<\/figure>\n","protected":false},"excerpt":{"rendered":"<p>A Prefeitura do Paudalho, por meio da Secretaria de Educa\u00e7\u00e3o e Juventude, e atrav\u00e9s da Ger\u00eancia de Desenvolvimento da Educa\u00e7\u00e3o (GDE), promoveu nesta ter\u00e7a-feira (20) mais uma forma\u00e7\u00e3o do Programa Crian\u00e7a Alfabetizada. A a\u00e7\u00e3o foi direcionada aos professores do 1\u00ba e 2\u00ba ano do Ensino Fundamental da rede municipal. Com foco na \u00e1rea da Matem\u00e1tica, [&hellip;]<\/p>\n","protected":false},"author":17,"featured_media":35614,"comment_status":"open","ping_status":"open","sticky":false,"template":"","format":"standard","meta":{"_jetpack_newsletter_access":"","_jetpack_dont_email_post_to_subs":false,"_jetpack_newsletter_tier_id":0,"_jetpack_memberships_contains_paywalled_content":false,"_jetpack_memberships_contains_paid_content":false,"footnotes":""},"categories":[4,1],"tags":[],"class_list":["post-35610","post","type-post","status-publish","format-standard","has-post-thumbnail","hentry","category-educacao","category-noticias"],"jetpack_featured_media_url":"https:\/\/www.paudalho.pe.gov.br\/portal\/wp-content\/uploads\/2025\/05\/732c60cd-2f76-4cea-a4e1-b586245c18cb-scaled.jpeg","jetpack_sharing_enabled":true,"jetpack_shortlink":"https:\/\/wp.me\/p98mS2-9gm","_links":{"self":[{"href":"https:\/\/www.paudalho.pe.gov.br\/portal\/wp-json\/wp\/v2\/posts\/35610","targetHints":{"allow":["GET"]}}],"collection":[{"href":"https:\/\/www.paudalho.pe.gov.br\/portal\/wp-json\/wp\/v2\/posts"}],"about":[{"href":"https:\/\/www.paudalho.pe.gov.br\/portal\/wp-json\/wp\/v2\/types\/post"}],"author":[{"embeddable":true,"href":"https:\/\/www.paudalho.pe.gov.br\/portal\/wp-json\/wp\/v2\/users\/17"}],"replies":[{"embeddable":true,"href":"https:\/\/www.paudalho.pe.gov.br\/portal\/wp-json\/wp\/v2\/comments?post=35610"}],"version-history":[{"count":1,"href":"https:\/\/www.paudalho.pe.gov.br\/portal\/wp-json\/wp\/v2\/posts\/35610\/revisions"}],"predecessor-version":[{"id":35615,"href":"https:\/\/www.paudalho.pe.gov.br\/portal\/wp-json\/wp\/v2\/posts\/35610\/revisions\/35615"}],"wp:featuredmedia":[{"embeddable":true,"href":"https:\/\/www.paudalho.pe.gov.br\/portal\/wp-json\/wp\/v2\/media\/35614"}],"wp:attachment":[{"href":"https:\/\/www.paudalho.pe.gov.br\/portal\/wp-json\/wp\/v2\/media?parent=35610"}],"wp:term":[{"taxonomy":"category","embeddable":true,"href":"https:\/\/www.paudalho.pe.gov.br\/portal\/wp-json\/wp\/v2\/categories?post=35610"},{"taxonomy":"post_tag","embeddable":true,"href":"https:\/\/www.paudalho.pe.gov.br\/portal\/wp-json\/wp\/v2\/tags?post=35610"}],"curies":[{"name":"wp","href":"https:\/\/api.w.org\/{rel}","templated":true}]}}