{"id":356,"date":"2017-05-24T15:31:28","date_gmt":"2017-05-24T18:31:28","guid":{"rendered":"http:\/\/www.paudalho.pe.gov.br\/portal\/?p=356"},"modified":"2017-05-24T15:36:04","modified_gmt":"2017-05-24T18:36:04","slug":"prefeitura-convida-para-solenidade-de-assinatura-da-ordem-de-servico-do-cmg","status":"publish","type":"post","link":"https:\/\/www.paudalho.pe.gov.br\/portal\/prefeitura-convida-para-solenidade-de-assinatura-da-ordem-de-servico-do-cmg\/","title":{"rendered":"Prefeitura Convida Para Solenidade de Assinatura da Ordem de Servi\u00e7o do CMG"},"content":{"rendered":"<p>Pensando na melhor educa\u00e7\u00e3o do nosso munic\u00edpio, a Prefeitura do Paudalho, convida a popula\u00e7\u00e3o de Guadalajara, para prestigiar a assinatura da ordem de servi\u00e7o para recupera\u00e7\u00e3o e amplia\u00e7\u00e3o do Col\u00e9gio Municipal de Guadalajara. Ser\u00e1 nesta sexta-feira, 26\/05, na Igreja Comunit\u00e1ria, pr\u00f3xima a padaria de Neto, a partir das 10hs.<\/p>\n<p>Cuidando da Educa\u00e7\u00e3o \u00e9 que a Prefeitura de Paudalho vai construindo um novo amanh\u00e3.<\/p>\n","protected":false},"excerpt":{"rendered":"<p>Pensando na melhor educa\u00e7\u00e3o do nosso munic\u00edpio, a Prefeitura do Paudalho, convida a popula\u00e7\u00e3o de Guadalajara, para prestigiar a assinatura da ordem de servi\u00e7o para recupera\u00e7\u00e3o e amplia\u00e7\u00e3o do Col\u00e9gio Municipal de Guadalajara. Ser\u00e1 nesta sexta-feira, 26\/05, na Igreja Comunit\u00e1ria, pr\u00f3xima a padaria de Neto, a partir das 10hs. Cuidando da Educa\u00e7\u00e3o \u00e9 que a [&hellip;]<\/p>\n","protected":false},"author":2,"featured_media":358,"comment_status":"open","ping_status":"open","sticky":false,"template":"","format":"standard","meta":{"_jetpack_newsletter_access":"","_jetpack_dont_email_post_to_subs":false,"_jetpack_newsletter_tier_id":0,"_jetpack_memberships_contains_paywalled_content":false,"_jetpack_memberships_contains_paid_content":false,"footnotes":""},"categories":[32,2,1],"tags":[60,61,50,62],"class_list":["post-356","post","type-post","status-publish","format-standard","has-post-thumbnail","hentry","category-comunicado","category-destaque","category-noticias","tag-cmg-paudalho","tag-colegio-municipal-de-guadalajara","tag-paudalho-2017","tag-reforma-do-cmg-em-paudalho"],"jetpack_featured_media_url":"https:\/\/www.paudalho.pe.gov.br\/portal\/wp-content\/uploads\/2017\/05\/WhatsApp-Image-2017-05-24-at-3.13.30-PM.jpeg","jetpack_sharing_enabled":true,"jetpack_shortlink":"https:\/\/wp.me\/p98mS2-5K","_links":{"self":[{"href":"https:\/\/www.paudalho.pe.gov.br\/portal\/wp-json\/wp\/v2\/posts\/356","targetHints":{"allow":["GET"]}}],"collection":[{"href":"https:\/\/www.paudalho.pe.gov.br\/portal\/wp-json\/wp\/v2\/posts"}],"about":[{"href":"https:\/\/www.paudalho.pe.gov.br\/portal\/wp-json\/wp\/v2\/types\/post"}],"author":[{"embeddable":true,"href":"https:\/\/www.paudalho.pe.gov.br\/portal\/wp-json\/wp\/v2\/users\/2"}],"replies":[{"embeddable":true,"href":"https:\/\/www.paudalho.pe.gov.br\/portal\/wp-json\/wp\/v2\/comments?post=356"}],"version-history":[{"count":1,"href":"https:\/\/www.paudalho.pe.gov.br\/portal\/wp-json\/wp\/v2\/posts\/356\/revisions"}],"predecessor-version":[{"id":357,"href":"https:\/\/www.paudalho.pe.gov.br\/portal\/wp-json\/wp\/v2\/posts\/356\/revisions\/357"}],"wp:featuredmedia":[{"embeddable":true,"href":"https:\/\/www.paudalho.pe.gov.br\/portal\/wp-json\/wp\/v2\/media\/358"}],"wp:attachment":[{"href":"https:\/\/www.paudalho.pe.gov.br\/portal\/wp-json\/wp\/v2\/media?parent=356"}],"wp:term":[{"taxonomy":"category","embeddable":true,"href":"https:\/\/www.paudalho.pe.gov.br\/portal\/wp-json\/wp\/v2\/categories?post=356"},{"taxonomy":"post_tag","embeddable":true,"href":"https:\/\/www.paudalho.pe.gov.br\/portal\/wp-json\/wp\/v2\/tags?post=356"}],"curies":[{"name":"wp","href":"https:\/\/api.w.org\/{rel}","templated":true}]}}