{"id":3557,"date":"2018-08-06T11:01:46","date_gmt":"2018-08-06T14:01:46","guid":{"rendered":"http:\/\/www.paudalho.pe.gov.br\/portal\/?p=3557"},"modified":"2018-08-06T11:07:39","modified_gmt":"2018-08-06T14:07:39","slug":"secretaria-de-saude-realiza-campanha-contra-poliomielite-e-sarampo","status":"publish","type":"post","link":"https:\/\/www.paudalho.pe.gov.br\/portal\/secretaria-de-saude-realiza-campanha-contra-poliomielite-e-sarampo\/","title":{"rendered":"Secretaria de Sa\u00fade realiza campanha contra Poliomielite e Sarampo"},"content":{"rendered":"<p>A sa\u00fade consta no artigo XXV da Declara\u00e7\u00e3o Universal dos Direitos Humanos de 1948. O texto prop\u00f5e que todas as pessoas tenham o direito a um padr\u00e3o de vida capaz de assegurar-lhes a pr\u00f3pria sa\u00fade e bem-estar e tamb\u00e9m e das respectivas fam\u00edlias. A Prefeitura do Paudalho segue comprometida em promover esse direito aos paudalhenses atrav\u00e9s de a\u00e7\u00f5es em toda a cidade.<\/p>\n<p>Exemplo disso, \u00e9 que come\u00e7ou nesta segunda-feira (6) e segue at\u00e9 o dia 31 de agosto a Campanha de Vacina\u00e7\u00e3o Contra a Poliomielite e Sarampo. A a\u00e7\u00e3o \u00e9 voltada para crian\u00e7as que tenho um ano ou menores de cinco, mesmo que j\u00e1 tenho sido vacinadas e vai ocorrer em todas as Unidades B\u00e1sicas de Sa\u00fade (UBS) do Munic\u00edpio com dia D da campanha sendo realizado no dia 18 de agosto. No estado, o objetivo \u00e9 vacinar cerca de 544.180 meninos e meninas, o que representa 95% do total e Paudalho n\u00e3o ficar\u00e1 de fora. \u00c9 necess\u00e1rio que os pais ou respons\u00e1veis levem os filhos aos postos munidos do cart\u00e3o de vacina\u00e7\u00e3o dos pequenos.<\/p>\n<h2>Entendendo as doen\u00e7as<\/h2>\n<p>A poliomielite \u00e9 uma doen\u00e7a infectocontagiosa aguda, causada por um v\u00edrus que vive no intestino, denominado Poliov\u00edrus. Embora ocorra com maior frequ\u00eancia em crian\u00e7as menores de quatro anos, tamb\u00e9m pode ocorrer em adultos. O per\u00edodo de incuba\u00e7\u00e3o da doen\u00e7a varia de dois a trinta dias, sendo, em geral, de sete a doze dias.<\/p>\n<p>A maior parte das infec\u00e7\u00f5es apresenta poucos sintomas e estes s\u00e3o parecidos com os de outras doen\u00e7as virais ou semelhantes \u00e0s infec\u00e7\u00f5es respirat\u00f3rias como gripe, febre e dor de garganta ou infec\u00e7\u00f5es gastrintestinais como n\u00e1usea, v\u00f4mito, dor abdominal e, raramente, diarreia.<\/p>\n<p>J\u00e1 o sarampo \u00e9 tamb\u00e9m uma doen\u00e7a infectocontagiosa causada por um v\u00edrus chamado Morbillivirus. A enfermidade \u00e9 uma das principais respons\u00e1veis pela mortalidade infantil em pa\u00edses subdesenvolvidos. Seus sintomas incluem febre e manchas no corpo, e o tratamento \u00e9 feito para atenuar estes sintomas.<\/p>\n","protected":false},"excerpt":{"rendered":"<p>A sa\u00fade consta no artigo XXV da Declara\u00e7\u00e3o Universal dos Direitos Humanos de 1948. O texto prop\u00f5e que todas as pessoas tenham o direito a um padr\u00e3o de vida capaz de assegurar-lhes a pr\u00f3pria sa\u00fade e bem-estar e tamb\u00e9m e das respectivas fam\u00edlias. A Prefeitura do Paudalho segue comprometida em promover esse direito aos paudalhenses [&hellip;]<\/p>\n","protected":false},"author":4,"featured_media":3558,"comment_status":"open","ping_status":"open","sticky":false,"template":"","format":"standard","meta":{"_jetpack_newsletter_access":"","_jetpack_dont_email_post_to_subs":false,"_jetpack_newsletter_tier_id":0,"_jetpack_memberships_contains_paywalled_content":false,"_jetpack_memberships_contains_paid_content":false,"footnotes":""},"categories":[2,1,3],"tags":[327,16],"class_list":["post-3557","post","type-post","status-publish","format-standard","has-post-thumbnail","hentry","category-destaque","category-noticias","category-saude","tag-campanha","tag-saude"],"jetpack_featured_media_url":"https:\/\/www.paudalho.pe.gov.br\/portal\/wp-content\/uploads\/2018\/08\/vacina-cajamar.jpg","jetpack_sharing_enabled":true,"jetpack_shortlink":"https:\/\/wp.me\/p98mS2-Vn","_links":{"self":[{"href":"https:\/\/www.paudalho.pe.gov.br\/portal\/wp-json\/wp\/v2\/posts\/3557","targetHints":{"allow":["GET"]}}],"collection":[{"href":"https:\/\/www.paudalho.pe.gov.br\/portal\/wp-json\/wp\/v2\/posts"}],"about":[{"href":"https:\/\/www.paudalho.pe.gov.br\/portal\/wp-json\/wp\/v2\/types\/post"}],"author":[{"embeddable":true,"href":"https:\/\/www.paudalho.pe.gov.br\/portal\/wp-json\/wp\/v2\/users\/4"}],"replies":[{"embeddable":true,"href":"https:\/\/www.paudalho.pe.gov.br\/portal\/wp-json\/wp\/v2\/comments?post=3557"}],"version-history":[{"count":6,"href":"https:\/\/www.paudalho.pe.gov.br\/portal\/wp-json\/wp\/v2\/posts\/3557\/revisions"}],"predecessor-version":[{"id":3564,"href":"https:\/\/www.paudalho.pe.gov.br\/portal\/wp-json\/wp\/v2\/posts\/3557\/revisions\/3564"}],"wp:featuredmedia":[{"embeddable":true,"href":"https:\/\/www.paudalho.pe.gov.br\/portal\/wp-json\/wp\/v2\/media\/3558"}],"wp:attachment":[{"href":"https:\/\/www.paudalho.pe.gov.br\/portal\/wp-json\/wp\/v2\/media?parent=3557"}],"wp:term":[{"taxonomy":"category","embeddable":true,"href":"https:\/\/www.paudalho.pe.gov.br\/portal\/wp-json\/wp\/v2\/categories?post=3557"},{"taxonomy":"post_tag","embeddable":true,"href":"https:\/\/www.paudalho.pe.gov.br\/portal\/wp-json\/wp\/v2\/tags?post=3557"}],"curies":[{"name":"wp","href":"https:\/\/api.w.org\/{rel}","templated":true}]}}