{"id":35561,"date":"2025-05-14T21:08:12","date_gmt":"2025-05-15T00:08:12","guid":{"rendered":"https:\/\/www.paudalho.pe.gov.br\/portal\/?p=35561"},"modified":"2025-05-14T21:08:12","modified_gmt":"2025-05-15T00:08:12","slug":"prefeitura-do-paudalho-e-universidade-de-pernambuco-implementam-programa-de-extensao-em-doencas-infecciosas-e-negligenciadas-nas-escolas-municipais","status":"publish","type":"post","link":"https:\/\/www.paudalho.pe.gov.br\/portal\/prefeitura-do-paudalho-e-universidade-de-pernambuco-implementam-programa-de-extensao-em-doencas-infecciosas-e-negligenciadas-nas-escolas-municipais\/","title":{"rendered":"Prefeitura do Paudalho e Universidade de Pernambuco implementam Programa de Extens\u00e3o em Doen\u00e7as Infecciosas e Negligenciadas nas escolas municipais"},"content":{"rendered":"\n<p>A Prefeitura do Paudalho, por meio da Secretaria de Educa\u00e7\u00e3o e Juventude, em parceria com a Universidade de Pernambuco (UPE), deu in\u00edcio \u00e0 implementa\u00e7\u00e3o do Programa de Extens\u00e3o em Doen\u00e7as Infecciosas e Negligenciadas (PEDIN) nas escolas da rede municipal de ensino.<\/p>\n\n\n\n<p>O programa tem como objetivo promover a\u00e7\u00f5es de educa\u00e7\u00e3o em sa\u00fade voltadas para doen\u00e7as tropicais e negligenciadas, por meio de palestras educativas direcionadas a estudantes do Ensino Fundamental. As atividades ser\u00e3o realizadas nos meses de maio e junho em oito escolas municipais, com a proposta de oferecer abordagens did\u00e1ticas, l\u00fadicas e informativas. A iniciativa visa conscientizar os alunos e incentiv\u00e1-los a compartilhar os conhecimentos adquiridos com suas fam\u00edlias e comunidades.<\/p>\n\n\n\n<p>As escolas contempladas at\u00e9 o momento com o programa s\u00e3o:<br>\u2022 Escola Municipal Genilda<br>\u2022 Escola Municipal Eliza Fidelis da Silva<br>\u2022 Escola Municipal Paulo VI<br>\u2022 Escola Municipal Vereador Ananias Costa Macedo<br>\u2022 Escola Municipal Professora Marta Lira<br>\u2022 Escola Municipal Eufr\u00e1sio Campos Gouveia<br>\u2022 Escola Municipal Paulo Eleut\u00e9rio<br>\u2022 Escola Municipal Sinh\u00f4 Bandeira<\/p>\n\n\n\n<p>A parceria entre a Prefeitura do Paudalho e a UPE refor\u00e7a o compromisso com a promo\u00e7\u00e3o da sa\u00fade, o bem-estar e uma educa\u00e7\u00e3o p\u00fablica de qualidade para todos os estudantes da rede municipal.<\/p>\n\n\n\n<figure class=\"wp-block-image size-large\"><img loading=\"lazy\" decoding=\"async\" width=\"800\" height=\"450\" data-attachment-id=\"35562\" data-permalink=\"https:\/\/www.paudalho.pe.gov.br\/portal\/prefeitura-do-paudalho-e-universidade-de-pernambuco-implementam-programa-de-extensao-em-doencas-infecciosas-e-negligenciadas-nas-escolas-municipais\/09298edb-e27b-4ba9-88e9-f71494a781b6-2\/\" data-orig-file=\"https:\/\/www.paudalho.pe.gov.br\/portal\/wp-content\/uploads\/2025\/05\/09298edb-e27b-4ba9-88e9-f71494a781b6-1.jpeg\" data-orig-size=\"1600,1200\" data-comments-opened=\"1\" data-image-meta=\"{&quot;aperture&quot;:&quot;0&quot;,&quot;credit&quot;:&quot;&quot;,&quot;camera&quot;:&quot;&quot;,&quot;caption&quot;:&quot;&quot;,&quot;created_timestamp&quot;:&quot;1747241968&quot;,&quot;copyright&quot;:&quot;&quot;,&quot;focal_length&quot;:&quot;0&quot;,&quot;iso&quot;:&quot;0&quot;,&quot;shutter_speed&quot;:&quot;0&quot;,&quot;title&quot;:&quot;&quot;,&quot;orientation&quot;:&quot;0&quot;}\" data-image-title=\"09298edb-e27b-4ba9-88e9-f71494a781b6\" data-image-description=\"\" data-image-caption=\"\" data-medium-file=\"https:\/\/www.paudalho.pe.gov.br\/portal\/wp-content\/uploads\/2025\/05\/09298edb-e27b-4ba9-88e9-f71494a781b6-1-350x230.jpeg\" data-large-file=\"https:\/\/www.paudalho.pe.gov.br\/portal\/wp-content\/uploads\/2025\/05\/09298edb-e27b-4ba9-88e9-f71494a781b6-1-800x450.jpeg\" src=\"https:\/\/www.paudalho.pe.gov.br\/portal\/wp-content\/uploads\/2025\/05\/09298edb-e27b-4ba9-88e9-f71494a781b6-1-800x450.jpeg\" alt=\"\" class=\"wp-image-35562\"\/><\/figure>\n\n\n\n<figure class=\"wp-block-image size-large\"><img loading=\"lazy\" decoding=\"async\" width=\"800\" height=\"450\" data-attachment-id=\"35563\" data-permalink=\"https:\/\/www.paudalho.pe.gov.br\/portal\/prefeitura-do-paudalho-e-universidade-de-pernambuco-implementam-programa-de-extensao-em-doencas-infecciosas-e-negligenciadas-nas-escolas-municipais\/586189c8-a345-4bdf-8495-25e4cd057266\/\" data-orig-file=\"https:\/\/www.paudalho.pe.gov.br\/portal\/wp-content\/uploads\/2025\/05\/586189c8-a345-4bdf-8495-25e4cd057266.jpeg\" data-orig-size=\"1600,1200\" data-comments-opened=\"1\" data-image-meta=\"{&quot;aperture&quot;:&quot;0&quot;,&quot;credit&quot;:&quot;&quot;,&quot;camera&quot;:&quot;&quot;,&quot;caption&quot;:&quot;&quot;,&quot;created_timestamp&quot;:&quot;1747241967&quot;,&quot;copyright&quot;:&quot;&quot;,&quot;focal_length&quot;:&quot;0&quot;,&quot;iso&quot;:&quot;0&quot;,&quot;shutter_speed&quot;:&quot;0&quot;,&quot;title&quot;:&quot;&quot;,&quot;orientation&quot;:&quot;0&quot;}\" data-image-title=\"586189c8-a345-4bdf-8495-25e4cd057266\" data-image-description=\"\" data-image-caption=\"\" data-medium-file=\"https:\/\/www.paudalho.pe.gov.br\/portal\/wp-content\/uploads\/2025\/05\/586189c8-a345-4bdf-8495-25e4cd057266-350x230.jpeg\" data-large-file=\"https:\/\/www.paudalho.pe.gov.br\/portal\/wp-content\/uploads\/2025\/05\/586189c8-a345-4bdf-8495-25e4cd057266-800x450.jpeg\" src=\"https:\/\/www.paudalho.pe.gov.br\/portal\/wp-content\/uploads\/2025\/05\/586189c8-a345-4bdf-8495-25e4cd057266-800x450.jpeg\" alt=\"\" class=\"wp-image-35563\"\/><\/figure>\n\n\n\n<figure class=\"wp-block-image size-large\"><img loading=\"lazy\" decoding=\"async\" width=\"800\" height=\"450\" data-attachment-id=\"35564\" data-permalink=\"https:\/\/www.paudalho.pe.gov.br\/portal\/prefeitura-do-paudalho-e-universidade-de-pernambuco-implementam-programa-de-extensao-em-doencas-infecciosas-e-negligenciadas-nas-escolas-municipais\/8088ad5c-dce7-4f74-b74d-10a05dfae19d\/\" data-orig-file=\"https:\/\/www.paudalho.pe.gov.br\/portal\/wp-content\/uploads\/2025\/05\/8088ad5c-dce7-4f74-b74d-10a05dfae19d.jpeg\" data-orig-size=\"1600,1200\" data-comments-opened=\"1\" data-image-meta=\"{&quot;aperture&quot;:&quot;0&quot;,&quot;credit&quot;:&quot;&quot;,&quot;camera&quot;:&quot;&quot;,&quot;caption&quot;:&quot;&quot;,&quot;created_timestamp&quot;:&quot;1747241965&quot;,&quot;copyright&quot;:&quot;&quot;,&quot;focal_length&quot;:&quot;0&quot;,&quot;iso&quot;:&quot;0&quot;,&quot;shutter_speed&quot;:&quot;0&quot;,&quot;title&quot;:&quot;&quot;,&quot;orientation&quot;:&quot;0&quot;}\" data-image-title=\"8088ad5c-dce7-4f74-b74d-10a05dfae19d\" data-image-description=\"\" data-image-caption=\"\" data-medium-file=\"https:\/\/www.paudalho.pe.gov.br\/portal\/wp-content\/uploads\/2025\/05\/8088ad5c-dce7-4f74-b74d-10a05dfae19d-350x230.jpeg\" data-large-file=\"https:\/\/www.paudalho.pe.gov.br\/portal\/wp-content\/uploads\/2025\/05\/8088ad5c-dce7-4f74-b74d-10a05dfae19d-800x450.jpeg\" src=\"https:\/\/www.paudalho.pe.gov.br\/portal\/wp-content\/uploads\/2025\/05\/8088ad5c-dce7-4f74-b74d-10a05dfae19d-800x450.jpeg\" alt=\"\" class=\"wp-image-35564\"\/><\/figure>\n","protected":false},"excerpt":{"rendered":"<p>A Prefeitura do Paudalho, por meio da Secretaria de Educa\u00e7\u00e3o e Juventude, em parceria com a Universidade de Pernambuco (UPE), deu in\u00edcio \u00e0 implementa\u00e7\u00e3o do Programa de Extens\u00e3o em Doen\u00e7as Infecciosas e Negligenciadas (PEDIN) nas escolas da rede municipal de ensino. O programa tem como objetivo promover a\u00e7\u00f5es de educa\u00e7\u00e3o em sa\u00fade voltadas para doen\u00e7as [&hellip;]<\/p>\n","protected":false},"author":17,"featured_media":35565,"comment_status":"open","ping_status":"open","sticky":false,"template":"","format":"standard","meta":{"_jetpack_newsletter_access":"","_jetpack_dont_email_post_to_subs":false,"_jetpack_newsletter_tier_id":0,"_jetpack_memberships_contains_paywalled_content":false,"_jetpack_memberships_contains_paid_content":false,"footnotes":""},"categories":[2,520,1],"tags":[],"class_list":["post-35561","post","type-post","status-publish","format-standard","has-post-thumbnail","hentry","category-destaque","category-educacao-2","category-noticias"],"jetpack_featured_media_url":"https:\/\/www.paudalho.pe.gov.br\/portal\/wp-content\/uploads\/2025\/05\/db7a28f8-0cb6-41a2-89f9-cec74a714246.jpeg","jetpack_sharing_enabled":true,"jetpack_shortlink":"https:\/\/wp.me\/p98mS2-9fz","_links":{"self":[{"href":"https:\/\/www.paudalho.pe.gov.br\/portal\/wp-json\/wp\/v2\/posts\/35561","targetHints":{"allow":["GET"]}}],"collection":[{"href":"https:\/\/www.paudalho.pe.gov.br\/portal\/wp-json\/wp\/v2\/posts"}],"about":[{"href":"https:\/\/www.paudalho.pe.gov.br\/portal\/wp-json\/wp\/v2\/types\/post"}],"author":[{"embeddable":true,"href":"https:\/\/www.paudalho.pe.gov.br\/portal\/wp-json\/wp\/v2\/users\/17"}],"replies":[{"embeddable":true,"href":"https:\/\/www.paudalho.pe.gov.br\/portal\/wp-json\/wp\/v2\/comments?post=35561"}],"version-history":[{"count":1,"href":"https:\/\/www.paudalho.pe.gov.br\/portal\/wp-json\/wp\/v2\/posts\/35561\/revisions"}],"predecessor-version":[{"id":35566,"href":"https:\/\/www.paudalho.pe.gov.br\/portal\/wp-json\/wp\/v2\/posts\/35561\/revisions\/35566"}],"wp:featuredmedia":[{"embeddable":true,"href":"https:\/\/www.paudalho.pe.gov.br\/portal\/wp-json\/wp\/v2\/media\/35565"}],"wp:attachment":[{"href":"https:\/\/www.paudalho.pe.gov.br\/portal\/wp-json\/wp\/v2\/media?parent=35561"}],"wp:term":[{"taxonomy":"category","embeddable":true,"href":"https:\/\/www.paudalho.pe.gov.br\/portal\/wp-json\/wp\/v2\/categories?post=35561"},{"taxonomy":"post_tag","embeddable":true,"href":"https:\/\/www.paudalho.pe.gov.br\/portal\/wp-json\/wp\/v2\/tags?post=35561"}],"curies":[{"name":"wp","href":"https:\/\/api.w.org\/{rel}","templated":true}]}}